{"id":7963,"date":"2021-08-27T16:34:43","date_gmt":"2021-08-27T19:34:43","guid":{"rendered":"https:\/\/radiorevelacionfm.cl\/?p=7963"},"modified":"2021-08-27T16:34:43","modified_gmt":"2021-08-27T19:34:43","slug":"apoderados-contentos-con-entrega-de-computadores-del-gobierno-a-los-estudiantes","status":"publish","type":"post","link":"https:\/\/radiorevelacionfm.cl\/?p=7963","title":{"rendered":"Apoderados contentos con entrega de computadores del gobierno a los estudiantes"},"content":{"rendered":"<div class=\"flex_column av_one_full  flex_column_div av-zero-column-padding first  avia-builder-el-0  el_before_av_one_full  avia-builder-el-first  \" style='border-radius:0px; '><div  class='avia-image-container  av-styling-    avia-builder-el-1  avia-builder-el-no-sibling  avia-align-center '  itemprop=\"image\" itemscope=\"itemscope\" itemtype=\"https:\/\/schema.org\/ImageObject\"  ><div class='avia-image-container-inner'><div class='avia-image-overlay-wrap'><img decoding=\"async\" class='wp-image-7964 avia-img-lazy-loading-not-7964 avia_image' src=\"https:\/\/radiorevelacionfm.cl\/wp-content\/uploads\/2021\/08\/entrega-pc-0-1_optimized.jpg\" alt='' title='entrega-pc-0-(1)_optimized' height=\"600\" width=\"1333\"  itemprop=\"thumbnailUrl\" srcset=\"https:\/\/radiorevelacionfm.cl\/wp-content\/uploads\/2021\/08\/entrega-pc-0-1_optimized.jpg 1333w, https:\/\/radiorevelacionfm.cl\/wp-content\/uploads\/2021\/08\/entrega-pc-0-1_optimized-300x135.jpg 300w, https:\/\/radiorevelacionfm.cl\/wp-content\/uploads\/2021\/08\/entrega-pc-0-1_optimized-1030x464.jpg 1030w, https:\/\/radiorevelacionfm.cl\/wp-content\/uploads\/2021\/08\/entrega-pc-0-1_optimized-768x346.jpg 768w, https:\/\/radiorevelacionfm.cl\/wp-content\/uploads\/2021\/08\/entrega-pc-0-1_optimized-705x317.jpg 705w, https:\/\/radiorevelacionfm.cl\/wp-content\/uploads\/2021\/08\/entrega-pc-0-1_optimized-600x270.jpg 600w\" sizes=\"(max-width: 1333px) 100vw, 1333px\" \/><\/div><\/div><\/div><\/div><div class=\"flex_column av_one_full  flex_column_div av-zero-column-padding first  avia-builder-el-2  el_after_av_one_full  el_before_av_one_full  column-top-margin\" style='border-radius:0px; '><section class=\"av_textblock_section \"  itemscope=\"itemscope\" itemtype=\"https:\/\/schema.org\/BlogPosting\" itemprop=\"blogPost\" ><div class='avia_textblock  '   itemprop=\"text\" ><p style=\"text-align: center;\"><span style=\"font-size: 18pt;\"><strong>Apoderados contentos con entrega de computadores del gobierno a los estudiantes<\/strong><\/span><\/p>\n<div id=\"gtx-trans\" style=\"position: absolute; left: -50px; top: 4.31534px;\">\n<div class=\"gtx-trans-icon\"><\/div>\n<\/div>\n<\/div><\/section><\/div><div class=\"flex_column av_one_full  flex_column_div av-zero-column-padding first  avia-builder-el-4  el_after_av_one_full  el_before_av_hr  column-top-margin\" style='border-radius:0px; '><section class=\"av_textblock_section \"  itemscope=\"itemscope\" itemtype=\"https:\/\/schema.org\/BlogPosting\" itemprop=\"blogPost\" ><div class='avia_textblock  '   itemprop=\"text\" ><p style=\"text-align: justify;\">En el Polideportivo 21 de abril se realiz\u00f3 la entrega de computadores.<\/p>\n<p style=\"text-align: justify;\">Durante la ma\u00f1ana de este viernes 27 de agosto y como estaba comprometido comenz\u00f3 la entrega de un computador (notebook) con softwares, informaci\u00f3n o contenido digitalizado y conectividad a Internet. Su objetivo es contribuir al logro de objetivos de aprendizajes de estudiantes en la educaci\u00f3n escolar.<\/p>\n<p style=\"text-align: justify;\">El Delegado Presidencial Provincial Manuel Ortiz junto al Seremi de Educaci\u00f3n Sergio Becerra tuvieron la oportunidad de interactuar con apoderados y alumnos que recib\u00edan muy contentos este material tecnol\u00f3gico-educativo, la autoridad de educaci\u00f3n en la regi\u00f3n se refer\u00eda al inicio de este proceso \u201cmuy contentos de estar aqu\u00ed en Puerto Ays\u00e9n vemos como los apoderados han ido llegando muy temprano a recibir estos equipos, son m\u00e1s de 400 equipos que se entregan en la provincia y aqu\u00ed en la comuna de Ays\u00e9n son 227, hemos escuchado la opini\u00f3n de los apoderados quienes est\u00e1n muy contentos por la entrega de estos equipos, m\u00e1s aun que el gobierno ha privilegiado las regiones extremas y dentro de estos esta la comuna y provincia de Ays\u00e9n\u201d.<\/p>\n<p style=\"text-align: justify;\">Yoselin Sep\u00falveda apoderada del colegio Gabriela Mistral entregaba buenas impresiones con la recepci\u00f3n de este beneficio del gobierno \u201cyo lo encuentro genial porque ahora como estamos todos tecnol\u00f3gicos le hac\u00eda falta porque todas las materias y conectarse es primordial, as\u00ed que lo encuentro muy bueno, porque dice que tiene programa y vamos a ver ahora que tal funciona\u201d.<\/p>\n<p style=\"text-align: justify;\">En tanto Magaly Soto apoderada del Liceo Ra\u00fal Broussain Campino comentaba que su hijo esperaba con ansias esta herramienta educativa \u201clo esperaba hace tiempo, est\u00e1 feliz con esto se le arreglar\u00e1 bastante el problema que tenia de conexi\u00f3n porque ahora podr\u00e1 realizar sus tareas f\u00e1cilmente\u201d.<\/p>\n<p style=\"text-align: justify;\">Finalmente el DPP Ays\u00e9n Manuel Ortiz una vez que entregara junto al Seremi de Educaci\u00f3n computadores se\u00f1alaba \u201chemos conversado con los padres y apoderados, hemos conversado con los alumnos y por supuesto la felicidad es indescriptible porque es un sue\u00f1o tener un equipo propio m\u00e1s aun con las caracter\u00edsticas de los equipos que entrega nuestro gobierno\u201d.<\/p>\n<\/div><\/section><\/div><div  style='height:50px' class='hr hr-invisible   avia-builder-el-6  el_after_av_one_full  el_before_av_social_share '><span class='hr-inner ' ><span class='hr-inner-style'><\/span><\/span><\/div><\/p>\n<div  class='av-social-sharing-box  avia-builder-el-7  el_after_av_hr  el_before_av_hr  '><div class='av-share-box'><h5 class='av-share-link-description av-no-toc '>Compartir esta noticia<\/h5><ul class='av-share-box-list noLightbox'><li class='av-share-link av-social-link-facebook' ><a target=\"_blank\" aria-label=\"Compartir en Facebook\" href='https:\/\/www.facebook.com\/sharer.php?u=https:\/\/radiorevelacionfm.cl\/?p=7963&#038;t=Apoderados%20contentos%20con%20entrega%20de%20computadores%20del%20gobierno%20a%20los%20estudiantes' aria-hidden='false' data-av_icon='\ue8f3' data-av_iconfont='entypo-fontello' title='' data-avia-related-tooltip='Compartir en Facebook' rel=\"noopener\"><span class='avia_hidden_link_text'>Compartir en Facebook<\/span><\/a><\/li><li class='av-share-link av-social-link-twitter' ><a target=\"_blank\" aria-label=\"Compartir en Twitter\" href='https:\/\/twitter.com\/share?text=Apoderados%20contentos%20con%20entrega%20de%20computadores%20del%20gobierno%20a%20los%20estudiantes&#038;url=https:\/\/radiorevelacionfm.cl\/?p=7963' aria-hidden='false' data-av_icon='\ue8f1' data-av_iconfont='entypo-fontello' title='' data-avia-related-tooltip='Compartir en Twitter' rel=\"noopener\"><span class='avia_hidden_link_text'>Compartir en Twitter<\/span><\/a><\/li><li class='av-share-link av-social-link-whatsapp' ><a target=\"_blank\" aria-label=\"Compartir en Whatsapp\" href='https:\/\/api.whatsapp.com\/send?text=https:\/\/radiorevelacionfm.cl\/?p=7963' aria-hidden='false' data-av_icon='\uf232' data-av_iconfont='entypo-fontello' title='' data-avia-related-tooltip='Compartir en Whatsapp' rel=\"noopener\"><span class='avia_hidden_link_text'>Compartir en Whatsapp<\/span><\/a><\/li><li class='av-share-link av-social-link-linkedin' ><a target=\"_blank\" aria-label=\"Compartir en LinkedIn\" href='https:\/\/linkedin.com\/shareArticle?mini=true&#038;title=Apoderados%20contentos%20con%20entrega%20de%20computadores%20del%20gobierno%20a%20los%20estudiantes&#038;url=https:\/\/radiorevelacionfm.cl\/?p=7963' aria-hidden='false' data-av_icon='\ue8fc' data-av_iconfont='entypo-fontello' title='' data-avia-related-tooltip='Compartir en LinkedIn' rel=\"noopener\"><span class='avia_hidden_link_text'>Compartir en LinkedIn<\/span><\/a><\/li><li class='av-share-link av-social-link-mail' ><a  aria-label=\"Compartir por correo\" href='mailto:?subject=Apoderados%20contentos%20con%20entrega%20de%20computadores%20del%20gobierno%20a%20los%20estudiantes&#038;body=https:\/\/radiorevelacionfm.cl\/?p=7963' aria-hidden='false' data-av_icon='\ue805' data-av_iconfont='entypo-fontello' title='' data-avia-related-tooltip='Compartir por correo'><span class='avia_hidden_link_text'>Compartir por correo<\/span><\/a><\/li><\/ul><\/div><\/div>\n<div  style='height:50px' class='hr hr-invisible   avia-builder-el-8  el_after_av_social_share  el_before_av_comments_list '><span class='hr-inner ' ><span class='hr-inner-style'><\/span><\/span><\/div>\n<div  class='av-buildercomment  av-blog-meta-html-info-disabled av-blog-meta-tag-disabled  '><\/div>\n","protected":false},"excerpt":{"rendered":"","protected":false},"author":1,"featured_media":7964,"comment_status":"open","ping_status":"open","sticky":false,"template":"","format":"standard","meta":{"footnotes":""},"categories":[38],"tags":[],"class_list":["post-7963","post","type-post","status-publish","format-standard","has-post-thumbnail","hentry","category-regional"],"jetpack_featured_media_url":"https:\/\/radiorevelacionfm.cl\/wp-content\/uploads\/2021\/08\/entrega-pc-0-1_optimized.jpg","_links":{"self":[{"href":"https:\/\/radiorevelacionfm.cl\/index.php?rest_route=\/wp\/v2\/posts\/7963","targetHints":{"allow":["GET"]}}],"collection":[{"href":"https:\/\/radiorevelacionfm.cl\/index.php?rest_route=\/wp\/v2\/posts"}],"about":[{"href":"https:\/\/radiorevelacionfm.cl\/index.php?rest_route=\/wp\/v2\/types\/post"}],"author":[{"embeddable":true,"href":"https:\/\/radiorevelacionfm.cl\/index.php?rest_route=\/wp\/v2\/users\/1"}],"replies":[{"embeddable":true,"href":"https:\/\/radiorevelacionfm.cl\/index.php?rest_route=%2Fwp%2Fv2%2Fcomments&post=7963"}],"version-history":[{"count":1,"href":"https:\/\/radiorevelacionfm.cl\/index.php?rest_route=\/wp\/v2\/posts\/7963\/revisions"}],"predecessor-version":[{"id":7965,"href":"https:\/\/radiorevelacionfm.cl\/index.php?rest_route=\/wp\/v2\/posts\/7963\/revisions\/7965"}],"wp:featuredmedia":[{"embeddable":true,"href":"https:\/\/radiorevelacionfm.cl\/index.php?rest_route=\/wp\/v2\/media\/7964"}],"wp:attachment":[{"href":"https:\/\/radiorevelacionfm.cl\/index.php?rest_route=%2Fwp%2Fv2%2Fmedia&parent=7963"}],"wp:term":[{"taxonomy":"category","embeddable":true,"href":"https:\/\/radiorevelacionfm.cl\/index.php?rest_route=%2Fwp%2Fv2%2Fcategories&post=7963"},{"taxonomy":"post_tag","embeddable":true,"href":"https:\/\/radiorevelacionfm.cl\/index.php?rest_route=%2Fwp%2Fv2%2Ftags&post=7963"}],"curies":[{"name":"wp","href":"https:\/\/api.w.org\/{rel}","templated":true}]}}