{"id":7960,"date":"2021-08-27T12:47:41","date_gmt":"2021-08-27T15:47:41","guid":{"rendered":"https:\/\/radiorevelacionfm.cl\/?p=7960"},"modified":"2021-08-27T17:57:54","modified_gmt":"2021-08-27T20:57:54","slug":"contraloria-determina-que-despido-de-trabajador-municipal-de-chile-chico-no-se-ajusta-derecho-y-ordena-su-reincorporacion","status":"publish","type":"post","link":"https:\/\/radiorevelacionfm.cl\/?p=7960","title":{"rendered":"Contralor\u00eda determina que despido de trabajador municipal de Chile Chico no se ajusta derecho y ordena su reincorporaci\u00f3n"},"content":{"rendered":"<div class=\"flex_column av_one_full  flex_column_div av-zero-column-padding first  avia-builder-el-0  el_before_av_one_full  avia-builder-el-first  \" style='border-radius:0px; '><div  class='avia-image-container  av-styling-    avia-builder-el-1  avia-builder-el-no-sibling  avia-align-center '  itemprop=\"image\" itemscope=\"itemscope\" itemtype=\"https:\/\/schema.org\/ImageObject\"  ><div class='avia-image-container-inner'><div class='avia-image-overlay-wrap'><img decoding=\"async\" class='wp-image-7961 avia-img-lazy-loading-not-7961 avia_image' src=\"https:\/\/radiorevelacionfm.cl\/wp-content\/uploads\/2021\/08\/ALVARO-0-1-1.jpg\" alt='' title='ALVARO 0 (1) (1)' height=\"600\" width=\"681\"  itemprop=\"thumbnailUrl\" srcset=\"https:\/\/radiorevelacionfm.cl\/wp-content\/uploads\/2021\/08\/ALVARO-0-1-1.jpg 681w, https:\/\/radiorevelacionfm.cl\/wp-content\/uploads\/2021\/08\/ALVARO-0-1-1-300x264.jpg 300w, https:\/\/radiorevelacionfm.cl\/wp-content\/uploads\/2021\/08\/ALVARO-0-1-1-600x529.jpg 600w\" sizes=\"(max-width: 681px) 100vw, 681px\" \/><\/div><\/div><\/div><\/div><div class=\"flex_column av_one_full  flex_column_div av-zero-column-padding first  avia-builder-el-2  el_after_av_one_full  el_before_av_one_full  column-top-margin\" style='border-radius:0px; '><section class=\"av_textblock_section \"  itemscope=\"itemscope\" itemtype=\"https:\/\/schema.org\/BlogPosting\" itemprop=\"blogPost\" ><div class='avia_textblock  '   itemprop=\"text\" ><p style=\"text-align: center;\"><strong><span style=\"font-size: 18pt;\">Contralor\u00eda determina que despido de trabajador municipal de Chile Chico no se ajusta derecho y ordena su reincorporaci\u00f3n<\/span><\/strong><\/p>\n<div id=\"gtx-trans\" style=\"position: absolute; left: -50px; top: 4.31534px;\">\n<div class=\"gtx-trans-icon\"><\/div>\n<\/div>\n<\/div><\/section><\/div><div class=\"flex_column av_one_full  flex_column_div av-zero-column-padding first  avia-builder-el-4  el_after_av_one_full  el_before_av_hr  column-top-margin\" style='border-radius:0px; '><section class=\"av_textblock_section \"  itemscope=\"itemscope\" itemtype=\"https:\/\/schema.org\/BlogPosting\" itemprop=\"blogPost\" ><div class='avia_textblock  '   itemprop=\"text\" ><p style=\"text-align: justify;\">El Alcalde de la comuna de Chille Chico, Luperciano Mu\u00f1oz Gonz\u00e1lez, est\u00e1 enfrentando un claro rev\u00e9s a una de las decisiones adoptadas cuando asumi\u00f3 el cargo a fines del mes de julio, espec\u00edficamente en la desvinculaci\u00f3n del trabajador y encargado de adquisiciones de la escuela b\u00e1sica de la ciudad del sol, \u00c1lvaro Vel\u00e1squez Tempple, quien fue despedido por el edil bajo el art\u00edculo 161 del C\u00f3digo del Trabajo, que se\u00f1ala necesidad de la empresa, lo que seg\u00fan Contralor\u00eda \u201cno se ajusta a derecho\u201d.<\/p>\n<p style=\"text-align: justify;\">\u201cAfortunadamente me hice el tiempo, hice la presentaci\u00f3n en tiempo y forma en la Contralor\u00eda y me acaban de contestar v\u00eda correo electr\u00f3nico que, desde el 1 de enero del a\u00f1o 2019 no resulta aplicable para ning\u00fan asistente de la educaci\u00f3n que trabaje bajo el alero de alguna Municipalidad, no resulta aplicable la desvinculaci\u00f3n del art\u00edculo 161 del C\u00f3digo del Trabajo que es por necesidades de la empresa. Eso lo expusimos, se lo dijimos en su momento a sus asesores m\u00e1s cercanos del Alcalde, yo esper\u00e9 que reaccionara, al parecer el hombre pens\u00f3 que yo no iba a volver, que me iba a aburrir, pero gracias a Dios se hizo justicia y eso es lo que me han contestado a partir del d\u00eda de hoy desde la Contralor\u00eda, lo que me tiene muy contento y tambi\u00e9n marca un precedente para todos los asistentes de la educaci\u00f3n del pa\u00eds\u201d, manifest\u00f3 el trabajador.<\/p>\n<p style=\"text-align: justify;\">\u00c1lvaro Vel\u00e1squez, dijo tambi\u00e9n que el dictamen de Contralor\u00eda ordena su reincorporaci\u00f3n y la cancelaci\u00f3n de su remuneraci\u00f3n por todo el tiempo que estuvo fuera de su labor.<\/p>\n<p style=\"text-align: justify;\">\u201cObviamente me tienen que reincorporar, no habla de plazo, pero si est\u00e1 establecido en el oficio de que de la Municipalidad de Chile Chico debe adoptar las medidas necesarias para dejar sin efecto mi desvinculaci\u00f3n y reincorporarme a mis funciones, pagarme en un acto administrativo todo el tiempo que yo estuve fuera separado de mis funciones y adem\u00e1s respetar mi contrato en las mismas condiciones que estaba el \u00faltimo contrato que yo tuve. Tampoco puede pasar que me empiecen a mover para todos lados como est\u00e1 acostumbrado a hacerlo este caballero con otras personas, porque empieza a jugar con los puestos de trabajo, cosa que la gente se aburra, uno termina renunciando, pero eso ya ser\u00eda materia de un menoscabo laboral\u201d.<\/p>\n<p style=\"text-align: justify;\">Con esta determinaci\u00f3n de Contralor\u00eda, solo queda aplicar y \u00c1lvaro Vel\u00e1squez cree que Alcalde Mu\u00f1oz no va a pasar toda su gesti\u00f3n en demandas, ya que en su caso el fin es hacer su trabajo en bien de la educaci\u00f3n p\u00fablica de Chile Chico y en particular de la escuela.<\/p>\n<p style=\"text-align: justify;\">\u201cNo creo que el (alcalde) quiera que nos pasemos toda su administraci\u00f3n a punta de demandas, sino que, sea consecuente con su discurso de dejar trabajar a la gente tranquila. As\u00ed es que, ojala que ande todo en paz, yo no voy a volver a la Municipalidad a ser amigo de \u00e9l, yo quiero hacer mi trabajo, yo quiero cumplir mi pega. Soy un comprador publico acreditado en compras, con m\u00e1s de 12 a\u00f1os de experiencia en adquisiciones, lo \u00fanico que hago es hacer mi trabajo y me toque trabajar bajo su administraci\u00f3n o cualquier otra, finalmente lo que yo hago es trabajar para que producto de aquello se beneficie la educaci\u00f3n de un ni\u00f1o, que es lo que m\u00e1s importa\u201d, indic\u00f3 el trabajador.<\/p>\n<\/div><\/section><\/div><div  style='height:50px' class='hr hr-invisible   avia-builder-el-6  el_after_av_one_full  el_before_av_social_share '><span class='hr-inner ' ><span class='hr-inner-style'><\/span><\/span><\/div><\/p>\n<div  class='av-social-sharing-box  avia-builder-el-7  el_after_av_hr  el_before_av_hr  '><div class='av-share-box'><h5 class='av-share-link-description av-no-toc '>Compartir esta noticia<\/h5><ul class='av-share-box-list noLightbox'><li class='av-share-link av-social-link-facebook' ><a target=\"_blank\" aria-label=\"Compartir en Facebook\" href='https:\/\/www.facebook.com\/sharer.php?u=https:\/\/radiorevelacionfm.cl\/?p=7960&#038;t=Contralor%C3%ADa%20determina%20que%20despido%20de%20trabajador%20municipal%20de%20Chile%20Chico%20no%20se%20ajusta%20derecho%20y%20ordena%20su%20reincorporaci%C3%B3n' aria-hidden='false' data-av_icon='\ue8f3' data-av_iconfont='entypo-fontello' title='' data-avia-related-tooltip='Compartir en Facebook' rel=\"noopener\"><span class='avia_hidden_link_text'>Compartir en Facebook<\/span><\/a><\/li><li class='av-share-link av-social-link-twitter' ><a target=\"_blank\" aria-label=\"Compartir en Twitter\" href='https:\/\/twitter.com\/share?text=Contralor%C3%ADa%20determina%20que%20despido%20de%20trabajador%20municipal%20de%20Chile%20Chico%20no%20se%20ajusta%20derecho%20y%20ordena%20su%20reincorporaci%C3%B3n&#038;url=https:\/\/radiorevelacionfm.cl\/?p=7960' aria-hidden='false' data-av_icon='\ue8f1' data-av_iconfont='entypo-fontello' title='' data-avia-related-tooltip='Compartir en Twitter' rel=\"noopener\"><span class='avia_hidden_link_text'>Compartir en Twitter<\/span><\/a><\/li><li class='av-share-link av-social-link-whatsapp' ><a target=\"_blank\" aria-label=\"Compartir en Whatsapp\" href='https:\/\/api.whatsapp.com\/send?text=https:\/\/radiorevelacionfm.cl\/?p=7960' aria-hidden='false' data-av_icon='\uf232' data-av_iconfont='entypo-fontello' title='' data-avia-related-tooltip='Compartir en Whatsapp' rel=\"noopener\"><span class='avia_hidden_link_text'>Compartir en Whatsapp<\/span><\/a><\/li><li class='av-share-link av-social-link-linkedin' ><a target=\"_blank\" aria-label=\"Compartir en LinkedIn\" href='https:\/\/linkedin.com\/shareArticle?mini=true&#038;title=Contralor%C3%ADa%20determina%20que%20despido%20de%20trabajador%20municipal%20de%20Chile%20Chico%20no%20se%20ajusta%20derecho%20y%20ordena%20su%20reincorporaci%C3%B3n&#038;url=https:\/\/radiorevelacionfm.cl\/?p=7960' aria-hidden='false' data-av_icon='\ue8fc' data-av_iconfont='entypo-fontello' title='' data-avia-related-tooltip='Compartir en LinkedIn' rel=\"noopener\"><span class='avia_hidden_link_text'>Compartir en LinkedIn<\/span><\/a><\/li><li class='av-share-link av-social-link-mail' ><a  aria-label=\"Compartir por correo\" href='mailto:?subject=Contralor%C3%ADa%20determina%20que%20despido%20de%20trabajador%20municipal%20de%20Chile%20Chico%20no%20se%20ajusta%20derecho%20y%20ordena%20su%20reincorporaci%C3%B3n&#038;body=https:\/\/radiorevelacionfm.cl\/?p=7960' aria-hidden='false' data-av_icon='\ue805' data-av_iconfont='entypo-fontello' title='' data-avia-related-tooltip='Compartir por correo'><span class='avia_hidden_link_text'>Compartir por correo<\/span><\/a><\/li><\/ul><\/div><\/div>\n<div  style='height:50px' class='hr hr-invisible   avia-builder-el-8  el_after_av_social_share  el_before_av_comments_list '><span class='hr-inner ' ><span class='hr-inner-style'><\/span><\/span><\/div>\n<div  class='av-buildercomment  av-blog-meta-html-info-disabled av-blog-meta-tag-disabled  '><\/div>\n","protected":false},"excerpt":{"rendered":"","protected":false},"author":1,"featured_media":7978,"comment_status":"open","ping_status":"open","sticky":false,"template":"","format":"standard","meta":{"footnotes":""},"categories":[38],"tags":[],"class_list":["post-7960","post","type-post","status-publish","format-standard","has-post-thumbnail","hentry","category-regional"],"jetpack_featured_media_url":"https:\/\/radiorevelacionfm.cl\/wp-content\/uploads\/2021\/08\/ALVARO-0-2-1.jpg","_links":{"self":[{"href":"https:\/\/radiorevelacionfm.cl\/index.php?rest_route=\/wp\/v2\/posts\/7960","targetHints":{"allow":["GET"]}}],"collection":[{"href":"https:\/\/radiorevelacionfm.cl\/index.php?rest_route=\/wp\/v2\/posts"}],"about":[{"href":"https:\/\/radiorevelacionfm.cl\/index.php?rest_route=\/wp\/v2\/types\/post"}],"author":[{"embeddable":true,"href":"https:\/\/radiorevelacionfm.cl\/index.php?rest_route=\/wp\/v2\/users\/1"}],"replies":[{"embeddable":true,"href":"https:\/\/radiorevelacionfm.cl\/index.php?rest_route=%2Fwp%2Fv2%2Fcomments&post=7960"}],"version-history":[{"count":1,"href":"https:\/\/radiorevelacionfm.cl\/index.php?rest_route=\/wp\/v2\/posts\/7960\/revisions"}],"predecessor-version":[{"id":7962,"href":"https:\/\/radiorevelacionfm.cl\/index.php?rest_route=\/wp\/v2\/posts\/7960\/revisions\/7962"}],"wp:featuredmedia":[{"embeddable":true,"href":"https:\/\/radiorevelacionfm.cl\/index.php?rest_route=\/wp\/v2\/media\/7978"}],"wp:attachment":[{"href":"https:\/\/radiorevelacionfm.cl\/index.php?rest_route=%2Fwp%2Fv2%2Fmedia&parent=7960"}],"wp:term":[{"taxonomy":"category","embeddable":true,"href":"https:\/\/radiorevelacionfm.cl\/index.php?rest_route=%2Fwp%2Fv2%2Fcategories&post=7960"},{"taxonomy":"post_tag","embeddable":true,"href":"https:\/\/radiorevelacionfm.cl\/index.php?rest_route=%2Fwp%2Fv2%2Ftags&post=7960"}],"curies":[{"name":"wp","href":"https:\/\/api.w.org\/{rel}","templated":true}]}}