{"id":7953,"date":"2021-08-27T12:08:36","date_gmt":"2021-08-27T15:08:36","guid":{"rendered":"https:\/\/radiorevelacionfm.cl\/?p=7953"},"modified":"2021-08-27T12:08:36","modified_gmt":"2021-08-27T15:08:36","slug":"gremios-y-representantes-de-docentes-y-asistentes-de-la-educacion-en-aysen-exponen-sus-inquietudes-a-gestora-territorial-del-slep","status":"publish","type":"post","link":"https:\/\/radiorevelacionfm.cl\/?p=7953","title":{"rendered":"Gremios y representantes de docentes y asistentes de la educaci\u00f3n en Ays\u00e9n exponen sus inquietudes a gestora territorial del SLEP"},"content":{"rendered":"<div class=\"flex_column av_one_full  flex_column_div av-zero-column-padding first  avia-builder-el-0  el_before_av_one_full  avia-builder-el-first  \" style='border-radius:0px; '><div  class='avia-image-container  av-styling-    avia-builder-el-1  avia-builder-el-no-sibling  avia-align-center '  itemprop=\"image\" itemscope=\"itemscope\" itemtype=\"https:\/\/schema.org\/ImageObject\"  ><div class='avia-image-container-inner'><div class='avia-image-overlay-wrap'><img decoding=\"async\" class='wp-image-7954 avia-img-lazy-loading-not-7954 avia_image' src=\"https:\/\/radiorevelacionfm.cl\/wp-content\/uploads\/2021\/08\/img_reunion1-1_optimized.jpg\" alt='' title='img_reunion1-(1)_optimized' height=\"600\" width=\"1074\"  itemprop=\"thumbnailUrl\" srcset=\"https:\/\/radiorevelacionfm.cl\/wp-content\/uploads\/2021\/08\/img_reunion1-1_optimized.jpg 1074w, https:\/\/radiorevelacionfm.cl\/wp-content\/uploads\/2021\/08\/img_reunion1-1_optimized-300x168.jpg 300w, https:\/\/radiorevelacionfm.cl\/wp-content\/uploads\/2021\/08\/img_reunion1-1_optimized-1030x575.jpg 1030w, https:\/\/radiorevelacionfm.cl\/wp-content\/uploads\/2021\/08\/img_reunion1-1_optimized-768x429.jpg 768w, https:\/\/radiorevelacionfm.cl\/wp-content\/uploads\/2021\/08\/img_reunion1-1_optimized-705x394.jpg 705w, https:\/\/radiorevelacionfm.cl\/wp-content\/uploads\/2021\/08\/img_reunion1-1_optimized-600x335.jpg 600w\" sizes=\"(max-width: 1074px) 100vw, 1074px\" \/><\/div><\/div><\/div><\/div><div class=\"flex_column av_one_full  flex_column_div av-zero-column-padding first  avia-builder-el-2  el_after_av_one_full  el_before_av_one_full  column-top-margin\" style='border-radius:0px; '><section class=\"av_textblock_section \"  itemscope=\"itemscope\" itemtype=\"https:\/\/schema.org\/BlogPosting\" itemprop=\"blogPost\" ><div class='avia_textblock  '   itemprop=\"text\" ><p style=\"text-align: center;\"><span style=\"font-size: 18pt;\"><strong>Gremios y representantes de docentes y asistentes de la educaci\u00f3n en Ays\u00e9n exponen sus inquietudes a gestora territorial del SLEP<\/strong><\/span><\/p>\n<div id=\"gtx-trans\" style=\"position: absolute; left: -50px; top: 4.31534px;\">\n<div class=\"gtx-trans-icon\"><\/div>\n<\/div>\n<\/div><\/section><\/div><div class=\"flex_column av_one_full  flex_column_div av-zero-column-padding first  avia-builder-el-4  el_after_av_one_full  el_before_av_hr  column-top-margin\" style='border-radius:0px; '><section class=\"av_textblock_section \"  itemscope=\"itemscope\" itemtype=\"https:\/\/schema.org\/BlogPosting\" itemprop=\"blogPost\" ><div class='avia_textblock  '   itemprop=\"text\" ><p style=\"text-align: justify;\">Con el fin de informar, despejar dudas existentes, as\u00ed como reunir las inquietudes m\u00e1s recurrentes por parte de los funcionarios de la educaci\u00f3n de cara a buscar las respuestas exactas, este jueves arrib\u00f3 hasta Puerto Ays\u00e9n la gestora territorial de la Divisi\u00f3n de Implementaci\u00f3n de los Servicios Locales de Educaci\u00f3n P\u00fablica, SLEP, Jeannette Allende junto a la abogada territorial del organismo, Loreto Araya.<\/p>\n<p style=\"text-align: justify;\">De esta manera, en el recinto Polideportivo 21 de Abril de la capital comunal se dieron cita, en primera instancia, los asistentes de la educaci\u00f3n de los diversos establecimientos educacionales que conforman el sistema municipalizado de la comuna, en que la representante regional de los SLEP expuso los principales puntos de este proceso, que viene realiz\u00e1ndose en la regi\u00f3n y que significar\u00e1 que las escuelas sean traspasadas al estado y convertidas en organismos p\u00fablicos.<\/p>\n<p style=\"text-align: justify;\">Tras la exposici\u00f3n, en que estuvo presente el director (S) de la Direcci\u00f3n de Educaci\u00f3n Municipal, Freddy Moraga, quien fuese enf\u00e1tico el solicitar esta instancia de car\u00e1cter abierta para resolver inquietudes, se dio paso a las consultas por parte de los asistentes.<\/p>\n<p style=\"text-align: justify;\">Posteriormente, la instancia se repiti\u00f3 con los docentes, quienes fueron representados por sus gremios, y quienes agradecieron la presencia de Allende And\u00eda en terreno, que le permiti\u00f3 conocer los requerimientos espec\u00edficos de la comuna para buscar las respuestas a las dudas.<\/p>\n<p style=\"text-align: justify;\">\u201cYo entiendo que las personas, tanto asistentes como docentes, tienen muchas consultas de este proceso y se entiende porque es un traspaso complejo que requiere mucha informaci\u00f3n, por lo que debemos ir generando este acercamiento de manera gradual. Ya en esta primera instancia obviamente hay muchas preguntas que nosotros no podemos responder porque hay muchas situaciones que van a depender de cuando est\u00e9 nombrado el director ejecutivo\u201d, indic\u00f3 la gestora territorial. Agregando que \u201cnuestra tarea como \u00f3rgano t\u00e9cnico es explicar los lineamientos generales respecto a c\u00f3mo se va a implementar el servicio, asegurarles, tanto a docentes como asistentes, que ellos pasan manteniendo sus condiciones laborales, que est\u00e1n protegidos por ley, que es una gran duda que ellos tienen. En segunda instancia, obviamente quieren tener respuestas sobre si se van a mantener en la dotaci\u00f3n, c\u00f3mo se van a gestionar los recursos, pero esas son tareas que el director ejecutivo cuando sea nombrado en el mes de marzo, tendr\u00e1 y podr\u00e1 entregar con claridad a todas las personas\u201d.<\/p>\n<p style=\"text-align: justify;\">Respecto al proceso que ha significado informar a los funcionarios de la educaci\u00f3n sobre el traspaso que se est\u00e1 efectuando en la regi\u00f3n, la profesional manifest\u00f3 que \u201cen principio recorriendo la regi\u00f3n, hemos sido muy bien acogidos. Es muy relevante que podamos en terreno ver la realidad del territorio para poder transmitirle al director ejecutivo los requerimientos y las caracter\u00edsticas que son propias de cada sector. Desde el d\u00eda uno que partimos con las diez comunas, y particularmente con Ays\u00e9n y Coyhaique, que son las comunas m\u00e1s grandes, hemos hecho un trabajo sumamente colaborativo, nos hemos convertido en un equipo de trabajo, siempre resguardando lo m\u00e1s importante, que la informaci\u00f3n se traspase de buena manera. Desde el alcalde hacia abajo hay una empat\u00eda con esta ley, y hay una \u00fanica inquietud que es que este traspaso se realice de la manera m\u00e1s completa, correcta y limpia para resguardar los derechos de los docentes y tambi\u00e9n los ni\u00f1os. Que cuenten con los recursos, que se le de una buena continuidad al servicio educativo y ojal\u00e1 pueda mejorar, que es la idea\u201d.<\/p>\n<p style=\"text-align: justify;\">Por su parte, el director (S) DEM, Freddy Moraga, agradeci\u00f3 la instancia que genera un puente entre los funcionarios y el servicio local de educaci\u00f3n p\u00fablica y que acerca la informaci\u00f3n de una manera directa. \u201cMe quedo con un balance s\u00faper positivo de estas reuniones, porque es un acercamiento real. Si bien es cierto llevamos un a\u00f1o y medio con el proceso de traspaso, y es obviamente en este contexto donde la gente involucrada -el asistente, el administrativo, el docente-, puede hacer sus consultas y conocer qui\u00e9n es o qui\u00e9nes son las personas que est\u00e1n detr\u00e1s haciendo esta gesti\u00f3n. Creo que es s\u00faper importante que ambas partes se puedan reunir y esclarecer dudas\u201d, finaliz\u00f3.<\/p>\n<\/div><\/section><\/div><div  style='height:50px' class='hr hr-invisible   avia-builder-el-6  el_after_av_one_full  el_before_av_social_share '><span class='hr-inner ' ><span class='hr-inner-style'><\/span><\/span><\/div><\/p>\n<div  class='av-social-sharing-box  avia-builder-el-7  el_after_av_hr  el_before_av_hr  '><div class='av-share-box'><h5 class='av-share-link-description av-no-toc '>Compartir esta noticia<\/h5><ul class='av-share-box-list noLightbox'><li class='av-share-link av-social-link-facebook' ><a target=\"_blank\" aria-label=\"Compartir en Facebook\" href='https:\/\/www.facebook.com\/sharer.php?u=https:\/\/radiorevelacionfm.cl\/?p=7953&#038;t=Gremios%20y%20representantes%20de%20docentes%20y%20asistentes%20de%20la%20educaci%C3%B3n%20en%20Ays%C3%A9n%20exponen%20sus%20inquietudes%20a%20gestora%20territorial%20del%20SLEP' aria-hidden='false' data-av_icon='\ue8f3' data-av_iconfont='entypo-fontello' title='' data-avia-related-tooltip='Compartir en Facebook' rel=\"noopener\"><span class='avia_hidden_link_text'>Compartir en Facebook<\/span><\/a><\/li><li class='av-share-link av-social-link-twitter' ><a target=\"_blank\" aria-label=\"Compartir en Twitter\" href='https:\/\/twitter.com\/share?text=Gremios%20y%20representantes%20de%20docentes%20y%20asistentes%20de%20la%20educaci%C3%B3n%20en%20Ays%C3%A9n%20exponen%20sus%20inquietudes%20a%20gestora%20territorial%20del%20SLEP&#038;url=https:\/\/radiorevelacionfm.cl\/?p=7953' aria-hidden='false' data-av_icon='\ue8f1' data-av_iconfont='entypo-fontello' title='' data-avia-related-tooltip='Compartir en Twitter' rel=\"noopener\"><span class='avia_hidden_link_text'>Compartir en Twitter<\/span><\/a><\/li><li class='av-share-link av-social-link-whatsapp' ><a target=\"_blank\" aria-label=\"Compartir en Whatsapp\" href='https:\/\/api.whatsapp.com\/send?text=https:\/\/radiorevelacionfm.cl\/?p=7953' aria-hidden='false' data-av_icon='\uf232' data-av_iconfont='entypo-fontello' title='' data-avia-related-tooltip='Compartir en Whatsapp' rel=\"noopener\"><span class='avia_hidden_link_text'>Compartir en Whatsapp<\/span><\/a><\/li><li class='av-share-link av-social-link-linkedin' ><a target=\"_blank\" aria-label=\"Compartir en LinkedIn\" href='https:\/\/linkedin.com\/shareArticle?mini=true&#038;title=Gremios%20y%20representantes%20de%20docentes%20y%20asistentes%20de%20la%20educaci%C3%B3n%20en%20Ays%C3%A9n%20exponen%20sus%20inquietudes%20a%20gestora%20territorial%20del%20SLEP&#038;url=https:\/\/radiorevelacionfm.cl\/?p=7953' aria-hidden='false' data-av_icon='\ue8fc' data-av_iconfont='entypo-fontello' title='' data-avia-related-tooltip='Compartir en LinkedIn' rel=\"noopener\"><span class='avia_hidden_link_text'>Compartir en LinkedIn<\/span><\/a><\/li><li class='av-share-link av-social-link-mail' ><a  aria-label=\"Compartir por correo\" href='mailto:?subject=Gremios%20y%20representantes%20de%20docentes%20y%20asistentes%20de%20la%20educaci%C3%B3n%20en%20Ays%C3%A9n%20exponen%20sus%20inquietudes%20a%20gestora%20territorial%20del%20SLEP&#038;body=https:\/\/radiorevelacionfm.cl\/?p=7953' aria-hidden='false' data-av_icon='\ue805' data-av_iconfont='entypo-fontello' title='' data-avia-related-tooltip='Compartir por correo'><span class='avia_hidden_link_text'>Compartir por correo<\/span><\/a><\/li><\/ul><\/div><\/div>\n<div  style='height:50px' class='hr hr-invisible   avia-builder-el-8  el_after_av_social_share  el_before_av_comments_list '><span class='hr-inner ' ><span class='hr-inner-style'><\/span><\/span><\/div>\n<div  class='av-buildercomment  av-blog-meta-html-info-disabled av-blog-meta-tag-disabled  '><\/div>\n","protected":false},"excerpt":{"rendered":"","protected":false},"author":1,"featured_media":7954,"comment_status":"open","ping_status":"open","sticky":false,"template":"","format":"standard","meta":{"footnotes":""},"categories":[49],"tags":[],"class_list":["post-7953","post","type-post","status-publish","format-standard","has-post-thumbnail","hentry","category-educacion"],"jetpack_featured_media_url":"https:\/\/radiorevelacionfm.cl\/wp-content\/uploads\/2021\/08\/img_reunion1-1_optimized.jpg","_links":{"self":[{"href":"https:\/\/radiorevelacionfm.cl\/index.php?rest_route=\/wp\/v2\/posts\/7953","targetHints":{"allow":["GET"]}}],"collection":[{"href":"https:\/\/radiorevelacionfm.cl\/index.php?rest_route=\/wp\/v2\/posts"}],"about":[{"href":"https:\/\/radiorevelacionfm.cl\/index.php?rest_route=\/wp\/v2\/types\/post"}],"author":[{"embeddable":true,"href":"https:\/\/radiorevelacionfm.cl\/index.php?rest_route=\/wp\/v2\/users\/1"}],"replies":[{"embeddable":true,"href":"https:\/\/radiorevelacionfm.cl\/index.php?rest_route=%2Fwp%2Fv2%2Fcomments&post=7953"}],"version-history":[{"count":1,"href":"https:\/\/radiorevelacionfm.cl\/index.php?rest_route=\/wp\/v2\/posts\/7953\/revisions"}],"predecessor-version":[{"id":7955,"href":"https:\/\/radiorevelacionfm.cl\/index.php?rest_route=\/wp\/v2\/posts\/7953\/revisions\/7955"}],"wp:featuredmedia":[{"embeddable":true,"href":"https:\/\/radiorevelacionfm.cl\/index.php?rest_route=\/wp\/v2\/media\/7954"}],"wp:attachment":[{"href":"https:\/\/radiorevelacionfm.cl\/index.php?rest_route=%2Fwp%2Fv2%2Fmedia&parent=7953"}],"wp:term":[{"taxonomy":"category","embeddable":true,"href":"https:\/\/radiorevelacionfm.cl\/index.php?rest_route=%2Fwp%2Fv2%2Fcategories&post=7953"},{"taxonomy":"post_tag","embeddable":true,"href":"https:\/\/radiorevelacionfm.cl\/index.php?rest_route=%2Fwp%2Fv2%2Ftags&post=7953"}],"curies":[{"name":"wp","href":"https:\/\/api.w.org\/{rel}","templated":true}]}}