{"id":7948,"date":"2021-08-27T11:10:26","date_gmt":"2021-08-27T14:10:26","guid":{"rendered":"https:\/\/radiorevelacionfm.cl\/?p=7948"},"modified":"2021-08-27T11:10:26","modified_gmt":"2021-08-27T14:10:26","slug":"delegada-presidencial-de-aysen-encabeza-la-primera-constitucion-de-mesa-del-cogrid","status":"publish","type":"post","link":"https:\/\/radiorevelacionfm.cl\/?p=7948","title":{"rendered":"Delegada Presidencial de Ays\u00e9n encabeza la primera constituci\u00f3n de mesa del COGRID"},"content":{"rendered":"<div class=\"flex_column av_one_full  flex_column_div av-zero-column-padding first  avia-builder-el-0  el_before_av_one_full  avia-builder-el-first  \" style='border-radius:0px; '><div  class='avia-image-container  av-styling-    avia-builder-el-1  avia-builder-el-no-sibling  avia-align-center '  itemprop=\"image\" itemscope=\"itemscope\" itemtype=\"https:\/\/schema.org\/ImageObject\"  ><div class='avia-image-container-inner'><div class='avia-image-overlay-wrap'><img decoding=\"async\" class='wp-image-7949 avia-img-lazy-loading-not-7949 avia_image' src=\"https:\/\/radiorevelacionfm.cl\/wp-content\/uploads\/2021\/08\/FOTO-primera-mesa-cogrid-1-1.jpeg\" alt='' title='FOTO primera mesa cogrid (1) (1)' height=\"600\" width=\"1064\"  itemprop=\"thumbnailUrl\" srcset=\"https:\/\/radiorevelacionfm.cl\/wp-content\/uploads\/2021\/08\/FOTO-primera-mesa-cogrid-1-1.jpeg 1064w, https:\/\/radiorevelacionfm.cl\/wp-content\/uploads\/2021\/08\/FOTO-primera-mesa-cogrid-1-1-300x169.jpeg 300w, https:\/\/radiorevelacionfm.cl\/wp-content\/uploads\/2021\/08\/FOTO-primera-mesa-cogrid-1-1-1030x581.jpeg 1030w, https:\/\/radiorevelacionfm.cl\/wp-content\/uploads\/2021\/08\/FOTO-primera-mesa-cogrid-1-1-768x433.jpeg 768w, https:\/\/radiorevelacionfm.cl\/wp-content\/uploads\/2021\/08\/FOTO-primera-mesa-cogrid-1-1-705x398.jpeg 705w, https:\/\/radiorevelacionfm.cl\/wp-content\/uploads\/2021\/08\/FOTO-primera-mesa-cogrid-1-1-600x338.jpeg 600w\" sizes=\"(max-width: 1064px) 100vw, 1064px\" \/><\/div><\/div><\/div><\/div><div class=\"flex_column av_one_full  flex_column_div av-zero-column-padding first  avia-builder-el-2  el_after_av_one_full  el_before_av_one_full  column-top-margin\" style='border-radius:0px; '><section class=\"av_textblock_section \"  itemscope=\"itemscope\" itemtype=\"https:\/\/schema.org\/BlogPosting\" itemprop=\"blogPost\" ><div class='avia_textblock  '   itemprop=\"text\" ><p style=\"font-weight: 400; text-align: center;\"><span style=\"font-size: 18pt;\"><strong>Delegada Presidencial de Ays\u00e9n encabeza la primera constituci\u00f3n de mesa del COGRID<\/strong><\/span><\/p>\n<div id=\"gtx-trans\" style=\"position: absolute; left: -50px; top: 4.31534px;\">\n<div class=\"gtx-trans-icon\"><\/div>\n<\/div>\n<\/div><\/section><\/div><div class=\"flex_column av_one_full  flex_column_div av-zero-column-padding first  avia-builder-el-4  el_after_av_one_full  el_before_av_hr  column-top-margin\" style='border-radius:0px; '><section class=\"av_textblock_section \"  itemscope=\"itemscope\" itemtype=\"https:\/\/schema.org\/BlogPosting\" itemprop=\"blogPost\" ><div class='avia_textblock  '   itemprop=\"text\" ><p style=\"font-weight: 400; text-align: justify;\">Hasta las dependencias de la Oficina Nacional de Emergencia (Onemi) de Coyhaique, la Delegada Presidencial de Ays\u00e9n, Margarita Ossa, asisti\u00f3 \u2013este jueves- para encabezar la primera constituci\u00f3n de mesa del Comit\u00e9 para la Gesti\u00f3n del Riesgo de Desastres (COGRID) del nuevo Sistema Nacional de Prevenci\u00f3n y Respuesta ante Desastres (SINAPRED), el cual tambi\u00e9n forma parte la Gobernadora Regional, Ej\u00e9rcito, Polic\u00eda de Investigaciones (PDI), Carabineros, Bomberos, Conaf y las Secretar\u00edas Regionales Ministeriales.<\/p>\n<p style=\"font-weight: 400; text-align: justify;\">\u201cEsta ley va a mejorar las condiciones de vida de los habitantes de un pa\u00eds tan riesgoso como el nuestro, desde el punto de vista s\u00edsmico, volc\u00e1nico e incluso mar\u00edtimo. Adem\u00e1s, hoy no podemos seguir pensando y concibiendo la gesti\u00f3n del riesgo a trav\u00e9s de las voluntades, tiene que haber una supervisi\u00f3n, una fiscalizaci\u00f3n, una estructura, una\u00a0\u00a0gesti\u00f3n, organizaci\u00f3n y an\u00e1lisis, sobre todo lo \u00faltimo para contemplar una buena mitigaci\u00f3n de riesgo; es la l\u00f3gica de la ley promulgada por el Presidente Sebasti\u00e1n Pi\u00f1era\u201d,\u00a0enfatiz\u00f3 la Delegada Presidencial.<\/p>\n<p style=\"font-weight: 400; text-align: justify;\">El\u00a0director regional de Onemi, Sidi Bravo,\u00a0explic\u00f3 que en un a\u00f1o m\u00e1s \u2013a trav\u00e9s de un Decreto con Fuerza de Ley\u2013 se crear\u00e1 el Servicio Nacional de Prevenci\u00f3n y Respuesta ante Desastres (SENAPRED), donde la Oficina Nacional de Emergencia pasar\u00e1 a formar parte de \u00e9sta institucionalidad.\u00a0\u201cLa ley es vinculante, ya deja de ser de voluntades como era antiguamente el Sistema Nacional de Protecci\u00f3n Civil, sino que es vinculante para todos los servicios p\u00fablicos y entidades asociadas al sistema de prevenci\u00f3n y respuesta ante desastres para poder realizar los planes de gestiones de reducci\u00f3n de riesgo y desastres\u201d,\u00a0explic\u00f3.<\/p>\n<p style=\"font-weight: 400; text-align: justify;\">Adem\u00e1s, Bravo asever\u00f3 que\u00a0\u201cesto es tan importante porque marca tambi\u00e9n la parte de la prevenci\u00f3n, en la preparaci\u00f3n y mitigaci\u00f3n, que antes estaba m\u00e1s vinculada en la respuesta\u201d.<\/p>\n<p style=\"font-weight: 400; text-align: justify;\">Cabe destacar que en este primer Comit\u00e9 para la Gesti\u00f3n del Riesgo de Desastre, el director regional de Onemi capacit\u00f3 a las autoridades presentes en la Ley 21.364 que establece el Sistema Nacional de Prevenci\u00f3n y Respuesta ante Desastres.<\/p>\n<\/div><\/section><\/div><div  style='height:50px' class='hr hr-invisible   avia-builder-el-6  el_after_av_one_full  el_before_av_social_share '><span class='hr-inner ' ><span class='hr-inner-style'><\/span><\/span><\/div><\/p>\n<div  class='av-social-sharing-box  avia-builder-el-7  el_after_av_hr  el_before_av_hr  '><div class='av-share-box'><h5 class='av-share-link-description av-no-toc '>Compartir esta noticia<\/h5><ul class='av-share-box-list noLightbox'><li class='av-share-link av-social-link-facebook' ><a target=\"_blank\" aria-label=\"Compartir en Facebook\" href='https:\/\/www.facebook.com\/sharer.php?u=https:\/\/radiorevelacionfm.cl\/?p=7948&#038;t=Delegada%20Presidencial%20de%20Ays%C3%A9n%20encabeza%20la%20primera%20constituci%C3%B3n%20de%20mesa%20del%20COGRID' aria-hidden='false' data-av_icon='\ue8f3' data-av_iconfont='entypo-fontello' title='' data-avia-related-tooltip='Compartir en Facebook' rel=\"noopener\"><span class='avia_hidden_link_text'>Compartir en Facebook<\/span><\/a><\/li><li class='av-share-link av-social-link-twitter' ><a target=\"_blank\" aria-label=\"Compartir en Twitter\" href='https:\/\/twitter.com\/share?text=Delegada%20Presidencial%20de%20Ays%C3%A9n%20encabeza%20la%20primera%20constituci%C3%B3n%20de%20mesa%20del%20COGRID&#038;url=https:\/\/radiorevelacionfm.cl\/?p=7948' aria-hidden='false' data-av_icon='\ue8f1' data-av_iconfont='entypo-fontello' title='' data-avia-related-tooltip='Compartir en Twitter' rel=\"noopener\"><span class='avia_hidden_link_text'>Compartir en Twitter<\/span><\/a><\/li><li class='av-share-link av-social-link-whatsapp' ><a target=\"_blank\" aria-label=\"Compartir en Whatsapp\" href='https:\/\/api.whatsapp.com\/send?text=https:\/\/radiorevelacionfm.cl\/?p=7948' aria-hidden='false' data-av_icon='\uf232' data-av_iconfont='entypo-fontello' title='' data-avia-related-tooltip='Compartir en Whatsapp' rel=\"noopener\"><span class='avia_hidden_link_text'>Compartir en Whatsapp<\/span><\/a><\/li><li class='av-share-link av-social-link-linkedin' ><a target=\"_blank\" aria-label=\"Compartir en LinkedIn\" href='https:\/\/linkedin.com\/shareArticle?mini=true&#038;title=Delegada%20Presidencial%20de%20Ays%C3%A9n%20encabeza%20la%20primera%20constituci%C3%B3n%20de%20mesa%20del%20COGRID&#038;url=https:\/\/radiorevelacionfm.cl\/?p=7948' aria-hidden='false' data-av_icon='\ue8fc' data-av_iconfont='entypo-fontello' title='' data-avia-related-tooltip='Compartir en LinkedIn' rel=\"noopener\"><span class='avia_hidden_link_text'>Compartir en LinkedIn<\/span><\/a><\/li><li class='av-share-link av-social-link-mail' ><a  aria-label=\"Compartir por correo\" href='mailto:?subject=Delegada%20Presidencial%20de%20Ays%C3%A9n%20encabeza%20la%20primera%20constituci%C3%B3n%20de%20mesa%20del%20COGRID&#038;body=https:\/\/radiorevelacionfm.cl\/?p=7948' aria-hidden='false' data-av_icon='\ue805' data-av_iconfont='entypo-fontello' title='' data-avia-related-tooltip='Compartir por correo'><span class='avia_hidden_link_text'>Compartir por correo<\/span><\/a><\/li><\/ul><\/div><\/div>\n<div  style='height:50px' class='hr hr-invisible   avia-builder-el-8  el_after_av_social_share  el_before_av_comments_list '><span class='hr-inner ' ><span class='hr-inner-style'><\/span><\/span><\/div>\n<div  class='av-buildercomment  av-blog-meta-html-info-disabled av-blog-meta-tag-disabled  '><\/div>\n","protected":false},"excerpt":{"rendered":"","protected":false},"author":1,"featured_media":7949,"comment_status":"open","ping_status":"open","sticky":false,"template":"","format":"standard","meta":{"footnotes":""},"categories":[38],"tags":[],"class_list":["post-7948","post","type-post","status-publish","format-standard","has-post-thumbnail","hentry","category-regional"],"jetpack_featured_media_url":"https:\/\/radiorevelacionfm.cl\/wp-content\/uploads\/2021\/08\/FOTO-primera-mesa-cogrid-1-1.jpeg","_links":{"self":[{"href":"https:\/\/radiorevelacionfm.cl\/index.php?rest_route=\/wp\/v2\/posts\/7948","targetHints":{"allow":["GET"]}}],"collection":[{"href":"https:\/\/radiorevelacionfm.cl\/index.php?rest_route=\/wp\/v2\/posts"}],"about":[{"href":"https:\/\/radiorevelacionfm.cl\/index.php?rest_route=\/wp\/v2\/types\/post"}],"author":[{"embeddable":true,"href":"https:\/\/radiorevelacionfm.cl\/index.php?rest_route=\/wp\/v2\/users\/1"}],"replies":[{"embeddable":true,"href":"https:\/\/radiorevelacionfm.cl\/index.php?rest_route=%2Fwp%2Fv2%2Fcomments&post=7948"}],"version-history":[{"count":1,"href":"https:\/\/radiorevelacionfm.cl\/index.php?rest_route=\/wp\/v2\/posts\/7948\/revisions"}],"predecessor-version":[{"id":7950,"href":"https:\/\/radiorevelacionfm.cl\/index.php?rest_route=\/wp\/v2\/posts\/7948\/revisions\/7950"}],"wp:featuredmedia":[{"embeddable":true,"href":"https:\/\/radiorevelacionfm.cl\/index.php?rest_route=\/wp\/v2\/media\/7949"}],"wp:attachment":[{"href":"https:\/\/radiorevelacionfm.cl\/index.php?rest_route=%2Fwp%2Fv2%2Fmedia&parent=7948"}],"wp:term":[{"taxonomy":"category","embeddable":true,"href":"https:\/\/radiorevelacionfm.cl\/index.php?rest_route=%2Fwp%2Fv2%2Fcategories&post=7948"},{"taxonomy":"post_tag","embeddable":true,"href":"https:\/\/radiorevelacionfm.cl\/index.php?rest_route=%2Fwp%2Fv2%2Ftags&post=7948"}],"curies":[{"name":"wp","href":"https:\/\/api.w.org\/{rel}","templated":true}]}}