{"id":7943,"date":"2021-08-27T10:50:01","date_gmt":"2021-08-27T13:50:01","guid":{"rendered":"https:\/\/radiorevelacionfm.cl\/?p=7943"},"modified":"2021-08-27T10:50:01","modified_gmt":"2021-08-27T13:50:01","slug":"sandoval-llama-a-empresas-dedicadas-a-la-actividad-acuicola-a-tener-una-profunda-y-total-vinculacion-con-el-medio-en-el-cual-se-estan-desarrollando","status":"publish","type":"post","link":"https:\/\/radiorevelacionfm.cl\/?p=7943","title":{"rendered":"Sandoval llama a empresas dedicadas a la actividad acu\u00edcola a \u201ctener una profunda y total vinculaci\u00f3n con el medio en el cual se est\u00e1n desarrollando\u201d"},"content":{"rendered":"<div class=\"flex_column av_one_full  flex_column_div av-zero-column-padding first  avia-builder-el-0  el_before_av_one_full  avia-builder-el-first  \" style='border-radius:0px; '><div  class='avia-image-container  av-styling-    avia-builder-el-1  avia-builder-el-no-sibling  avia-align-center '  itemprop=\"image\" itemscope=\"itemscope\" itemtype=\"https:\/\/schema.org\/ImageObject\"  ><div class='avia-image-container-inner'><div class='avia-image-overlay-wrap'><img decoding=\"async\" class='wp-image-7945 avia-img-lazy-loading-not-7945 avia_image' src=\"https:\/\/radiorevelacionfm.cl\/wp-content\/uploads\/2021\/08\/SENADOR-SANDOVAL-1-1-1.jpeg\" alt='' title='SENADOR SANDOVAL (1) (1) (1)' height=\"600\" width=\"893\"  itemprop=\"thumbnailUrl\" srcset=\"https:\/\/radiorevelacionfm.cl\/wp-content\/uploads\/2021\/08\/SENADOR-SANDOVAL-1-1-1.jpeg 893w, https:\/\/radiorevelacionfm.cl\/wp-content\/uploads\/2021\/08\/SENADOR-SANDOVAL-1-1-1-300x202.jpeg 300w, https:\/\/radiorevelacionfm.cl\/wp-content\/uploads\/2021\/08\/SENADOR-SANDOVAL-1-1-1-768x516.jpeg 768w, https:\/\/radiorevelacionfm.cl\/wp-content\/uploads\/2021\/08\/SENADOR-SANDOVAL-1-1-1-705x474.jpeg 705w, https:\/\/radiorevelacionfm.cl\/wp-content\/uploads\/2021\/08\/SENADOR-SANDOVAL-1-1-1-600x403.jpeg 600w\" sizes=\"(max-width: 893px) 100vw, 893px\" \/><\/div><\/div><\/div><\/div><div class=\"flex_column av_one_full  flex_column_div av-zero-column-padding first  avia-builder-el-2  el_after_av_one_full  el_before_av_one_full  column-top-margin\" style='border-radius:0px; '><section class=\"av_textblock_section \"  itemscope=\"itemscope\" itemtype=\"https:\/\/schema.org\/BlogPosting\" itemprop=\"blogPost\" ><div class='avia_textblock  '   itemprop=\"text\" ><p style=\"text-align: center;\"><span style=\"font-size: 18pt;\"><strong>Sandoval llama a empresas dedicadas a la actividad acu\u00edcola a \u201ctener una profunda y total vinculaci\u00f3n con el medio en el cual se est\u00e1n desarrollando\u201d<\/strong><\/span><\/p>\n<div id=\"gtx-trans\" style=\"position: absolute; left: -50px; top: 4.31534px;\">\n<div class=\"gtx-trans-icon\"><\/div>\n<\/div>\n<\/div><\/section><\/div><div class=\"flex_column av_one_full  flex_column_div av-zero-column-padding first  avia-builder-el-4  el_after_av_one_full  el_before_av_hr  column-top-margin\" style='border-radius:0px; '><section class=\"av_textblock_section \"  itemscope=\"itemscope\" itemtype=\"https:\/\/schema.org\/BlogPosting\" itemprop=\"blogPost\" ><div class='avia_textblock  '   itemprop=\"text\" ><p style=\"text-align: justify;\">Esta semana se aprob\u00f3 en la Sala del Senado el proyecto de ley que apunta a perfeccionar la norma que busca mejorar las condiciones de habitabilidad de las naves que prestan servicios a la acuicultura.<\/p>\n<p style=\"text-align: justify;\">Durante el debate, el senador David Sandoval, destac\u00f3 la importancia de esta iniciativa, la que dijo \u201ctiene un enorme sentido, especialmente en zonas donde la acuicultura constituye una actividad relevante\u201d, agregando que por ejemplo la salmoniculutra se ha transformado en la segunda actividad m\u00e1s importante en nuestro pa\u00eds, despu\u00e9s del cobre.<\/p>\n<p style=\"text-align: justify;\">El proyecto, explic\u00f3 el parlamentario, cuenta con tres art\u00edculos permanentes, estableciendo entre otras cosas, qu\u00e9 se entiende por embarcaci\u00f3n menor prestadora de servicio a la acuicultura. \u201c(La iniciativa) persigue establecer y corregir uno de los grandes problemas que tiene la actividad del mar, pues muchas de estas naves carecen de las condiciones b\u00e1sicas m\u00ednimas de seguridad laboral, considerando los servicios que prestan\u201d, puntualiz\u00f3.<\/p>\n<p style=\"text-align: justify;\">Asimismo, dijo que ahora el debate se centrar\u00e1 en la discusi\u00f3n particular del proyecto, donde se esperan introducir los cambios que sean necesarios para dar absoluto y total resguardo en dos \u00e1mbitos esenciales: la habitabilidad y la actualizaci\u00f3n del concepto de cubicaci\u00f3n de una nave. \u201cEsperamos incorporar todos los ajustes y modificaciones, para hacernos parte de las inquietudes que esto pudiera haber presentado\u201d, indic\u00f3.<\/p>\n<p style=\"text-align: justify;\">En esa l\u00ednea, se\u00f1al\u00f3 que \u201cla Directemar tiene una definici\u00f3n de nave menor y mayor y en funci\u00f3n de eso establece niveles de tripulaci\u00f3n. No queremos que, a trav\u00e9s de una norma de esta naturaleza, se cambie a trav\u00e9s del uso de una interpretaci\u00f3n errada de la norma. Por eso, en las indicaciones seremos muy espec\u00edficos para aclarar ese concepto\u201d.<\/p>\n<p style=\"text-align: justify;\">\u201cEsto no apunta en ninguna medida a cambiar el esfuerzo pesquero que tiene que hacer la embarcaci\u00f3n, sino que est\u00e1 sola y exclusivamente pensado para mejorar las condiciones de habitabilidad, algo tan relevante para permitir la labor de los trabajadores con todas las condiciones adecuadas\u201d, agreg\u00f3, se\u00f1alando que incluso con la propia exigencia de la incorporaci\u00f3n de la mujer a este tipo de servicios, se \u201cest\u00e1 obligando a realizar estos cambios\u201d.<\/p>\n<p style=\"text-align: justify;\"><strong>Llamado a la industria<\/strong><\/p>\n<p style=\"text-align: justify;\">Por otra parte, el senador Sandoval hizo un llamado a las empresas que se dedican a la actividad acu\u00edcola a \u201ctener una profunda y total vinculaci\u00f3n con el medio en el cual se est\u00e1n desarrollando\u201d.<\/p>\n<p style=\"text-align: justify;\">Y esto, pues considera fundamental que se cambie el hecho de que hoy estas naves funcionan a trav\u00e9s de una modalidad de llamado, donde los prestadores de servicios no cuentan con contratos con la industria. \u201cNo es l\u00f3gico que se tenga en la informalidad a estos prestadores, pues muchos de ellos son peque\u00f1os y medianos empresarios que se dedican a trasladar alimentos, personal, etc. A trav\u00e9s de este mecanismo de llamado un armador no sabe si ma\u00f1ana tendr\u00e1 trabajo\u201d, precis\u00f3 finalmente.<\/p>\n<\/div><\/section><\/div><div  style='height:50px' class='hr hr-invisible   avia-builder-el-6  el_after_av_one_full  el_before_av_social_share '><span class='hr-inner ' ><span class='hr-inner-style'><\/span><\/span><\/div><\/p>\n<div  class='av-social-sharing-box  avia-builder-el-7  el_after_av_hr  el_before_av_hr  '><div class='av-share-box'><h5 class='av-share-link-description av-no-toc '>Compartir esta noticia<\/h5><ul class='av-share-box-list noLightbox'><li class='av-share-link av-social-link-facebook' ><a target=\"_blank\" aria-label=\"Compartir en Facebook\" href='https:\/\/www.facebook.com\/sharer.php?u=https:\/\/radiorevelacionfm.cl\/?p=7943&#038;t=Sandoval%20llama%20a%20empresas%20dedicadas%20a%20la%20actividad%20acu%C3%ADcola%20a%20%E2%80%9Ctener%20una%20profunda%20y%20total%20vinculaci%C3%B3n%20con%20el%20medio%20en%20el%20cual%20se%20est%C3%A1n%20desarrollando%E2%80%9D' aria-hidden='false' data-av_icon='\ue8f3' data-av_iconfont='entypo-fontello' title='' data-avia-related-tooltip='Compartir en Facebook' rel=\"noopener\"><span class='avia_hidden_link_text'>Compartir en Facebook<\/span><\/a><\/li><li class='av-share-link av-social-link-twitter' ><a target=\"_blank\" aria-label=\"Compartir en Twitter\" href='https:\/\/twitter.com\/share?text=Sandoval%20llama%20a%20empresas%20dedicadas%20a%20la%20actividad%20acu%C3%ADcola%20a%20%E2%80%9Ctener%20una%20profunda%20y%20total%20vinculaci%C3%B3n%20con%20el%20medio%20en%20el%20cual%20se%20est%C3%A1n%20desarrollando%E2%80%9D&#038;url=https:\/\/radiorevelacionfm.cl\/?p=7943' aria-hidden='false' data-av_icon='\ue8f1' data-av_iconfont='entypo-fontello' title='' data-avia-related-tooltip='Compartir en Twitter' rel=\"noopener\"><span class='avia_hidden_link_text'>Compartir en Twitter<\/span><\/a><\/li><li class='av-share-link av-social-link-whatsapp' ><a target=\"_blank\" aria-label=\"Compartir en Whatsapp\" href='https:\/\/api.whatsapp.com\/send?text=https:\/\/radiorevelacionfm.cl\/?p=7943' aria-hidden='false' data-av_icon='\uf232' data-av_iconfont='entypo-fontello' title='' data-avia-related-tooltip='Compartir en Whatsapp' rel=\"noopener\"><span class='avia_hidden_link_text'>Compartir en Whatsapp<\/span><\/a><\/li><li class='av-share-link av-social-link-linkedin' ><a target=\"_blank\" aria-label=\"Compartir en LinkedIn\" href='https:\/\/linkedin.com\/shareArticle?mini=true&#038;title=Sandoval%20llama%20a%20empresas%20dedicadas%20a%20la%20actividad%20acu%C3%ADcola%20a%20%E2%80%9Ctener%20una%20profunda%20y%20total%20vinculaci%C3%B3n%20con%20el%20medio%20en%20el%20cual%20se%20est%C3%A1n%20desarrollando%E2%80%9D&#038;url=https:\/\/radiorevelacionfm.cl\/?p=7943' aria-hidden='false' data-av_icon='\ue8fc' data-av_iconfont='entypo-fontello' title='' data-avia-related-tooltip='Compartir en LinkedIn' rel=\"noopener\"><span class='avia_hidden_link_text'>Compartir en LinkedIn<\/span><\/a><\/li><li class='av-share-link av-social-link-mail' ><a  aria-label=\"Compartir por correo\" href='mailto:?subject=Sandoval%20llama%20a%20empresas%20dedicadas%20a%20la%20actividad%20acu%C3%ADcola%20a%20%E2%80%9Ctener%20una%20profunda%20y%20total%20vinculaci%C3%B3n%20con%20el%20medio%20en%20el%20cual%20se%20est%C3%A1n%20desarrollando%E2%80%9D&#038;body=https:\/\/radiorevelacionfm.cl\/?p=7943' aria-hidden='false' data-av_icon='\ue805' data-av_iconfont='entypo-fontello' title='' data-avia-related-tooltip='Compartir por correo'><span class='avia_hidden_link_text'>Compartir por correo<\/span><\/a><\/li><\/ul><\/div><\/div>\n<div  style='height:50px' class='hr hr-invisible   avia-builder-el-8  el_after_av_social_share  el_before_av_comments_list '><span class='hr-inner ' ><span class='hr-inner-style'><\/span><\/span><\/div>\n<div  class='av-buildercomment  av-blog-meta-html-info-disabled av-blog-meta-tag-disabled  '><\/div>\n","protected":false},"excerpt":{"rendered":"","protected":false},"author":1,"featured_media":7945,"comment_status":"open","ping_status":"open","sticky":false,"template":"","format":"standard","meta":{"footnotes":""},"categories":[35],"tags":[],"class_list":["post-7943","post","type-post","status-publish","format-standard","has-post-thumbnail","hentry","category-politica"],"jetpack_featured_media_url":"https:\/\/radiorevelacionfm.cl\/wp-content\/uploads\/2021\/08\/SENADOR-SANDOVAL-1-1-1.jpeg","_links":{"self":[{"href":"https:\/\/radiorevelacionfm.cl\/index.php?rest_route=\/wp\/v2\/posts\/7943","targetHints":{"allow":["GET"]}}],"collection":[{"href":"https:\/\/radiorevelacionfm.cl\/index.php?rest_route=\/wp\/v2\/posts"}],"about":[{"href":"https:\/\/radiorevelacionfm.cl\/index.php?rest_route=\/wp\/v2\/types\/post"}],"author":[{"embeddable":true,"href":"https:\/\/radiorevelacionfm.cl\/index.php?rest_route=\/wp\/v2\/users\/1"}],"replies":[{"embeddable":true,"href":"https:\/\/radiorevelacionfm.cl\/index.php?rest_route=%2Fwp%2Fv2%2Fcomments&post=7943"}],"version-history":[{"count":1,"href":"https:\/\/radiorevelacionfm.cl\/index.php?rest_route=\/wp\/v2\/posts\/7943\/revisions"}],"predecessor-version":[{"id":7946,"href":"https:\/\/radiorevelacionfm.cl\/index.php?rest_route=\/wp\/v2\/posts\/7943\/revisions\/7946"}],"wp:featuredmedia":[{"embeddable":true,"href":"https:\/\/radiorevelacionfm.cl\/index.php?rest_route=\/wp\/v2\/media\/7945"}],"wp:attachment":[{"href":"https:\/\/radiorevelacionfm.cl\/index.php?rest_route=%2Fwp%2Fv2%2Fmedia&parent=7943"}],"wp:term":[{"taxonomy":"category","embeddable":true,"href":"https:\/\/radiorevelacionfm.cl\/index.php?rest_route=%2Fwp%2Fv2%2Fcategories&post=7943"},{"taxonomy":"post_tag","embeddable":true,"href":"https:\/\/radiorevelacionfm.cl\/index.php?rest_route=%2Fwp%2Fv2%2Ftags&post=7943"}],"curies":[{"name":"wp","href":"https:\/\/api.w.org\/{rel}","templated":true}]}}