{"id":7936,"date":"2021-08-26T20:12:37","date_gmt":"2021-08-26T23:12:37","guid":{"rendered":"https:\/\/radiorevelacionfm.cl\/?p=7936"},"modified":"2021-08-26T20:12:37","modified_gmt":"2021-08-26T23:12:37","slug":"alcalde-de-chile-chico-expone-proyectos-a-subsecretaria-de-desarrollo-regional-y-obras-publicas","status":"publish","type":"post","link":"https:\/\/radiorevelacionfm.cl\/?p=7936","title":{"rendered":"Alcalde de Chile Chico expone proyectos a subsecretaria de desarrollo regional y obras p\u00fablicas"},"content":{"rendered":"<div class=\"flex_column av_one_full  flex_column_div av-zero-column-padding first  avia-builder-el-0  el_before_av_one_full  avia-builder-el-first  \" style='border-radius:0px; '><div  class='avia-image-container  av-styling-    avia-builder-el-1  avia-builder-el-no-sibling  avia-align-center '  itemprop=\"image\" itemscope=\"itemscope\" itemtype=\"https:\/\/schema.org\/ImageObject\"  ><div class='avia-image-container-inner'><div class='avia-image-overlay-wrap'><img decoding=\"async\" class='wp-image-7937 avia-img-lazy-loading-not-7937 avia_image' src=\"https:\/\/radiorevelacionfm.cl\/wp-content\/uploads\/2021\/08\/IMG_1427-1-1.jpg\" alt='' title='IMG_1427 (1) (1)' height=\"600\" width=\"800\"  itemprop=\"thumbnailUrl\" srcset=\"https:\/\/radiorevelacionfm.cl\/wp-content\/uploads\/2021\/08\/IMG_1427-1-1.jpg 800w, https:\/\/radiorevelacionfm.cl\/wp-content\/uploads\/2021\/08\/IMG_1427-1-1-300x225.jpg 300w, https:\/\/radiorevelacionfm.cl\/wp-content\/uploads\/2021\/08\/IMG_1427-1-1-768x576.jpg 768w, https:\/\/radiorevelacionfm.cl\/wp-content\/uploads\/2021\/08\/IMG_1427-1-1-705x529.jpg 705w, https:\/\/radiorevelacionfm.cl\/wp-content\/uploads\/2021\/08\/IMG_1427-1-1-600x450.jpg 600w\" sizes=\"(max-width: 800px) 100vw, 800px\" \/><\/div><\/div><\/div><\/div><div class=\"flex_column av_one_full  flex_column_div av-zero-column-padding first  avia-builder-el-2  el_after_av_one_full  el_before_av_one_full  column-top-margin\" style='border-radius:0px; '><section class=\"av_textblock_section \"  itemscope=\"itemscope\" itemtype=\"https:\/\/schema.org\/BlogPosting\" itemprop=\"blogPost\" ><div class='avia_textblock  '   itemprop=\"text\" ><p style=\"text-align: center;\"><span style=\"font-size: 18pt;\"><strong>Alcalde de Chile Chico expone proyectos a subsecretaria de desarrollo regional y obras p\u00fablicas<\/strong><\/span><\/p>\n<div id=\"gtx-trans\" style=\"position: absolute; left: -50px; top: 4.31534px;\">\n<div class=\"gtx-trans-icon\"><\/div>\n<\/div>\n<\/div><\/section><\/div><div class=\"flex_column av_one_full  flex_column_div av-zero-column-padding first  avia-builder-el-4  el_after_av_one_full  el_before_av_hr  column-top-margin\" style='border-radius:0px; '><section class=\"av_textblock_section \"  itemscope=\"itemscope\" itemtype=\"https:\/\/schema.org\/BlogPosting\" itemprop=\"blogPost\" ><div class='avia_textblock  '   itemprop=\"text\" ><p style=\"text-align: justify;\">El alcalde de Chile Chico, Luperciano Mu\u00f1oz, se traslad\u00f3 a Santiago para reunirse con la subsecretaria de Desarrollo Regional, Mar\u00eda Paz Troncoso, con el objetivo de exponer y solicitar el financiamiento de una serie de proyectos comunales.<\/p>\n<p style=\"text-align: justify;\">Saneamiento sanitario para Fachinal y el sector el Ceballo, iniciativas urban\u00edsticas y asistencia t\u00e9cnica, fueron algunos de los requerimientos planteados por el jefe comunal, \u201cexistiendo la predisposici\u00f3n y compromiso de financiarlos por parte de la subsecretaria\u201d, asegur\u00f3 el edil.<\/p>\n<p style=\"text-align: justify;\">\u201cEstamos hablando de una inversi\u00f3n cercana a los 400 millones para solucionar definitivamente el problema sanitario, adem\u00e1s de reforzar nuestros equipos t\u00e9cnicos para no utilizar recursos del presupuesto municipal\u201d, explic\u00f3 Mu\u00f1oz.<\/p>\n<p style=\"text-align: justify;\">El jefe comunal adem\u00e1s se reuni\u00f3 con el subsecretario de Obras P\u00fablicas, Crist\u00f3bal Leturia, para abordar la conectividad y la situaci\u00f3n de la nueva barcaza para Chile Chico, que est\u00e1 pr\u00f3xima al proceso de licitaci\u00f3n.<\/p>\n<p style=\"text-align: justify;\">\u201cPresentamos una propuesta, que est\u00e1 dentro de nuestro plan rector y que ser\u00e1 sometida a una etapa de participaci\u00f3n ciudadana, y que plantea principalmente una conexi\u00f3n moderna, con dos terminales portuarios, la pavimentaci\u00f3n restante hacia Puerto Ib\u00e1\u00f1ez, m\u00e1s los tres puentes que ya estar\u00edan en etapa de dise\u00f1o, seg\u00fan el Ministerio de Obras P\u00fablicas, y un catamar\u00e1n que permita reducir los tiempos de traslado, aumentar la frecuencia de viajes y fomentar el turismo, adem\u00e1s de habilitar como fronterizos los puertos de Los Antiguos y Chile Chico, generando inversi\u00f3n privada y un circuito tur\u00edstico de integraci\u00f3n entre los lagos General Carrera y Buenos Aires\u201d, detall\u00f3 Luperciano Mu\u00f1oz.<\/p>\n<p style=\"text-align: justify;\">Finalmente, el jefe comunal agradeci\u00f3 las gestiones y trabajo mancomunado junto al alcalde de R\u00edo Ib\u00e1\u00f1ez y presidente de la Asociaci\u00f3n Regional de Municipalidades de Ays\u00e9n (AREMU), Marcelo Santana, los consejeros regionales Washington Medina y Ra\u00fal Rudolphi, adem\u00e1s de la diputada Aracely Leuqu\u00e9n, para concretar las reuniones y exponer estos temas de suma relevancia para el desarrollo de las comunas.<\/p>\n<\/div><\/section><\/div><div  style='height:50px' class='hr hr-invisible   avia-builder-el-6  el_after_av_one_full  el_before_av_social_share '><span class='hr-inner ' ><span class='hr-inner-style'><\/span><\/span><\/div><\/p>\n<div  class='av-social-sharing-box  avia-builder-el-7  el_after_av_hr  el_before_av_hr  '><div class='av-share-box'><h5 class='av-share-link-description av-no-toc '>Compartir esta noticia<\/h5><ul class='av-share-box-list noLightbox'><li class='av-share-link av-social-link-facebook' ><a target=\"_blank\" aria-label=\"Compartir en Facebook\" href='https:\/\/www.facebook.com\/sharer.php?u=https:\/\/radiorevelacionfm.cl\/?p=7936&#038;t=Alcalde%20de%20Chile%20Chico%20expone%20proyectos%20a%20subsecretaria%20de%20desarrollo%20regional%20y%20obras%20p%C3%BAblicas' aria-hidden='false' data-av_icon='\ue8f3' data-av_iconfont='entypo-fontello' title='' data-avia-related-tooltip='Compartir en Facebook' rel=\"noopener\"><span class='avia_hidden_link_text'>Compartir en Facebook<\/span><\/a><\/li><li class='av-share-link av-social-link-twitter' ><a target=\"_blank\" aria-label=\"Compartir en Twitter\" href='https:\/\/twitter.com\/share?text=Alcalde%20de%20Chile%20Chico%20expone%20proyectos%20a%20subsecretaria%20de%20desarrollo%20regional%20y%20obras%20p%C3%BAblicas&#038;url=https:\/\/radiorevelacionfm.cl\/?p=7936' aria-hidden='false' data-av_icon='\ue8f1' data-av_iconfont='entypo-fontello' title='' data-avia-related-tooltip='Compartir en Twitter' rel=\"noopener\"><span class='avia_hidden_link_text'>Compartir en Twitter<\/span><\/a><\/li><li class='av-share-link av-social-link-whatsapp' ><a target=\"_blank\" aria-label=\"Compartir en Whatsapp\" href='https:\/\/api.whatsapp.com\/send?text=https:\/\/radiorevelacionfm.cl\/?p=7936' aria-hidden='false' data-av_icon='\uf232' data-av_iconfont='entypo-fontello' title='' data-avia-related-tooltip='Compartir en Whatsapp' rel=\"noopener\"><span class='avia_hidden_link_text'>Compartir en Whatsapp<\/span><\/a><\/li><li class='av-share-link av-social-link-linkedin' ><a target=\"_blank\" aria-label=\"Compartir en LinkedIn\" href='https:\/\/linkedin.com\/shareArticle?mini=true&#038;title=Alcalde%20de%20Chile%20Chico%20expone%20proyectos%20a%20subsecretaria%20de%20desarrollo%20regional%20y%20obras%20p%C3%BAblicas&#038;url=https:\/\/radiorevelacionfm.cl\/?p=7936' aria-hidden='false' data-av_icon='\ue8fc' data-av_iconfont='entypo-fontello' title='' data-avia-related-tooltip='Compartir en LinkedIn' rel=\"noopener\"><span class='avia_hidden_link_text'>Compartir en LinkedIn<\/span><\/a><\/li><li class='av-share-link av-social-link-mail' ><a  aria-label=\"Compartir por correo\" href='mailto:?subject=Alcalde%20de%20Chile%20Chico%20expone%20proyectos%20a%20subsecretaria%20de%20desarrollo%20regional%20y%20obras%20p%C3%BAblicas&#038;body=https:\/\/radiorevelacionfm.cl\/?p=7936' aria-hidden='false' data-av_icon='\ue805' data-av_iconfont='entypo-fontello' title='' data-avia-related-tooltip='Compartir por correo'><span class='avia_hidden_link_text'>Compartir por correo<\/span><\/a><\/li><\/ul><\/div><\/div>\n<div  style='height:50px' class='hr hr-invisible   avia-builder-el-8  el_after_av_social_share  el_before_av_comments_list '><span class='hr-inner ' ><span class='hr-inner-style'><\/span><\/span><\/div>\n<div  class='av-buildercomment  av-blog-meta-html-info-disabled av-blog-meta-tag-disabled  '><\/div>\n","protected":false},"excerpt":{"rendered":"","protected":false},"author":1,"featured_media":7937,"comment_status":"open","ping_status":"open","sticky":false,"template":"","format":"standard","meta":{"footnotes":""},"categories":[38],"tags":[],"class_list":["post-7936","post","type-post","status-publish","format-standard","has-post-thumbnail","hentry","category-regional"],"jetpack_featured_media_url":"https:\/\/radiorevelacionfm.cl\/wp-content\/uploads\/2021\/08\/IMG_1427-1-1.jpg","_links":{"self":[{"href":"https:\/\/radiorevelacionfm.cl\/index.php?rest_route=\/wp\/v2\/posts\/7936","targetHints":{"allow":["GET"]}}],"collection":[{"href":"https:\/\/radiorevelacionfm.cl\/index.php?rest_route=\/wp\/v2\/posts"}],"about":[{"href":"https:\/\/radiorevelacionfm.cl\/index.php?rest_route=\/wp\/v2\/types\/post"}],"author":[{"embeddable":true,"href":"https:\/\/radiorevelacionfm.cl\/index.php?rest_route=\/wp\/v2\/users\/1"}],"replies":[{"embeddable":true,"href":"https:\/\/radiorevelacionfm.cl\/index.php?rest_route=%2Fwp%2Fv2%2Fcomments&post=7936"}],"version-history":[{"count":1,"href":"https:\/\/radiorevelacionfm.cl\/index.php?rest_route=\/wp\/v2\/posts\/7936\/revisions"}],"predecessor-version":[{"id":7938,"href":"https:\/\/radiorevelacionfm.cl\/index.php?rest_route=\/wp\/v2\/posts\/7936\/revisions\/7938"}],"wp:featuredmedia":[{"embeddable":true,"href":"https:\/\/radiorevelacionfm.cl\/index.php?rest_route=\/wp\/v2\/media\/7937"}],"wp:attachment":[{"href":"https:\/\/radiorevelacionfm.cl\/index.php?rest_route=%2Fwp%2Fv2%2Fmedia&parent=7936"}],"wp:term":[{"taxonomy":"category","embeddable":true,"href":"https:\/\/radiorevelacionfm.cl\/index.php?rest_route=%2Fwp%2Fv2%2Fcategories&post=7936"},{"taxonomy":"post_tag","embeddable":true,"href":"https:\/\/radiorevelacionfm.cl\/index.php?rest_route=%2Fwp%2Fv2%2Ftags&post=7936"}],"curies":[{"name":"wp","href":"https:\/\/api.w.org\/{rel}","templated":true}]}}