{"id":7933,"date":"2021-08-26T18:22:37","date_gmt":"2021-08-26T21:22:37","guid":{"rendered":"https:\/\/radiorevelacionfm.cl\/?p=7933"},"modified":"2021-08-26T18:22:37","modified_gmt":"2021-08-26T21:22:37","slug":"apuntando-a-un-desarrollo-integral-del-sector-campesino-alcalde-de-lago-verde-se-reune-con-ministra-de-agricultura","status":"publish","type":"post","link":"https:\/\/radiorevelacionfm.cl\/?p=7933","title":{"rendered":"Apuntando a un desarrollo integral del sector campesino Alcalde de Lago Verde se re\u00fane con Ministra de Agricultura"},"content":{"rendered":"<div class=\"flex_column av_one_full  flex_column_div av-zero-column-padding first  avia-builder-el-0  el_before_av_one_full  avia-builder-el-first  \" style='border-radius:0px; '><div  class='avia-image-container  av-styling-    avia-builder-el-1  avia-builder-el-no-sibling  avia-align-center '  itemprop=\"image\" itemscope=\"itemscope\" itemtype=\"https:\/\/schema.org\/ImageObject\"  ><div class='avia-image-container-inner'><div class='avia-image-overlay-wrap'><img decoding=\"async\" class='wp-image-7934 avia-img-lazy-loading-not-7934 avia_image' src=\"https:\/\/radiorevelacionfm.cl\/wp-content\/uploads\/2021\/08\/REUNION-MINISTRA-AGRICULTURA-0-1-1.jpg\" alt='' title='REUNION MINISTRA AGRICULTURA 0 (1) (1)' height=\"600\" width=\"924\"  itemprop=\"thumbnailUrl\" srcset=\"https:\/\/radiorevelacionfm.cl\/wp-content\/uploads\/2021\/08\/REUNION-MINISTRA-AGRICULTURA-0-1-1.jpg 924w, https:\/\/radiorevelacionfm.cl\/wp-content\/uploads\/2021\/08\/REUNION-MINISTRA-AGRICULTURA-0-1-1-300x195.jpg 300w, https:\/\/radiorevelacionfm.cl\/wp-content\/uploads\/2021\/08\/REUNION-MINISTRA-AGRICULTURA-0-1-1-768x499.jpg 768w, https:\/\/radiorevelacionfm.cl\/wp-content\/uploads\/2021\/08\/REUNION-MINISTRA-AGRICULTURA-0-1-1-705x458.jpg 705w, https:\/\/radiorevelacionfm.cl\/wp-content\/uploads\/2021\/08\/REUNION-MINISTRA-AGRICULTURA-0-1-1-600x390.jpg 600w\" sizes=\"(max-width: 924px) 100vw, 924px\" \/><\/div><\/div><\/div><\/div><div class=\"flex_column av_one_full  flex_column_div av-zero-column-padding first  avia-builder-el-2  el_after_av_one_full  el_before_av_one_full  column-top-margin\" style='border-radius:0px; '><section class=\"av_textblock_section \"  itemscope=\"itemscope\" itemtype=\"https:\/\/schema.org\/BlogPosting\" itemprop=\"blogPost\" ><div class='avia_textblock  '   itemprop=\"text\" ><p style=\"text-align: center;\"><strong><span style=\"font-size: 18pt;\">Apuntando a un desarrollo integral del sector campesino Alcalde de Lago Verde se re\u00fane con Ministra de Agricultura<\/span><\/strong><\/p>\n<div id=\"gtx-trans\" style=\"position: absolute; left: -50px; top: 4.31534px;\">\n<div class=\"gtx-trans-icon\"><\/div>\n<\/div>\n<\/div><\/section><\/div><div class=\"flex_column av_one_full  flex_column_div av-zero-column-padding first  avia-builder-el-4  el_after_av_one_full  el_before_av_hr  column-top-margin\" style='border-radius:0px; '><section class=\"av_textblock_section \"  itemscope=\"itemscope\" itemtype=\"https:\/\/schema.org\/BlogPosting\" itemprop=\"blogPost\" ><div class='avia_textblock  '   itemprop=\"text\" ><p style=\"text-align: justify;\">Uno de los ejes principales en la administraci\u00f3n del Alcalde Nelson Opazo, ha sido el apoyo y trabajo directo con los campesinos y campesinas de la comuna de Lago Verde. Es en esa l\u00ednea y buscando un desarrollo integral de quienes ven en el agro su mayor fuente productiva, es que, en su viaje a Santiago una de las reuniones m\u00e1s importantes ha sido con la Ministra de Agricultura, Mar\u00eda Emilia Undurraga.<\/p>\n<p style=\"text-align: justify;\">La propia autoridad del nivel central, puso en valor los puntos abordados con el Alcalde, que van desde el apoyo en la producci\u00f3n de ganado hasta el enlace con otros entes del Estado, para que el desarrollo campesino, por ejemplo, vaya de la mano con la tecnolog\u00eda.<\/p>\n<p style=\"text-align: justify;\">\u201cEstuvimos con Nelson Opazo, el Alcalde de Lago Verde, en una reuni\u00f3n muy importante tanto para la comuna como para el Ministerio de Agricultura, un Ministerio que quiere justamente apoyar no solamente la actividad agr\u00edcola, sino el desarrollo rural de cada uno de estos territorios que est\u00e1n apartados de las grandes ciudades, pero donde se vive la identidad de las regiones junto con su gente. Estuvimos hablando de apoyo a los bovinos, ovinos, como apoyamos el programa de suelo y tambi\u00e9n como vamos coordinando con otros Ministerios ayudas en conectividad digital, en caminos, para poder seguir avanzando en el desarrollo territorial de la comuna de Lago Verde. Quedamos muy conectados tambi\u00e9n con los equipos a nivel central, para poder recibir todos los comentarios del Alcalde y su equipo\u201d.<\/p>\n<p style=\"text-align: justify;\">La m\u00e1xima autoridad de la comuna de Lago Verde, Alcalde Nelson Opazo L\u00f3pez, asegur\u00f3 que los temas planteados a la Ministra de Agricultura buscan seguir fortaleciendo a los campesinos de la zona y ampliar los beneficios a quienes viven del trabajo de la tierra y sus animales.<\/p>\n<p style=\"text-align: justify;\">\u201cNos reunimos con la Ministra de Agricultura, con el \u00e1nimo de poder avanzar en temas que de alguna manera han sido presentados y requeridos durante bastante tiempo, que hemos trabajo pero queremos profundizar. Uno de estos temas tiene que ver con el aumento y focalizaci\u00f3n de recursos en materia de suelos para lo que significa la comuna, adem\u00e1s, planteamos y generamos el requerimiento de que se pueda incorporar con mayor fuerza el apoyo directo al mundo campesino. Sumado a esto, hablamos de lo que significa poder profundizar en cuanto al plan ovino regional, donde se pueda incorporar mayor cantidad de usuarios y efectivamente poder respaldar de manera importante al mundo campesino que tanto lo necesita en el territorio, as\u00ed es que, fue una productiva reuni\u00f3n\u201d.<\/p>\n<p style=\"text-align: justify;\">En la reuni\u00f3n tambi\u00e9n participaron junto a la Ministra de Agricultura, la directora nacional de Odepa Mar\u00eda Irarr\u00e1zaval y el Seremi Felipe Henr\u00edquez. Este \u00faltimo, relev\u00f3 las gestiones y la importancia que ha dado el Alcalde Opazo al mundo campesino, particularmente de todo el territorio de la comuna de Lago Verde.<\/p>\n<p style=\"text-align: justify;\">\u201cJunto a la Ministra Mar\u00eda Emilia Undurraga, la directora nacional de Odepa Mar\u00eda Jos\u00e9 Irarr\u00e1zaval, tuvimos una interesante reuni\u00f3n con don Nelson Opazo, donde conversamos respecto a distintas tem\u00e1ticas que tienen que ver con el fomento productivo en el sector silvoagropecuario en la comuna de Lago Verde. Tambi\u00e9n destacar el trabajo que hace el Alcalde Opazo en distintas materias para poder estar colaborando siempre, en lo que tiene que ver con la generaci\u00f3n de oportunidades para la gente del mundo rural. Una muy agradable reuni\u00f3n, que nos deja con algunos compromisos que seguiremos trabajando en conjunto con el Alcalde\u201d.<\/p>\n<p style=\"text-align: justify;\">Desde la Municipalidad de Lago Verde, el Alcalde Nelson Opazo, agradeci\u00f3 las gestiones del representante en la regi\u00f3n del Ministerio de Agricultura, Felipe Henr\u00edquez, para concretar este encuentro con la Ministra Undurraga, donde se logran gestiones que van en directo beneficio de nuestros campesinos y campesinas de la comuna.<\/p>\n<\/div><\/section><\/div><div  style='height:50px' class='hr hr-invisible   avia-builder-el-6  el_after_av_one_full  el_before_av_social_share '><span class='hr-inner ' ><span class='hr-inner-style'><\/span><\/span><\/div><\/p>\n<div  class='av-social-sharing-box  avia-builder-el-7  el_after_av_hr  el_before_av_hr  '><div class='av-share-box'><h5 class='av-share-link-description av-no-toc '>Compartir esta noticia<\/h5><ul class='av-share-box-list noLightbox'><li class='av-share-link av-social-link-facebook' ><a target=\"_blank\" aria-label=\"Compartir en Facebook\" href='https:\/\/www.facebook.com\/sharer.php?u=https:\/\/radiorevelacionfm.cl\/?p=7933&#038;t=Apuntando%20a%20un%20desarrollo%20integral%20del%20sector%20campesino%20Alcalde%20de%20Lago%20Verde%20se%20re%C3%BAne%20con%20Ministra%20de%20Agricultura' aria-hidden='false' data-av_icon='\ue8f3' data-av_iconfont='entypo-fontello' title='' data-avia-related-tooltip='Compartir en Facebook' rel=\"noopener\"><span class='avia_hidden_link_text'>Compartir en Facebook<\/span><\/a><\/li><li class='av-share-link av-social-link-twitter' ><a target=\"_blank\" aria-label=\"Compartir en Twitter\" href='https:\/\/twitter.com\/share?text=Apuntando%20a%20un%20desarrollo%20integral%20del%20sector%20campesino%20Alcalde%20de%20Lago%20Verde%20se%20re%C3%BAne%20con%20Ministra%20de%20Agricultura&#038;url=https:\/\/radiorevelacionfm.cl\/?p=7933' aria-hidden='false' data-av_icon='\ue8f1' data-av_iconfont='entypo-fontello' title='' data-avia-related-tooltip='Compartir en Twitter' rel=\"noopener\"><span class='avia_hidden_link_text'>Compartir en Twitter<\/span><\/a><\/li><li class='av-share-link av-social-link-whatsapp' ><a target=\"_blank\" aria-label=\"Compartir en Whatsapp\" href='https:\/\/api.whatsapp.com\/send?text=https:\/\/radiorevelacionfm.cl\/?p=7933' aria-hidden='false' data-av_icon='\uf232' data-av_iconfont='entypo-fontello' title='' data-avia-related-tooltip='Compartir en Whatsapp' rel=\"noopener\"><span class='avia_hidden_link_text'>Compartir en Whatsapp<\/span><\/a><\/li><li class='av-share-link av-social-link-linkedin' ><a target=\"_blank\" aria-label=\"Compartir en LinkedIn\" href='https:\/\/linkedin.com\/shareArticle?mini=true&#038;title=Apuntando%20a%20un%20desarrollo%20integral%20del%20sector%20campesino%20Alcalde%20de%20Lago%20Verde%20se%20re%C3%BAne%20con%20Ministra%20de%20Agricultura&#038;url=https:\/\/radiorevelacionfm.cl\/?p=7933' aria-hidden='false' data-av_icon='\ue8fc' data-av_iconfont='entypo-fontello' title='' data-avia-related-tooltip='Compartir en LinkedIn' rel=\"noopener\"><span class='avia_hidden_link_text'>Compartir en LinkedIn<\/span><\/a><\/li><li class='av-share-link av-social-link-mail' ><a  aria-label=\"Compartir por correo\" href='mailto:?subject=Apuntando%20a%20un%20desarrollo%20integral%20del%20sector%20campesino%20Alcalde%20de%20Lago%20Verde%20se%20re%C3%BAne%20con%20Ministra%20de%20Agricultura&#038;body=https:\/\/radiorevelacionfm.cl\/?p=7933' aria-hidden='false' data-av_icon='\ue805' data-av_iconfont='entypo-fontello' title='' data-avia-related-tooltip='Compartir por correo'><span class='avia_hidden_link_text'>Compartir por correo<\/span><\/a><\/li><\/ul><\/div><\/div>\n<div  style='height:50px' class='hr hr-invisible   avia-builder-el-8  el_after_av_social_share  el_before_av_comments_list '><span class='hr-inner ' ><span class='hr-inner-style'><\/span><\/span><\/div>\n<div  class='av-buildercomment  av-blog-meta-html-info-disabled av-blog-meta-tag-disabled  '><\/div>\n","protected":false},"excerpt":{"rendered":"","protected":false},"author":1,"featured_media":7934,"comment_status":"open","ping_status":"open","sticky":false,"template":"","format":"standard","meta":{"footnotes":""},"categories":[38],"tags":[],"class_list":["post-7933","post","type-post","status-publish","format-standard","has-post-thumbnail","hentry","category-regional"],"jetpack_featured_media_url":"https:\/\/radiorevelacionfm.cl\/wp-content\/uploads\/2021\/08\/REUNION-MINISTRA-AGRICULTURA-0-1-1.jpg","_links":{"self":[{"href":"https:\/\/radiorevelacionfm.cl\/index.php?rest_route=\/wp\/v2\/posts\/7933","targetHints":{"allow":["GET"]}}],"collection":[{"href":"https:\/\/radiorevelacionfm.cl\/index.php?rest_route=\/wp\/v2\/posts"}],"about":[{"href":"https:\/\/radiorevelacionfm.cl\/index.php?rest_route=\/wp\/v2\/types\/post"}],"author":[{"embeddable":true,"href":"https:\/\/radiorevelacionfm.cl\/index.php?rest_route=\/wp\/v2\/users\/1"}],"replies":[{"embeddable":true,"href":"https:\/\/radiorevelacionfm.cl\/index.php?rest_route=%2Fwp%2Fv2%2Fcomments&post=7933"}],"version-history":[{"count":1,"href":"https:\/\/radiorevelacionfm.cl\/index.php?rest_route=\/wp\/v2\/posts\/7933\/revisions"}],"predecessor-version":[{"id":7935,"href":"https:\/\/radiorevelacionfm.cl\/index.php?rest_route=\/wp\/v2\/posts\/7933\/revisions\/7935"}],"wp:featuredmedia":[{"embeddable":true,"href":"https:\/\/radiorevelacionfm.cl\/index.php?rest_route=\/wp\/v2\/media\/7934"}],"wp:attachment":[{"href":"https:\/\/radiorevelacionfm.cl\/index.php?rest_route=%2Fwp%2Fv2%2Fmedia&parent=7933"}],"wp:term":[{"taxonomy":"category","embeddable":true,"href":"https:\/\/radiorevelacionfm.cl\/index.php?rest_route=%2Fwp%2Fv2%2Fcategories&post=7933"},{"taxonomy":"post_tag","embeddable":true,"href":"https:\/\/radiorevelacionfm.cl\/index.php?rest_route=%2Fwp%2Fv2%2Ftags&post=7933"}],"curies":[{"name":"wp","href":"https:\/\/api.w.org\/{rel}","templated":true}]}}