{"id":7930,"date":"2021-08-27T10:34:55","date_gmt":"2021-08-27T13:34:55","guid":{"rendered":"https:\/\/radiorevelacionfm.cl\/?p=7930"},"modified":"2021-08-27T11:09:45","modified_gmt":"2021-08-27T14:09:45","slug":"mas-de-400-mujeres-de-la-region-de-aysen-se-han-transformado-en-embajadoras-de-la-eficiencia-energetica","status":"publish","type":"post","link":"https:\/\/radiorevelacionfm.cl\/?p=7930","title":{"rendered":"M\u00e1s de 400 mujeres de la regi\u00f3n de Ays\u00e9n se han transformado en embajadoras de la eficiencia energ\u00e9tica"},"content":{"rendered":"<div class=\"flex_column av_one_full  flex_column_div av-zero-column-padding first  avia-builder-el-0  el_before_av_one_full  avia-builder-el-first  \" style='border-radius:0px; '><div  class='avia-image-container  av-styling-    avia-builder-el-1  avia-builder-el-no-sibling  avia-align-center '  itemprop=\"image\" itemscope=\"itemscope\" itemtype=\"https:\/\/schema.org\/ImageObject\"  ><div class='avia-image-container-inner'><div class='avia-image-overlay-wrap'><img decoding=\"async\" class='wp-image-7951 avia-img-lazy-loading-not-7951 avia_image' src=\"https:\/\/radiorevelacionfm.cl\/wp-content\/uploads\/2021\/08\/Energia-3-1-2.jpg\" alt='' title='Energia 3 (1) (2)' height=\"600\" width=\"1065\"  itemprop=\"thumbnailUrl\" srcset=\"https:\/\/radiorevelacionfm.cl\/wp-content\/uploads\/2021\/08\/Energia-3-1-2.jpg 1065w, https:\/\/radiorevelacionfm.cl\/wp-content\/uploads\/2021\/08\/Energia-3-1-2-300x169.jpg 300w, https:\/\/radiorevelacionfm.cl\/wp-content\/uploads\/2021\/08\/Energia-3-1-2-1030x580.jpg 1030w, https:\/\/radiorevelacionfm.cl\/wp-content\/uploads\/2021\/08\/Energia-3-1-2-768x433.jpg 768w, https:\/\/radiorevelacionfm.cl\/wp-content\/uploads\/2021\/08\/Energia-3-1-2-705x397.jpg 705w, https:\/\/radiorevelacionfm.cl\/wp-content\/uploads\/2021\/08\/Energia-3-1-2-600x338.jpg 600w\" sizes=\"(max-width: 1065px) 100vw, 1065px\" \/><\/div><\/div><\/div><\/div><div class=\"flex_column av_one_full  flex_column_div av-zero-column-padding first  avia-builder-el-2  el_after_av_one_full  el_before_av_one_full  column-top-margin\" style='border-radius:0px; '><section class=\"av_textblock_section \"  itemscope=\"itemscope\" itemtype=\"https:\/\/schema.org\/BlogPosting\" itemprop=\"blogPost\" ><div class='avia_textblock  '   itemprop=\"text\" ><h2 style=\"text-align: center;\"><span style=\"font-size: 18pt;\">M\u00e1s de 400 mujeres de la regi\u00f3n de Ays\u00e9n se han transformado en embajadoras de la eficiencia energ\u00e9tica<\/span><\/h2>\n<div id=\"gtx-trans\" style=\"position: absolute; left: -50px; top: 4.31534px;\">\n<div class=\"gtx-trans-icon\"><\/div>\n<\/div>\n<\/div><\/section><\/div><\/p>\n<div class=\"flex_column av_one_full  flex_column_div av-zero-column-padding first  avia-builder-el-4  el_after_av_one_full  el_before_av_hr  column-top-margin\" style='border-radius:0px; '><section class=\"av_textblock_section \"  itemscope=\"itemscope\" itemtype=\"https:\/\/schema.org\/BlogPosting\" itemprop=\"blogPost\" ><div class='avia_textblock  '   itemprop=\"text\" ><p style=\"text-align: justify;\">En el marco del convenio entre el Ministerio de Energ\u00eda y la Fundaci\u00f3n para la Promoci\u00f3n y Desarrollo de la Mujer (PRODEMU), en lo que va del a\u00f1o m\u00e1s de 400 mujeres jefas de hogar de las provincias de Ays\u00e9n, Capit\u00e1n Prat, Coyhaique y General Carrera se han capacitado sobre el uso eficiente de la energ\u00eda en los hogares.<\/p>\n<p style=\"text-align: justify;\">Al respecto el Seremi de Energ\u00eda de la regi\u00f3n de Ays\u00e9n, Juan Luis Amen\u00e1bar, se\u00f1al\u00f3 que \u201cuno de los ejes de acci\u00f3n del Ministerio de Energ\u00eda es el desarrollo de una maciza cultura de la eficiencia energ\u00e9tica. En esa l\u00ednea, estamos muy contentos con el exitoso resultado que ha tenido el trabajo colaborativo que hemos desarrollado con PRODEMU, ya que a trav\u00e9s del programa Con Buena Energ\u00eda, hemos capacitado y acercado la energ\u00eda a las mujeres ayseninas, entreg\u00e1ndoles herramientas que les permitan generar importantes ahorros en sus hogares y en la econom\u00eda familiar\u201d.<\/p>\n<p style=\"text-align: justify;\">Adem\u00e1s la autoridad regional de Energ\u00eda destac\u00f3 que \u201ca trav\u00e9s de la iniciativa \u201cEnerg\u00eda + Mujer\u201d estamos trabajando en acortar barreras y brechas de g\u00e9nero que nos permitan incorporar m\u00e1s talento femenino al sector. Queremos en la regi\u00f3n de Ays\u00e9n, dar un salto significativo en la promoci\u00f3n de la igualdad de g\u00e9nero y el empoderamiento de las mujeres en sectores masculinizados, como es el caso de energ\u00eda. Por ello, seguiremos impulsamos diversas acciones que apunten en avanzar en esa direcci\u00f3n\u201d.<\/p>\n<p style=\"text-align: justify;\">Cabe se\u00f1alar que el programa del Ministerio de Energ\u00eda, promueve la formaci\u00f3n ciudadana a trav\u00e9s de talleres para generar una potencial disminuci\u00f3n del consumo residencial, adem\u00e1s de entregar un pack de artefactos eficientes para apoyar la transici\u00f3n hacia un gasto consciente de electricidad en los hogares de las beneficiarias.<\/p>\n<p style=\"text-align: justify;\">Por su parte, la Directora Regional de PRODEMU Ays\u00e9n, Marlene Julio, indic\u00f3 que \u201cla alianza con la Seremi de Energ\u00eda ha sido realmente provechosa y nos alegra mucho, ya que las mujeres que pertenecen a los diversos talleres de Fundaci\u00f3n PRODEMU en nuestra regi\u00f3n, han demostrado mucho inter\u00e9s en aprovechar los conocimientos sobre eficiencia energ\u00e9tica en el hogar, \u00a0lo que se ha visto reflejado en la importante convocatoria que hemos tenido donde m\u00e1s de 400 mujeres ya han accedido a esta importante iniciativa\u201d.<\/p>\n<p style=\"text-align: justify;\">TIPS DE EFICIENCIA ENERG\u00c9TICA<\/p>\n<p style=\"text-align: justify;\">La capacitaci\u00f3n ciudadana considera la entrega de sencillos tips para ser m\u00e1s energ\u00e9ticamente eficientes en los hogares:<\/p>\n<ul style=\"text-align: justify;\">\n<li>Apaga el televisor si no lo est\u00e1s viendo. Representa casi el 16% del consumo de electricidad de una vivienda.<\/li>\n<li>Usa \u201czapatillas\u201d para apagar todos los artefactos de una vez. Evitas el consumo en modo espera.<\/li>\n<li>Prefiere utilizar iluminaci\u00f3n LED. As\u00ed podr\u00e1s conseguir un ahorro de hasta un 90%, con respecto a las ampolletas antiguas.<\/li>\n<li>El refrigerador es responsable de m\u00e1s del 19,4% del gasto de electricidad en el hogar. Por ello, evita abrirlo constantemente, cada vez que lo haces desperdicias la energ\u00eda acumulada en su interior.<\/li>\n<li>Lava cuando la carga de la lavadora est\u00e9 a plena capacidad.<\/li>\n<\/ul>\n<p style=\"text-align: justify;\">Incorporando estos consejos, los hogares de Ays\u00e9n podr\u00e1n generar importantes ahorros cercanos al 20% en sus cuentas de electricidad.<\/p>\n<\/div><\/section><\/div>\n<div  style='height:50px' class='hr hr-invisible   avia-builder-el-6  el_after_av_one_full  el_before_av_social_share '><span class='hr-inner ' ><span class='hr-inner-style'><\/span><\/span><\/div>\n<div  class='av-social-sharing-box  avia-builder-el-7  el_after_av_hr  el_before_av_hr  '><div class='av-share-box'><h5 class='av-share-link-description av-no-toc '>Compartir esta noticia<\/h5><ul class='av-share-box-list noLightbox'><li class='av-share-link av-social-link-facebook' ><a target=\"_blank\" aria-label=\"Compartir en Facebook\" href='https:\/\/www.facebook.com\/sharer.php?u=https:\/\/radiorevelacionfm.cl\/?p=7930&#038;t=M%C3%A1s%20de%20400%20mujeres%20de%20la%20regi%C3%B3n%20de%20Ays%C3%A9n%20se%20han%20transformado%20en%20embajadoras%20de%20la%20eficiencia%20energ%C3%A9tica' aria-hidden='false' data-av_icon='\ue8f3' data-av_iconfont='entypo-fontello' title='' data-avia-related-tooltip='Compartir en Facebook' rel=\"noopener\"><span class='avia_hidden_link_text'>Compartir en Facebook<\/span><\/a><\/li><li class='av-share-link av-social-link-twitter' ><a target=\"_blank\" aria-label=\"Compartir en Twitter\" href='https:\/\/twitter.com\/share?text=M%C3%A1s%20de%20400%20mujeres%20de%20la%20regi%C3%B3n%20de%20Ays%C3%A9n%20se%20han%20transformado%20en%20embajadoras%20de%20la%20eficiencia%20energ%C3%A9tica&#038;url=https:\/\/radiorevelacionfm.cl\/?p=7930' aria-hidden='false' data-av_icon='\ue8f1' data-av_iconfont='entypo-fontello' title='' data-avia-related-tooltip='Compartir en Twitter' rel=\"noopener\"><span class='avia_hidden_link_text'>Compartir en Twitter<\/span><\/a><\/li><li class='av-share-link av-social-link-whatsapp' ><a target=\"_blank\" aria-label=\"Compartir en Whatsapp\" href='https:\/\/api.whatsapp.com\/send?text=https:\/\/radiorevelacionfm.cl\/?p=7930' aria-hidden='false' data-av_icon='\uf232' data-av_iconfont='entypo-fontello' title='' data-avia-related-tooltip='Compartir en Whatsapp' rel=\"noopener\"><span class='avia_hidden_link_text'>Compartir en Whatsapp<\/span><\/a><\/li><li class='av-share-link av-social-link-linkedin' ><a target=\"_blank\" aria-label=\"Compartir en LinkedIn\" href='https:\/\/linkedin.com\/shareArticle?mini=true&#038;title=M%C3%A1s%20de%20400%20mujeres%20de%20la%20regi%C3%B3n%20de%20Ays%C3%A9n%20se%20han%20transformado%20en%20embajadoras%20de%20la%20eficiencia%20energ%C3%A9tica&#038;url=https:\/\/radiorevelacionfm.cl\/?p=7930' aria-hidden='false' data-av_icon='\ue8fc' data-av_iconfont='entypo-fontello' title='' data-avia-related-tooltip='Compartir en LinkedIn' rel=\"noopener\"><span class='avia_hidden_link_text'>Compartir en LinkedIn<\/span><\/a><\/li><li class='av-share-link av-social-link-mail' ><a  aria-label=\"Compartir por correo\" href='mailto:?subject=M%C3%A1s%20de%20400%20mujeres%20de%20la%20regi%C3%B3n%20de%20Ays%C3%A9n%20se%20han%20transformado%20en%20embajadoras%20de%20la%20eficiencia%20energ%C3%A9tica&#038;body=https:\/\/radiorevelacionfm.cl\/?p=7930' aria-hidden='false' data-av_icon='\ue805' data-av_iconfont='entypo-fontello' title='' data-avia-related-tooltip='Compartir por correo'><span class='avia_hidden_link_text'>Compartir por correo<\/span><\/a><\/li><\/ul><\/div><\/div>\n<div  style='height:50px' class='hr hr-invisible   avia-builder-el-8  el_after_av_social_share  el_before_av_comments_list '><span class='hr-inner ' ><span class='hr-inner-style'><\/span><\/span><\/div>\n<div  class='av-buildercomment  av-blog-meta-html-info-disabled av-blog-meta-tag-disabled  '><\/div>\n","protected":false},"excerpt":{"rendered":"","protected":false},"author":1,"featured_media":7951,"comment_status":"open","ping_status":"open","sticky":false,"template":"","format":"standard","meta":{"footnotes":""},"categories":[38],"tags":[],"class_list":["post-7930","post","type-post","status-publish","format-standard","has-post-thumbnail","hentry","category-regional"],"jetpack_featured_media_url":"https:\/\/radiorevelacionfm.cl\/wp-content\/uploads\/2021\/08\/Energia-3-1-2.jpg","_links":{"self":[{"href":"https:\/\/radiorevelacionfm.cl\/index.php?rest_route=\/wp\/v2\/posts\/7930","targetHints":{"allow":["GET"]}}],"collection":[{"href":"https:\/\/radiorevelacionfm.cl\/index.php?rest_route=\/wp\/v2\/posts"}],"about":[{"href":"https:\/\/radiorevelacionfm.cl\/index.php?rest_route=\/wp\/v2\/types\/post"}],"author":[{"embeddable":true,"href":"https:\/\/radiorevelacionfm.cl\/index.php?rest_route=\/wp\/v2\/users\/1"}],"replies":[{"embeddable":true,"href":"https:\/\/radiorevelacionfm.cl\/index.php?rest_route=%2Fwp%2Fv2%2Fcomments&post=7930"}],"version-history":[{"count":2,"href":"https:\/\/radiorevelacionfm.cl\/index.php?rest_route=\/wp\/v2\/posts\/7930\/revisions"}],"predecessor-version":[{"id":7952,"href":"https:\/\/radiorevelacionfm.cl\/index.php?rest_route=\/wp\/v2\/posts\/7930\/revisions\/7952"}],"wp:featuredmedia":[{"embeddable":true,"href":"https:\/\/radiorevelacionfm.cl\/index.php?rest_route=\/wp\/v2\/media\/7951"}],"wp:attachment":[{"href":"https:\/\/radiorevelacionfm.cl\/index.php?rest_route=%2Fwp%2Fv2%2Fmedia&parent=7930"}],"wp:term":[{"taxonomy":"category","embeddable":true,"href":"https:\/\/radiorevelacionfm.cl\/index.php?rest_route=%2Fwp%2Fv2%2Fcategories&post=7930"},{"taxonomy":"post_tag","embeddable":true,"href":"https:\/\/radiorevelacionfm.cl\/index.php?rest_route=%2Fwp%2Fv2%2Ftags&post=7930"}],"curies":[{"name":"wp","href":"https:\/\/api.w.org\/{rel}","templated":true}]}}