{"id":7927,"date":"2021-08-26T17:38:01","date_gmt":"2021-08-26T20:38:01","guid":{"rendered":"https:\/\/radiorevelacionfm.cl\/?p=7927"},"modified":"2021-08-26T17:38:01","modified_gmt":"2021-08-26T20:38:01","slug":"condenan-a-4-anos-de-libertad-vigilada-intensiva-a-autor-de-abuso-sexual-en-caleta-tortel","status":"publish","type":"post","link":"https:\/\/radiorevelacionfm.cl\/?p=7927","title":{"rendered":"Condenan a 4 a\u00f1os de libertad vigilada intensiva a autor de abuso sexual en Caleta Tortel"},"content":{"rendered":"<div class=\"flex_column av_one_full  flex_column_div av-zero-column-padding first  avia-builder-el-0  el_before_av_one_full  avia-builder-el-first  \" style='border-radius:0px; '><div  class='avia-image-container  av-styling-    avia-builder-el-1  avia-builder-el-no-sibling  avia-align-center '  itemprop=\"image\" itemscope=\"itemscope\" itemtype=\"https:\/\/schema.org\/ImageObject\"  ><div class='avia-image-container-inner'><div class='avia-image-overlay-wrap'><img decoding=\"async\" class='wp-image-7928 avia-img-lazy-loading-not-7928 avia_image' src=\"https:\/\/radiorevelacionfm.cl\/wp-content\/uploads\/2021\/08\/Foto-audiencia-TOP26-1-1.jpg\" alt='' title='Foto audiencia TOP26 (1) (1)' height=\"600\" width=\"1067\"  itemprop=\"thumbnailUrl\" srcset=\"https:\/\/radiorevelacionfm.cl\/wp-content\/uploads\/2021\/08\/Foto-audiencia-TOP26-1-1.jpg 1067w, https:\/\/radiorevelacionfm.cl\/wp-content\/uploads\/2021\/08\/Foto-audiencia-TOP26-1-1-300x169.jpg 300w, https:\/\/radiorevelacionfm.cl\/wp-content\/uploads\/2021\/08\/Foto-audiencia-TOP26-1-1-1030x579.jpg 1030w, https:\/\/radiorevelacionfm.cl\/wp-content\/uploads\/2021\/08\/Foto-audiencia-TOP26-1-1-768x432.jpg 768w, https:\/\/radiorevelacionfm.cl\/wp-content\/uploads\/2021\/08\/Foto-audiencia-TOP26-1-1-705x396.jpg 705w, https:\/\/radiorevelacionfm.cl\/wp-content\/uploads\/2021\/08\/Foto-audiencia-TOP26-1-1-600x337.jpg 600w\" sizes=\"(max-width: 1067px) 100vw, 1067px\" \/><\/div><\/div><\/div><\/div><div class=\"flex_column av_one_full  flex_column_div av-zero-column-padding first  avia-builder-el-2  el_after_av_one_full  el_before_av_one_full  column-top-margin\" style='border-radius:0px; '><section class=\"av_textblock_section \"  itemscope=\"itemscope\" itemtype=\"https:\/\/schema.org\/BlogPosting\" itemprop=\"blogPost\" ><div class='avia_textblock  '   itemprop=\"text\" ><p style=\"text-align: center;\"><strong><span style=\"font-size: 18pt;\">Condenan a 4 a\u00f1os de libertad vigilada intensiva a autor de abuso sexual en Caleta Tortel<\/span><\/strong><\/p>\n<div id=\"gtx-trans\" style=\"position: absolute; left: -50px; top: 4.31534px;\">\n<div class=\"gtx-trans-icon\"><\/div>\n<\/div>\n<\/div><\/section><\/div><div class=\"flex_column av_one_full  flex_column_div av-zero-column-padding first  avia-builder-el-4  el_after_av_one_full  el_before_av_hr  column-top-margin\" style='border-radius:0px; '><section class=\"av_textblock_section \"  itemscope=\"itemscope\" itemtype=\"https:\/\/schema.org\/BlogPosting\" itemprop=\"blogPost\" ><div class='avia_textblock  '   itemprop=\"text\" ><p class=\"v1MsoNormal\" style=\"text-align: justify;\">El Tribunal de Juicio Oral en lo Penal de Coyhaique conden\u00f3 a Gabriel Guillermo Lara G\u00f3mez a la pena de 4 a\u00f1os de presidio, con el beneficio de la libertad vigilada intensiva por igual lapso, en calidad de autor del delito consumado de abuso sexual de mayor de 14 a\u00f1os. Il\u00edcito perpetrado en enero de 2019, en la comuna de Caleta Tortel.<\/p>\n<p class=\"v1MsoNormal\" style=\"text-align: justify;\">En fallo un\u00e1nime, el tribunal \u2013integrado por los magistrados\u00a0Rosal\u00eda Mansilla Quiroz (presidenta), Pablo Freire Gavil\u00e1n y M\u00f3nica Coloma Pulgar (redactora)\u2013\u00a0aplic\u00f3, adem\u00e1s, a Lara G\u00f3mez las\u00a0accesorias legales de inhabilitaci\u00f3n absoluta perpetua para derechos pol\u00edticos y la inhabilitaci\u00f3n absoluta para cargos y oficios p\u00fablicos mientras dure la condena.<\/p>\n<p class=\"v1MsoNormal\" style=\"text-align: justify;\">Asimismo, el tribunal impuso al condenado, la pena de sujeci\u00f3n a la vigilancia de la autoridad durante los 10 a\u00f1os siguientes al cumplimiento de la pena principal; inhabilitaci\u00f3n absoluta temporal para cargos, empleos, oficios o profesiones ejercidos en \u00e1mbitos educacionales o que involucren una relaci\u00f3n directa y habitual con personas menores de edad, por 10 a\u00f1os.<\/p>\n<p class=\"v1MsoNormal\" style=\"text-align: justify;\">Para el cumplimiento de la pena sustitutiva, Lara G\u00f3mez deber\u00e1 presentarse ante el Centro de Reinserci\u00f3n Social Santiago Oriente, debiendo, adem\u00e1s, cumplir durante el periodo de control con el plan de intervenci\u00f3n individual que se apruebe en su momento.<\/p>\n<p class=\"v1MsoNormal\" style=\"text-align: justify;\">Finalmente, el condenado no podr\u00e1, durante el tiempo de la condena, concurrir a la Caleta Tortel, aproximarse o comunicarse con la v\u00edctima en cualquier lugar en que se encuentre, domicilio, lugar de trabajo o estudio; cumplir con la obligaci\u00f3n de mantenerse en su domicilio desde las 24 horas y hasta las seis de la ma\u00f1ana del d\u00eda siguiente, medida que ser\u00e1 fiscalizada por carabineros y la obligaci\u00f3n de realizar un programa de orientaci\u00f3n en el \u00e1mbito de la sexualidad en la unidad asistencial correspondiente a su domicilio, por el t\u00e9rmino m\u00ednimo de seis meses.<\/p>\n<p class=\"v1MsoNormal\" style=\"text-align: justify;\">Una vez que el fallo quede ejecutoriado, el tribunal dispuso que se proceda a la toma de muestras biol\u00f3gicas del sentenciado para determinar\u00a0su huella gen\u00e9tica\u00a0e incorporaci\u00f3n en el registro nacional de ADN de condenados.<\/p>\n<p class=\"v1MsoNormal\" style=\"text-align: justify;\">El tribunal dio por acreditado, m\u00e1s all\u00e1 de toda duda razonable, que en horas de la tarde del 16 de enero de 2019, la v\u00edctima, una adolescente de 14 a\u00f1os de edad a la \u00e9poca de los hechos, en el restor\u00e1n \u00abEl Chilco\u00bb, ubicado en el sector Rinc\u00f3n Alto de Caleta Tortel, lleg\u00f3 al lugar Lara G\u00f3mez, acompa\u00f1ado de otras personas, a almorzar, siendo atendido por la joven. Finalizado el almuerzo, el condenado inici\u00f3 una conversaci\u00f3n con la v\u00edctima, habl\u00e1ndole con obscenidades, le da una palmada en la frente y le realiza tocamientos indebidos. Luego, se retira y vuelve m\u00e1s tarde solo al local \u00aby le pide a la adolescente que lo acompa\u00f1e a conocer su casa rodante, neg\u00e1ndose esta, pero frente a la insistencia y autorizaci\u00f3n de su abuela, lo acompa\u00f1a. En camino a la rotonda por la pasarela, el acusado saca dinero y se lo coloca en el bolsillo a la adolescente, arrebat\u00e1ndole posteriormente su tel\u00e9fono celular y, de forma agresiva, realiza en su contra acciones de relevancia y significaci\u00f3n sexual consistentes en tocar (&#8230;) por encima de la ropa, la agarra fuerte, le tironea la ropa, resisti\u00e9ndose la adolescente, golpeando su mano en la pasarela, trata de pedir ayuda, sin \u00e9xito, contin\u00faa caminando hasta llegar a la casa rodante donde le pide que suba a lo cual la adolescente se niega, realizando se\u00f1ales de ayuda, las que son atendidas por una pareja del sector, ante lo cual huye del lugar\u00bb.<\/p>\n<p class=\"v1MsoNormal\" style=\"text-align: justify;\">Decisi\u00f3n adoptada con la prevenci\u00f3n de la magistrada Mansilla Quiroz, quien estuvo por el cumplimiento efectivo de la pena.<\/p>\n<\/div><\/section><\/div><div  style='height:50px' class='hr hr-invisible   avia-builder-el-6  el_after_av_one_full  el_before_av_social_share '><span class='hr-inner ' ><span class='hr-inner-style'><\/span><\/span><\/div><\/p>\n<div  class='av-social-sharing-box  avia-builder-el-7  el_after_av_hr  el_before_av_hr  '><div class='av-share-box'><h5 class='av-share-link-description av-no-toc '>Compartir esta noticia<\/h5><ul class='av-share-box-list noLightbox'><li class='av-share-link av-social-link-facebook' ><a target=\"_blank\" aria-label=\"Compartir en Facebook\" href='https:\/\/www.facebook.com\/sharer.php?u=https:\/\/radiorevelacionfm.cl\/?p=7927&#038;t=Condenan%20a%204%20a%C3%B1os%20de%20libertad%20vigilada%20intensiva%20a%20autor%20de%20abuso%20sexual%20en%20Caleta%20Tortel' aria-hidden='false' data-av_icon='\ue8f3' data-av_iconfont='entypo-fontello' title='' data-avia-related-tooltip='Compartir en Facebook' rel=\"noopener\"><span class='avia_hidden_link_text'>Compartir en Facebook<\/span><\/a><\/li><li class='av-share-link av-social-link-twitter' ><a target=\"_blank\" aria-label=\"Compartir en Twitter\" href='https:\/\/twitter.com\/share?text=Condenan%20a%204%20a%C3%B1os%20de%20libertad%20vigilada%20intensiva%20a%20autor%20de%20abuso%20sexual%20en%20Caleta%20Tortel&#038;url=https:\/\/radiorevelacionfm.cl\/?p=7927' aria-hidden='false' data-av_icon='\ue8f1' data-av_iconfont='entypo-fontello' title='' data-avia-related-tooltip='Compartir en Twitter' rel=\"noopener\"><span class='avia_hidden_link_text'>Compartir en Twitter<\/span><\/a><\/li><li class='av-share-link av-social-link-whatsapp' ><a target=\"_blank\" aria-label=\"Compartir en Whatsapp\" href='https:\/\/api.whatsapp.com\/send?text=https:\/\/radiorevelacionfm.cl\/?p=7927' aria-hidden='false' data-av_icon='\uf232' data-av_iconfont='entypo-fontello' title='' data-avia-related-tooltip='Compartir en Whatsapp' rel=\"noopener\"><span class='avia_hidden_link_text'>Compartir en Whatsapp<\/span><\/a><\/li><li class='av-share-link av-social-link-linkedin' ><a target=\"_blank\" aria-label=\"Compartir en LinkedIn\" href='https:\/\/linkedin.com\/shareArticle?mini=true&#038;title=Condenan%20a%204%20a%C3%B1os%20de%20libertad%20vigilada%20intensiva%20a%20autor%20de%20abuso%20sexual%20en%20Caleta%20Tortel&#038;url=https:\/\/radiorevelacionfm.cl\/?p=7927' aria-hidden='false' data-av_icon='\ue8fc' data-av_iconfont='entypo-fontello' title='' data-avia-related-tooltip='Compartir en LinkedIn' rel=\"noopener\"><span class='avia_hidden_link_text'>Compartir en LinkedIn<\/span><\/a><\/li><li class='av-share-link av-social-link-mail' ><a  aria-label=\"Compartir por correo\" href='mailto:?subject=Condenan%20a%204%20a%C3%B1os%20de%20libertad%20vigilada%20intensiva%20a%20autor%20de%20abuso%20sexual%20en%20Caleta%20Tortel&#038;body=https:\/\/radiorevelacionfm.cl\/?p=7927' aria-hidden='false' data-av_icon='\ue805' data-av_iconfont='entypo-fontello' title='' data-avia-related-tooltip='Compartir por correo'><span class='avia_hidden_link_text'>Compartir por correo<\/span><\/a><\/li><\/ul><\/div><\/div>\n<div  style='height:50px' class='hr hr-invisible   avia-builder-el-8  el_after_av_social_share  el_before_av_comments_list '><span class='hr-inner ' ><span class='hr-inner-style'><\/span><\/span><\/div>\n<div  class='av-buildercomment  av-blog-meta-html-info-disabled av-blog-meta-tag-disabled  '><\/div>\n","protected":false},"excerpt":{"rendered":"","protected":false},"author":1,"featured_media":7928,"comment_status":"open","ping_status":"open","sticky":false,"template":"","format":"standard","meta":{"footnotes":""},"categories":[55],"tags":[],"class_list":["post-7927","post","type-post","status-publish","format-standard","has-post-thumbnail","hentry","category-justicia"],"jetpack_featured_media_url":"https:\/\/radiorevelacionfm.cl\/wp-content\/uploads\/2021\/08\/Foto-audiencia-TOP26-1-1.jpg","_links":{"self":[{"href":"https:\/\/radiorevelacionfm.cl\/index.php?rest_route=\/wp\/v2\/posts\/7927","targetHints":{"allow":["GET"]}}],"collection":[{"href":"https:\/\/radiorevelacionfm.cl\/index.php?rest_route=\/wp\/v2\/posts"}],"about":[{"href":"https:\/\/radiorevelacionfm.cl\/index.php?rest_route=\/wp\/v2\/types\/post"}],"author":[{"embeddable":true,"href":"https:\/\/radiorevelacionfm.cl\/index.php?rest_route=\/wp\/v2\/users\/1"}],"replies":[{"embeddable":true,"href":"https:\/\/radiorevelacionfm.cl\/index.php?rest_route=%2Fwp%2Fv2%2Fcomments&post=7927"}],"version-history":[{"count":1,"href":"https:\/\/radiorevelacionfm.cl\/index.php?rest_route=\/wp\/v2\/posts\/7927\/revisions"}],"predecessor-version":[{"id":7929,"href":"https:\/\/radiorevelacionfm.cl\/index.php?rest_route=\/wp\/v2\/posts\/7927\/revisions\/7929"}],"wp:featuredmedia":[{"embeddable":true,"href":"https:\/\/radiorevelacionfm.cl\/index.php?rest_route=\/wp\/v2\/media\/7928"}],"wp:attachment":[{"href":"https:\/\/radiorevelacionfm.cl\/index.php?rest_route=%2Fwp%2Fv2%2Fmedia&parent=7927"}],"wp:term":[{"taxonomy":"category","embeddable":true,"href":"https:\/\/radiorevelacionfm.cl\/index.php?rest_route=%2Fwp%2Fv2%2Fcategories&post=7927"},{"taxonomy":"post_tag","embeddable":true,"href":"https:\/\/radiorevelacionfm.cl\/index.php?rest_route=%2Fwp%2Fv2%2Ftags&post=7927"}],"curies":[{"name":"wp","href":"https:\/\/api.w.org\/{rel}","templated":true}]}}