{"id":7924,"date":"2021-08-26T19:27:40","date_gmt":"2021-08-26T22:27:40","guid":{"rendered":"https:\/\/radiorevelacionfm.cl\/?p=7924"},"modified":"2021-08-26T19:51:08","modified_gmt":"2021-08-26T22:51:08","slug":"injuv-lanza-14-cursos-gratuitos-de-formacion-y-preparacion-para-el-mundo-laboral","status":"publish","type":"post","link":"https:\/\/radiorevelacionfm.cl\/?p=7924","title":{"rendered":"Injuv lanza 14 cursos gratuitos de formaci\u00f3n y preparaci\u00f3n para el mundo laboral"},"content":{"rendered":"<div class=\"flex_column av_one_full  flex_column_div av-zero-column-padding first  avia-builder-el-0  el_before_av_one_full  avia-builder-el-first  \" style='border-radius:0px; '><div  class='avia-image-container  av-styling-    avia-builder-el-1  avia-builder-el-no-sibling  avia-align-center '  itemprop=\"image\" itemscope=\"itemscope\" itemtype=\"https:\/\/schema.org\/ImageObject\"  ><div class='avia-image-container-inner'><div class='avia-image-overlay-wrap'><img decoding=\"async\" class='wp-image-7925 avia-img-lazy-loading-not-7925 avia_image' src=\"https:\/\/radiorevelacionfm.cl\/wp-content\/uploads\/2021\/08\/Foto-1-4-1-1.jpg\" alt='' title='Foto 1 (4) (1) (1)' height=\"600\" width=\"900\"  itemprop=\"thumbnailUrl\" srcset=\"https:\/\/radiorevelacionfm.cl\/wp-content\/uploads\/2021\/08\/Foto-1-4-1-1.jpg 900w, https:\/\/radiorevelacionfm.cl\/wp-content\/uploads\/2021\/08\/Foto-1-4-1-1-300x200.jpg 300w, https:\/\/radiorevelacionfm.cl\/wp-content\/uploads\/2021\/08\/Foto-1-4-1-1-768x512.jpg 768w, https:\/\/radiorevelacionfm.cl\/wp-content\/uploads\/2021\/08\/Foto-1-4-1-1-705x470.jpg 705w, https:\/\/radiorevelacionfm.cl\/wp-content\/uploads\/2021\/08\/Foto-1-4-1-1-600x400.jpg 600w\" sizes=\"(max-width: 900px) 100vw, 900px\" \/><\/div><\/div><\/div><\/div>\n<div class=\"flex_column av_one_full  flex_column_div av-zero-column-padding first  avia-builder-el-2  el_after_av_one_full  el_before_av_one_full  column-top-margin\" style='border-radius:0px; '><section class=\"av_textblock_section \"  itemscope=\"itemscope\" itemtype=\"https:\/\/schema.org\/BlogPosting\" itemprop=\"blogPost\" ><div class='avia_textblock  '   itemprop=\"text\" ><p align=\"center\"><strong><span style=\"font-size: 18pt;\">Injuv lanza 14 cursos gratuitos de formaci\u00f3n y preparaci\u00f3n para el mundo laboral <\/span><\/strong><\/p>\n<div id=\"gtx-trans\" style=\"position: absolute; left: -50px; top: 4.31534px;\">\n<div class=\"gtx-trans-icon\"><\/div>\n<\/div>\n<\/div><\/section><\/div>\n<div class=\"flex_column av_one_full  flex_column_div av-zero-column-padding first  avia-builder-el-4  el_after_av_one_full  el_before_av_hr  column-top-margin\" style='border-radius:0px; '><section class=\"av_textblock_section \"  itemscope=\"itemscope\" itemtype=\"https:\/\/schema.org\/BlogPosting\" itemprop=\"blogPost\" ><div class='avia_textblock  '   itemprop=\"text\" ><p style=\"text-align: justify;\">El Instituto Nacional de la Juventud (Injuv), junto a la Fundaci\u00f3n Telef\u00f3nica y la empresa IBM lanz\u00f3 la convocatoria del segundo semestre de Campus Injuv, un programa orientado a entregar becas a j\u00f3venes de entre 15 y 29 a\u00f1os para que accedan a cursos de formaci\u00f3n con el objetivo de insertarles en el mundo laboral.<\/p>\n<p style=\"text-align: justify;\">\u201cNuestro objetivo como INJUV es que a trav\u00e9s de estos cursos podamos entregar las herramientas necesarias para que los j\u00f3venes se manejen en \u00e1reas altamente demandadas, de forma gratuita y online, a trav\u00e9s de un formato amigable que les permite avanzar a su propio ritmo. Invitamos a todos los j\u00f3venes de la regi\u00f3n a inscribirse y participar de esta segunda instancia, puesto que les sirve mucho para capacitarse y perfeccionarse en distintos \u00e1mbitos\u201d, explica la directora regional de INJUV Ays\u00e9n, Silvia Leiva Henr\u00edquez.<\/p>\n<p style=\"text-align: justify;\">Se trata de un formato asincr\u00f3nico en el que podr\u00e1s avanzar a tu propio ritmo y en esta oportunidad son 14 los cursos que estar\u00e1n disponibles, de los cuales podr\u00e1s elegir hasta un m\u00e1ximo de cinco:<\/p>\n<ol style=\"text-align: justify;\">\n<li style=\"text-align: left;\"><strong>Explorando tecnolog\u00ed<\/strong><strong>as emergentes:<\/strong><strong>\u202f<\/strong> introducci\u00f3n a Computaci\u00f3n en la nube, Inteligencia artificial, Ciberseguridad, Ciencia de datos, Blockchain e Internet de las cosas. De ah\u00ed podr\u00e1s profundizar en la que quieras.<\/li>\n<\/ol>\n<ol style=\"text-align: justify;\" start=\"2\">\n<li><strong>Design<\/strong><strong>Thinking:<\/strong><strong>\u00a0<\/strong>es la infraestructura que utiliza las empresas, los negocios y las\u00a0start-ups para todo tipo de tareas: colaborar, alinear equipos, solucionar problemas reales, mejorar la experiencia de usuario y responder r\u00e1pidamente.<\/li>\n<\/ol>\n<ol style=\"text-align: justify;\" start=\"3\">\n<li><strong>Fundamentos de Ciberseguridad: <\/strong>se aprender\u00e1 acerca de los atacantes cibern\u00e9ticos, sus t\u00e1cticas, ingenier\u00eda social y estudios de casos de alto perfil, adem\u00e1s de los enfoques comunes que las organizaciones toman para prevenir, detectar y responder a los ataques cibern\u00e9ticos.<\/li>\n<\/ol>\n<ol style=\"text-align: justify;\" start=\"4\">\n<li><strong>Habilidades profesionales: <\/strong>creaci\u00f3n y entrega de presentaciones, la comunicaci\u00f3n con el impacto, la colaboraci\u00f3n eficaz con los equipos, la soluci\u00f3n de desaf\u00edos de una manera controlada y enfocada, el uso de enfoques \u00e1giles para trabajar profesionalmente para ofrecer trabajos y experiencias de calidad a los clientes, adem\u00e1s de la resoluci\u00f3n de problemas y la implementaci\u00f3n de soluciones.<\/li>\n<\/ol>\n<ol style=\"text-align: justify;\" start=\"5\">\n<li><strong>Tecnolog\u00ed<\/strong><strong>as para robots cognitivos: <\/strong>adquirir\u00e1s habilidades para la introducci\u00f3n a la programaci\u00f3n a trav\u00e9s de\u00a0Node-RED.\u202fAprender\u00e1s diferentes tecnolog\u00edas que han permitido la creaci\u00f3n de robots con capacidades cognitivas que son\u00a0capaces de entender e interactuar con el mundo f\u00edsico y digital simult\u00e1neamente.<\/li>\n<li><strong>Prepar\u00e1<\/strong><strong>ndose para el primer empleo: <\/strong>obtendr\u00e1s una marca profesional, un plan de carrera que se adec\u00fae a tus habilidades y ambiciones y un curr\u00edculum vitae y habilidades para entrevistas que hagan que tus solicitudes de empleo destaquen.<\/li>\n<\/ol>\n<ol style=\"text-align: justify;\" start=\"7\">\n<li><strong>Aprende a planificar y gestionar estrategias en Redes Sociales: <\/strong>conocimiento b\u00e1sico y necesario que toda persona que emprende o sea due\u00f1a de un negocio aumente el reconocimiento de su marca y consiga un mayor n\u00famero de clientes.<\/li>\n<\/ol>\n<ol style=\"text-align: justify;\" start=\"8\">\n<li><strong>Networking<\/strong><strong>y marketing personal:<\/strong><strong>\u00a0<\/strong>te ayudaremos a descubrir aspectos que contribuir\u00e1n a construir un perfil profesional robusto, atractivo y que te haga feliz. En resumen, lograr\u00e1s descubrir y definir tu marca personal, y, a la vez, construir una valiosa red de contactos.<\/li>\n<\/ol>\n<ol style=\"text-align: justify;\" start=\"9\">\n<li><strong>Gestiona tus proyectos de forma <\/strong><strong>\u00e1<\/strong><strong>gil a trav\u00e9<\/strong><strong>s del<\/strong><strong>\u00a0smartphone:\u00a0<\/strong>cambia,\u00a0desde el principio, algunos de tus h\u00e1bitos de trabajo para gestionar tu d\u00eda a d\u00eda de una forma mucho m\u00e1s inteligente. Adem\u00e1s de conocer diversas t\u00e9cnicas que mejorar\u00e1n tu productividad te presentaremos varias apps y recursos tecnol\u00f3gicos que pueden ayudarte.<\/li>\n<\/ol>\n<ol style=\"text-align: justify;\" start=\"10\">\n<li><strong>Principios b<\/strong><strong>\u00e1<\/strong><strong>sicos del<\/strong><strong>big<\/strong><strong>\u00a0data:\u00a0\u00a0<\/strong>conocer los conceptos b\u00e1sicos del\u00a0big\u00a0data, estrategias y gobierno de datos.<\/li>\n<\/ol>\n<ol style=\"text-align: justify;\" start=\"11\">\n<li><strong>Aprender a desarrollar un plan de comunicaci\u00f3<\/strong><strong>n: <\/strong>Descubre la clave para destacar frente a la competencia y ser la opci\u00f3n que los clientes elijan est\u00e1 en dedicar tiempo en conocer a tu cliente, realizar una correcta segmentaci\u00f3n, y generar contenido relevante que vaya en busca de las emociones del cliente y que lo cautive.<\/li>\n<\/ol>\n<ol style=\"text-align: justify;\" start=\"12\">\n<li><strong>Gesti<\/strong><strong>\u00f3n de proyectos de metodolog<\/strong><strong>\u00ed<\/strong><strong>as <\/strong><strong>\u00e1giles:\u00a0<\/strong>aprender sus diferencias con respecto a otros enfoques para conocer sus ventajas. \u00bfQu\u00e9 es Scrum? \u00bfQu\u00e9 es Kanban?<\/li>\n<\/ol>\n<ol style=\"text-align: justify;\" start=\"13\">\n<li><strong>Innovaci<\/strong><strong>\u00f3n y Emprendimiento: <\/strong>identificar y evaluar, a partir de una idea, una oportunidad de negocio, con el fin de planear, organizar y realizar actividades innovadoras que faciliten la adopci\u00f3n de una concepci\u00f3n emprendedora.<\/li>\n<\/ol>\n<ol style=\"text-align: justify;\" start=\"14\">\n<li><strong>Educaci\u00f3n Financiera: <\/strong>herramientas en el desarrollo de competencias de planificaci\u00f3n y organizaci\u00f3n de sus recursos econ\u00f3micos, permitiendo la toma de buenas decisiones en este contexto.<\/li>\n<\/ol>\n<p style=\"text-align: justify;\"><strong>\u00bfC\u00f3mo participar?<\/strong><\/p>\n<p style=\"text-align: justify;\">Primero debes postular a trav\u00e9s del siguiente link: <a href=\"https:\/\/extranet.injuv.gob.cl\/campus-injuv\/\">https:\/\/extranet.injuv.gob.cl\/campus-injuv\/<\/a><\/p>\n<p style=\"text-align: justify;\">Si tu postulaci\u00f3n fue aprobada tendr\u00e1s dos maneras de ingresar a los cursos. Primero, si estos corresponden a Fundaci\u00f3n Telef\u00f3nica o Injuv, te llegar\u00e1 un correo electr\u00f3nico con los datos de acceso a la plataforma Campus INJUV (<a href=\"http:\/\/campus.injuv.gob.cl\">http:\/\/campus.injuv.gob.cl<\/a>) con tu usuario y clave.<\/p>\n<p style=\"text-align: justify;\">En tanto, si quieres acceder a los cursos impartidos por IBM, te llegar\u00e1 un correo electr\u00f3nico con dos links. Uno para inscribirte en la plataforma de IBM y otro para ingresar a esta.<\/p>\n<\/div><\/section><\/div><div  style='height:50px' class='hr hr-invisible   avia-builder-el-6  el_after_av_one_full  el_before_av_social_share '><span class='hr-inner ' ><span class='hr-inner-style'><\/span><\/span><\/div><\/p>\n<div  class='av-social-sharing-box  avia-builder-el-7  el_after_av_hr  el_before_av_hr  '><div class='av-share-box'><h5 class='av-share-link-description av-no-toc '>Compartir esta noticia<\/h5><ul class='av-share-box-list noLightbox'><li class='av-share-link av-social-link-facebook' ><a target=\"_blank\" aria-label=\"Compartir en Facebook\" href='https:\/\/www.facebook.com\/sharer.php?u=https:\/\/radiorevelacionfm.cl\/?p=7924&#038;t=Injuv%20lanza%2014%20cursos%20gratuitos%20de%20formaci%C3%B3n%20y%20preparaci%C3%B3n%20para%20el%20mundo%20laboral' aria-hidden='false' data-av_icon='\ue8f3' data-av_iconfont='entypo-fontello' title='' data-avia-related-tooltip='Compartir en Facebook' rel=\"noopener\"><span class='avia_hidden_link_text'>Compartir en Facebook<\/span><\/a><\/li><li class='av-share-link av-social-link-twitter' ><a target=\"_blank\" aria-label=\"Compartir en Twitter\" href='https:\/\/twitter.com\/share?text=Injuv%20lanza%2014%20cursos%20gratuitos%20de%20formaci%C3%B3n%20y%20preparaci%C3%B3n%20para%20el%20mundo%20laboral&#038;url=https:\/\/radiorevelacionfm.cl\/?p=7924' aria-hidden='false' data-av_icon='\ue8f1' data-av_iconfont='entypo-fontello' title='' data-avia-related-tooltip='Compartir en Twitter' rel=\"noopener\"><span class='avia_hidden_link_text'>Compartir en Twitter<\/span><\/a><\/li><li class='av-share-link av-social-link-whatsapp' ><a target=\"_blank\" aria-label=\"Compartir en Whatsapp\" href='https:\/\/api.whatsapp.com\/send?text=https:\/\/radiorevelacionfm.cl\/?p=7924' aria-hidden='false' data-av_icon='\uf232' data-av_iconfont='entypo-fontello' title='' data-avia-related-tooltip='Compartir en Whatsapp' rel=\"noopener\"><span class='avia_hidden_link_text'>Compartir en Whatsapp<\/span><\/a><\/li><li class='av-share-link av-social-link-linkedin' ><a target=\"_blank\" aria-label=\"Compartir en LinkedIn\" href='https:\/\/linkedin.com\/shareArticle?mini=true&#038;title=Injuv%20lanza%2014%20cursos%20gratuitos%20de%20formaci%C3%B3n%20y%20preparaci%C3%B3n%20para%20el%20mundo%20laboral&#038;url=https:\/\/radiorevelacionfm.cl\/?p=7924' aria-hidden='false' data-av_icon='\ue8fc' data-av_iconfont='entypo-fontello' title='' data-avia-related-tooltip='Compartir en LinkedIn' rel=\"noopener\"><span class='avia_hidden_link_text'>Compartir en LinkedIn<\/span><\/a><\/li><li class='av-share-link av-social-link-mail' ><a  aria-label=\"Compartir por correo\" href='mailto:?subject=Injuv%20lanza%2014%20cursos%20gratuitos%20de%20formaci%C3%B3n%20y%20preparaci%C3%B3n%20para%20el%20mundo%20laboral&#038;body=https:\/\/radiorevelacionfm.cl\/?p=7924' aria-hidden='false' data-av_icon='\ue805' data-av_iconfont='entypo-fontello' title='' data-avia-related-tooltip='Compartir por correo'><span class='avia_hidden_link_text'>Compartir por correo<\/span><\/a><\/li><\/ul><\/div><\/div>\n<div  style='height:50px' class='hr hr-invisible   avia-builder-el-8  el_after_av_social_share  el_before_av_comments_list '><span class='hr-inner ' ><span class='hr-inner-style'><\/span><\/span><\/div>\n<div  class='av-buildercomment  av-blog-meta-html-info-disabled av-blog-meta-tag-disabled  '><\/div>\n","protected":false},"excerpt":{"rendered":"","protected":false},"author":1,"featured_media":7925,"comment_status":"open","ping_status":"open","sticky":false,"template":"","format":"standard","meta":{"footnotes":""},"categories":[38],"tags":[],"class_list":["post-7924","post","type-post","status-publish","format-standard","has-post-thumbnail","hentry","category-regional"],"jetpack_featured_media_url":"https:\/\/radiorevelacionfm.cl\/wp-content\/uploads\/2021\/08\/Foto-1-4-1-1.jpg","_links":{"self":[{"href":"https:\/\/radiorevelacionfm.cl\/index.php?rest_route=\/wp\/v2\/posts\/7924","targetHints":{"allow":["GET"]}}],"collection":[{"href":"https:\/\/radiorevelacionfm.cl\/index.php?rest_route=\/wp\/v2\/posts"}],"about":[{"href":"https:\/\/radiorevelacionfm.cl\/index.php?rest_route=\/wp\/v2\/types\/post"}],"author":[{"embeddable":true,"href":"https:\/\/radiorevelacionfm.cl\/index.php?rest_route=\/wp\/v2\/users\/1"}],"replies":[{"embeddable":true,"href":"https:\/\/radiorevelacionfm.cl\/index.php?rest_route=%2Fwp%2Fv2%2Fcomments&post=7924"}],"version-history":[{"count":3,"href":"https:\/\/radiorevelacionfm.cl\/index.php?rest_route=\/wp\/v2\/posts\/7924\/revisions"}],"predecessor-version":[{"id":7942,"href":"https:\/\/radiorevelacionfm.cl\/index.php?rest_route=\/wp\/v2\/posts\/7924\/revisions\/7942"}],"wp:featuredmedia":[{"embeddable":true,"href":"https:\/\/radiorevelacionfm.cl\/index.php?rest_route=\/wp\/v2\/media\/7925"}],"wp:attachment":[{"href":"https:\/\/radiorevelacionfm.cl\/index.php?rest_route=%2Fwp%2Fv2%2Fmedia&parent=7924"}],"wp:term":[{"taxonomy":"category","embeddable":true,"href":"https:\/\/radiorevelacionfm.cl\/index.php?rest_route=%2Fwp%2Fv2%2Fcategories&post=7924"},{"taxonomy":"post_tag","embeddable":true,"href":"https:\/\/radiorevelacionfm.cl\/index.php?rest_route=%2Fwp%2Fv2%2Ftags&post=7924"}],"curies":[{"name":"wp","href":"https:\/\/api.w.org\/{rel}","templated":true}]}}