{"id":7920,"date":"2021-08-26T16:28:31","date_gmt":"2021-08-26T19:28:31","guid":{"rendered":"https:\/\/radiorevelacionfm.cl\/?p=7920"},"modified":"2021-08-26T16:28:31","modified_gmt":"2021-08-26T19:28:31","slug":"diputado-calisto-el-litoral-de-aysen-necesita-con-urgencia-una-lancha-ambulancia","status":"publish","type":"post","link":"https:\/\/radiorevelacionfm.cl\/?p=7920","title":{"rendered":"Diputado Calisto \u201cEl litoral de Ays\u00e9n necesita con urgencia una lancha ambulancia\u201d"},"content":{"rendered":"<div class=\"flex_column av_one_full  flex_column_div av-zero-column-padding first  avia-builder-el-0  el_before_av_one_full  avia-builder-el-first  \" style='border-radius:0px; '><div  class='avia-image-container  av-styling-    avia-builder-el-1  avia-builder-el-no-sibling  avia-align-center '  itemprop=\"image\" itemscope=\"itemscope\" itemtype=\"https:\/\/schema.org\/ImageObject\"  ><div class='avia-image-container-inner'><div class='avia-image-overlay-wrap'><img decoding=\"async\" class='wp-image-7922 avia-img-lazy-loading-not-7922 avia_image' src=\"https:\/\/radiorevelacionfm.cl\/wp-content\/uploads\/2021\/08\/ISLAS-HUICHAS-2-2-1.jpg\" alt='' title='ISLAS HUICHAS (2) (2) (1)' height=\"600\" width=\"1018\"  itemprop=\"thumbnailUrl\" srcset=\"https:\/\/radiorevelacionfm.cl\/wp-content\/uploads\/2021\/08\/ISLAS-HUICHAS-2-2-1.jpg 1018w, https:\/\/radiorevelacionfm.cl\/wp-content\/uploads\/2021\/08\/ISLAS-HUICHAS-2-2-1-300x177.jpg 300w, https:\/\/radiorevelacionfm.cl\/wp-content\/uploads\/2021\/08\/ISLAS-HUICHAS-2-2-1-768x453.jpg 768w, https:\/\/radiorevelacionfm.cl\/wp-content\/uploads\/2021\/08\/ISLAS-HUICHAS-2-2-1-705x416.jpg 705w, https:\/\/radiorevelacionfm.cl\/wp-content\/uploads\/2021\/08\/ISLAS-HUICHAS-2-2-1-600x354.jpg 600w\" sizes=\"(max-width: 1018px) 100vw, 1018px\" \/><\/div><\/div><\/div><\/div><div class=\"flex_column av_one_full  flex_column_div av-zero-column-padding first  avia-builder-el-2  el_after_av_one_full  el_before_av_one_full  column-top-margin\" style='border-radius:0px; '><section class=\"av_textblock_section \"  itemscope=\"itemscope\" itemtype=\"https:\/\/schema.org\/BlogPosting\" itemprop=\"blogPost\" ><div class='avia_textblock  '   itemprop=\"text\" ><p style=\"text-align: center;\"><strong><span style=\"font-size: 18pt;\">Diputado Calisto \u201cEl litoral de Ays\u00e9n necesita con urgencia una lancha ambulancia\u201d<\/span><\/strong><\/p>\n<div id=\"gtx-trans\" style=\"position: absolute; left: -50px; top: 4.31534px;\">\n<div class=\"gtx-trans-icon\"><\/div>\n<\/div>\n<\/div><\/section><\/div><div class=\"flex_column av_one_full  flex_column_div av-zero-column-padding first  avia-builder-el-4  el_after_av_one_full  el_before_av_hr  column-top-margin\" style='border-radius:0px; '><section class=\"av_textblock_section \"  itemscope=\"itemscope\" itemtype=\"https:\/\/schema.org\/BlogPosting\" itemprop=\"blogPost\" ><div class='avia_textblock  '   itemprop=\"text\" ><p style=\"font-weight: 400; text-align: justify;\">Consciente de los problemas que tienen las vecinas y vecinos de las distintas localidades de Islas Huichas en materia de salud, especialmente relacionados a la falta de resolutividad y equipamientos en las postas, el diputado Miguel \u00c1ngel Calisto reiter\u00f3 la necesidad de poder contar con una lancha ambulancia en el litoral aisenino que permita agilizar el traslado de pacientes y dar seguridad a la poblaci\u00f3n de este sector.<\/p>\n<p style=\"font-weight: 400; text-align: justify;\">Seg\u00fan el diputado Calisto, quien se reuni\u00f3 por este tema con Juan Carlos Orellana, dirigente de la localidad, \u201cson muchos los vecinos y dirigentes que est\u00e1n preocupados respecto de la situaci\u00f3n de salud que afecta a Islas Huichas, Caleta Andrade y Estero Copa. Existe una falta notoria de equipamientos m\u00e9dicos y resolutividad que permitan una salud digna a los vecinos que viven en estos sectores m\u00e1s aislados\u201d.<\/p>\n<p style=\"font-weight: 400; text-align: justify;\">\u201cUno de las necesidades m\u00e1s sentidas es una lancha ambulancia en el litoral de Ays\u00e9n, que permita una funci\u00f3n de traslado entre Islas Huichas y el hospital de Puerto Ays\u00e9n. Lamentablemente, hay excesiva burocracia en los traslados de personas desde la isla hasta los principales centros de salud de la regi\u00f3n, adem\u00e1s porque no existen equipamientos m\u00e9dicos ni resolutividad\u201d, se\u00f1al\u00f3.<\/p>\n<p style=\"font-weight: 400; text-align: justify;\">El diputado inform\u00f3 que \u201cante esto, es fundamental agilizar todo lo necesario en lo referido a equipamiento y tener esta lancha ambulancia que le de seguridad a todas las localidades de Islas Huichas y del litoral, necesitamos garantizar seguridad y que la gente no se siga muriendo en sectores aislador por falta de resolutividad de los servicios m\u00e9dicos\u201d.<\/p>\n<p style=\"font-weight: 400; text-align: justify;\">\u201cPor lo tanto, hemos iniciado este trabajo, con la finalidad que Islas Huichas pueda contar con esta lancha ambulancia lo antes posible, por lo que buscaremos garantizar que esto quede en la ley de presupuesto de este a\u00f1o, para que durante 2022 pueda estar en funcionamiento. Tambi\u00e9n se nos ha informado desde el Servicio de Salud Ays\u00e9n que la posta comenzar\u00e1 a funcionar durante los pr\u00f3ximos, meses, lo que me parece una buena noticia\u201d, se\u00f1al\u00f3 el legislador.<\/p>\n<p style=\"font-weight: 400; text-align: justify;\">Por su parte, Juan Carlos Orellana se\u00f1al\u00f3 que \u201ctenemos la necesidad imperiosa de equipamiento, para que se pueda dar un diagn\u00f3stico claro, oportuno, como tambi\u00e9n mejorar los horarios de atenci\u00f3n para que sea continuo. Necesitamos autonom\u00eda para poder hacer evacuaciones m\u00e9dicas con m\u00e1s rapidez, esto por la lejan\u00eda y el aislamiento que vivimos. Que las postas tengan m\u00e1s autonom\u00eda y puedan evaluar m\u00e1s r\u00e1pido una evaluaci\u00f3n m\u00e9dica\u201d, se\u00f1al\u00f3.<\/p>\n<p style=\"font-weight: 400; text-align: justify;\">Con respecto a la Lancha Ambulancia, el dirigente indic\u00f3 que \u201ces mucha la necesidad, porque ahora dependemos de terceros para poder hacer las evacuaciones m\u00e9dicas. Ahora se presenta al paciente a una especie de intermediario, quienes eval\u00faan, pero la decisi\u00f3n de trasladarlo se toma a cientos de kil\u00f3metros de donde est\u00e1 el paciente, se decida si debe trasladarse. Esto tambi\u00e9n depende, porque por lo general los traslados los realiza la Armada, y algunas veces la lancha ni siquiera est\u00e1 en Puerto Aguirre\u201d.<\/p>\n<\/div><\/section><\/div><div  style='height:50px' class='hr hr-invisible   avia-builder-el-6  el_after_av_one_full  el_before_av_social_share '><span class='hr-inner ' ><span class='hr-inner-style'><\/span><\/span><\/div><\/p>\n<div  class='av-social-sharing-box  avia-builder-el-7  el_after_av_hr  el_before_av_hr  '><div class='av-share-box'><h5 class='av-share-link-description av-no-toc '>Compartir esta noticia<\/h5><ul class='av-share-box-list noLightbox'><li class='av-share-link av-social-link-facebook' ><a target=\"_blank\" aria-label=\"Compartir en Facebook\" href='https:\/\/www.facebook.com\/sharer.php?u=https:\/\/radiorevelacionfm.cl\/?p=7920&#038;t=Diputado%20Calisto%20%E2%80%9CEl%20litoral%20de%20Ays%C3%A9n%20necesita%20con%20urgencia%20una%20lancha%20ambulancia%E2%80%9D' aria-hidden='false' data-av_icon='\ue8f3' data-av_iconfont='entypo-fontello' title='' data-avia-related-tooltip='Compartir en Facebook' rel=\"noopener\"><span class='avia_hidden_link_text'>Compartir en Facebook<\/span><\/a><\/li><li class='av-share-link av-social-link-twitter' ><a target=\"_blank\" aria-label=\"Compartir en Twitter\" href='https:\/\/twitter.com\/share?text=Diputado%20Calisto%20%E2%80%9CEl%20litoral%20de%20Ays%C3%A9n%20necesita%20con%20urgencia%20una%20lancha%20ambulancia%E2%80%9D&#038;url=https:\/\/radiorevelacionfm.cl\/?p=7920' aria-hidden='false' data-av_icon='\ue8f1' data-av_iconfont='entypo-fontello' title='' data-avia-related-tooltip='Compartir en Twitter' rel=\"noopener\"><span class='avia_hidden_link_text'>Compartir en Twitter<\/span><\/a><\/li><li class='av-share-link av-social-link-whatsapp' ><a target=\"_blank\" aria-label=\"Compartir en Whatsapp\" href='https:\/\/api.whatsapp.com\/send?text=https:\/\/radiorevelacionfm.cl\/?p=7920' aria-hidden='false' data-av_icon='\uf232' data-av_iconfont='entypo-fontello' title='' data-avia-related-tooltip='Compartir en Whatsapp' rel=\"noopener\"><span class='avia_hidden_link_text'>Compartir en Whatsapp<\/span><\/a><\/li><li class='av-share-link av-social-link-linkedin' ><a target=\"_blank\" aria-label=\"Compartir en LinkedIn\" href='https:\/\/linkedin.com\/shareArticle?mini=true&#038;title=Diputado%20Calisto%20%E2%80%9CEl%20litoral%20de%20Ays%C3%A9n%20necesita%20con%20urgencia%20una%20lancha%20ambulancia%E2%80%9D&#038;url=https:\/\/radiorevelacionfm.cl\/?p=7920' aria-hidden='false' data-av_icon='\ue8fc' data-av_iconfont='entypo-fontello' title='' data-avia-related-tooltip='Compartir en LinkedIn' rel=\"noopener\"><span class='avia_hidden_link_text'>Compartir en LinkedIn<\/span><\/a><\/li><li class='av-share-link av-social-link-mail' ><a  aria-label=\"Compartir por correo\" href='mailto:?subject=Diputado%20Calisto%20%E2%80%9CEl%20litoral%20de%20Ays%C3%A9n%20necesita%20con%20urgencia%20una%20lancha%20ambulancia%E2%80%9D&#038;body=https:\/\/radiorevelacionfm.cl\/?p=7920' aria-hidden='false' data-av_icon='\ue805' data-av_iconfont='entypo-fontello' title='' data-avia-related-tooltip='Compartir por correo'><span class='avia_hidden_link_text'>Compartir por correo<\/span><\/a><\/li><\/ul><\/div><\/div>\n<div  style='height:50px' class='hr hr-invisible   avia-builder-el-8  el_after_av_social_share  el_before_av_comments_list '><span class='hr-inner ' ><span class='hr-inner-style'><\/span><\/span><\/div>\n<div  class='av-buildercomment  av-blog-meta-html-info-disabled av-blog-meta-tag-disabled  '><\/div>\n","protected":false},"excerpt":{"rendered":"","protected":false},"author":1,"featured_media":7922,"comment_status":"open","ping_status":"open","sticky":false,"template":"","format":"standard","meta":{"footnotes":""},"categories":[35],"tags":[],"class_list":["post-7920","post","type-post","status-publish","format-standard","has-post-thumbnail","hentry","category-politica"],"jetpack_featured_media_url":"https:\/\/radiorevelacionfm.cl\/wp-content\/uploads\/2021\/08\/ISLAS-HUICHAS-2-2-1.jpg","_links":{"self":[{"href":"https:\/\/radiorevelacionfm.cl\/index.php?rest_route=\/wp\/v2\/posts\/7920","targetHints":{"allow":["GET"]}}],"collection":[{"href":"https:\/\/radiorevelacionfm.cl\/index.php?rest_route=\/wp\/v2\/posts"}],"about":[{"href":"https:\/\/radiorevelacionfm.cl\/index.php?rest_route=\/wp\/v2\/types\/post"}],"author":[{"embeddable":true,"href":"https:\/\/radiorevelacionfm.cl\/index.php?rest_route=\/wp\/v2\/users\/1"}],"replies":[{"embeddable":true,"href":"https:\/\/radiorevelacionfm.cl\/index.php?rest_route=%2Fwp%2Fv2%2Fcomments&post=7920"}],"version-history":[{"count":1,"href":"https:\/\/radiorevelacionfm.cl\/index.php?rest_route=\/wp\/v2\/posts\/7920\/revisions"}],"predecessor-version":[{"id":7923,"href":"https:\/\/radiorevelacionfm.cl\/index.php?rest_route=\/wp\/v2\/posts\/7920\/revisions\/7923"}],"wp:featuredmedia":[{"embeddable":true,"href":"https:\/\/radiorevelacionfm.cl\/index.php?rest_route=\/wp\/v2\/media\/7922"}],"wp:attachment":[{"href":"https:\/\/radiorevelacionfm.cl\/index.php?rest_route=%2Fwp%2Fv2%2Fmedia&parent=7920"}],"wp:term":[{"taxonomy":"category","embeddable":true,"href":"https:\/\/radiorevelacionfm.cl\/index.php?rest_route=%2Fwp%2Fv2%2Fcategories&post=7920"},{"taxonomy":"post_tag","embeddable":true,"href":"https:\/\/radiorevelacionfm.cl\/index.php?rest_route=%2Fwp%2Fv2%2Ftags&post=7920"}],"curies":[{"name":"wp","href":"https:\/\/api.w.org\/{rel}","templated":true}]}}