{"id":7917,"date":"2021-08-26T14:11:51","date_gmt":"2021-08-26T17:11:51","guid":{"rendered":"https:\/\/radiorevelacionfm.cl\/?p=7917"},"modified":"2021-08-26T14:11:51","modified_gmt":"2021-08-26T17:11:51","slug":"gobierno-valora-veredicto-condenatorio-en-contra-del-autor-por-violacion-con-femicidio-consumado","status":"publish","type":"post","link":"https:\/\/radiorevelacionfm.cl\/?p=7917","title":{"rendered":"Gobierno valora veredicto condenatorio en contra del autor por violaci\u00f3n con femicidio consumado"},"content":{"rendered":"<div class=\"flex_column av_one_full  flex_column_div av-zero-column-padding first  avia-builder-el-0  el_before_av_one_full  avia-builder-el-first  \" style='border-radius:0px; '><div  class='avia-image-container  av-styling-    avia-builder-el-1  avia-builder-el-no-sibling  avia-align-center '  itemprop=\"image\" itemscope=\"itemscope\" itemtype=\"https:\/\/schema.org\/ImageObject\"  ><div class='avia-image-container-inner'><div class='avia-image-overlay-wrap'><img decoding=\"async\" class='wp-image-7918 avia-img-lazy-loading-not-7918 avia_image' src=\"https:\/\/radiorevelacionfm.cl\/wp-content\/uploads\/2021\/08\/Gobierno-valora-veredicto-FC-1-1.jpg\" alt='' title='Gobierno valora veredicto FC (1) (1)' height=\"600\" width=\"1289\"  itemprop=\"thumbnailUrl\" srcset=\"https:\/\/radiorevelacionfm.cl\/wp-content\/uploads\/2021\/08\/Gobierno-valora-veredicto-FC-1-1.jpg 1289w, https:\/\/radiorevelacionfm.cl\/wp-content\/uploads\/2021\/08\/Gobierno-valora-veredicto-FC-1-1-300x140.jpg 300w, https:\/\/radiorevelacionfm.cl\/wp-content\/uploads\/2021\/08\/Gobierno-valora-veredicto-FC-1-1-1030x479.jpg 1030w, https:\/\/radiorevelacionfm.cl\/wp-content\/uploads\/2021\/08\/Gobierno-valora-veredicto-FC-1-1-768x357.jpg 768w, https:\/\/radiorevelacionfm.cl\/wp-content\/uploads\/2021\/08\/Gobierno-valora-veredicto-FC-1-1-705x328.jpg 705w, https:\/\/radiorevelacionfm.cl\/wp-content\/uploads\/2021\/08\/Gobierno-valora-veredicto-FC-1-1-600x279.jpg 600w\" sizes=\"(max-width: 1289px) 100vw, 1289px\" \/><\/div><\/div><\/div><\/div><div class=\"flex_column av_one_full  flex_column_div av-zero-column-padding first  avia-builder-el-2  el_after_av_one_full  el_before_av_one_full  column-top-margin\" style='border-radius:0px; '><section class=\"av_textblock_section \"  itemscope=\"itemscope\" itemtype=\"https:\/\/schema.org\/BlogPosting\" itemprop=\"blogPost\" ><div class='avia_textblock  '   itemprop=\"text\" ><p style=\"text-align: center;\"><strong><span style=\"font-size: 18pt;\">Gobierno valora veredicto condenatorio en contra del autor por violaci\u00f3n con femicidio consumado<\/span><\/strong><\/p>\n<div id=\"gtx-trans\" style=\"position: absolute; left: -50px; top: 4.31534px;\">\n<div class=\"gtx-trans-icon\"><\/div>\n<\/div>\n<\/div><\/section><\/div><div class=\"flex_column av_one_full  flex_column_div av-zero-column-padding first  avia-builder-el-4  el_after_av_one_full  el_before_av_hr  column-top-margin\" style='border-radius:0px; '><section class=\"av_textblock_section \"  itemscope=\"itemscope\" itemtype=\"https:\/\/schema.org\/BlogPosting\" itemprop=\"blogPost\" ><div class='avia_textblock  '   itemprop=\"text\" ><p style=\"font-weight: 400; text-align: justify;\">V\u00eda telem\u00e1tica se realiz\u00f3 la audiencia del Tribunal de Juicio Oral en lo Penal de Coyhaique que dict\u00f3 veredicto condenatorio en contra del imputado Cristi\u00e1n Fabi\u00e1n D\u00edaz por violaci\u00f3n con femicidio de la joven de iniciales J.A.M.V., ocurrido en octubre del a\u00f1o pasado. El pr\u00f3ximo martes 31 de agosto a las 15:30 horas ser\u00e1 dada a conocer la lectura de la sentencia, en la que el Servicio Nacional de la Mujer y la Equidad de G\u00e9nero, SernamEG, particip\u00f3 como querellante en el juicio; en representaci\u00f3n de la familia de la joven v\u00edctima.<\/p>\n<p style=\"font-weight: 400; text-align: justify;\">La Seremi de la Mujer y Equidad de G\u00e9nero, B\u00e1rbara Ort\u00fazar Candia, dijo: \u201cfuimos testigos de un caso sumamente violento, donde se le arrebat\u00f3 la vida a una joven mujer de nuestra regi\u00f3n. Como Ministerio, no s\u00f3lo condenamos en\u00e9rgicamente estos hechos, sino que nos involucramos de manera directa, porque no queremos que estas situaciones se sigan repitiendo y mucho menos, quienes comenten estos macabros hechos queden impunes. Por esto el veredicto que hemos conocido nos entrega una se\u00f1al clara de que delitos de esta naturaleza no quedar\u00e1n nunca m\u00e1s impunes, y para esto la Ley Gabriela fue fundamental, ley promulgada por el Gobierno del Presidente Pi\u00f1era e iniciativa incorporada en la Agenda Mujer, puesto que es un mensaje de que el cambio cultural al cual aspiramos debe ir de la mano de avances legislativos. Tambi\u00e9n hacemos un llamado a toda la comunidad a hacerse parte de esta problem\u00e1tica, porque la violencia contra la mujer no es parte de la vida privada, nuestro llamado es a condenar, denunciar y por sobre todo a las mujeres que viven violencia decirles que no est\u00e1n solas\u201d.<\/p>\n<p style=\"font-weight: 400; text-align: justify;\">Por su parte, la Directora Regional de SernamEG, Elizabeth Guti\u00e9rrez Eggers, destac\u00f3 el trabajo realizado por la Fiscal\u00eda Local de Coyhaique, precisando que \u201cen materia penal tal como nos faculta la Ley N\u00ba 20.066 hemos apoyado a la familia de Julia como parte querellante, porque hay que recordar que este es el primer femicidio por razones de g\u00e9nero que ocurre en la regi\u00f3n de Ays\u00e9n y as\u00ed lo hicimos presente durante este juicio, por lo que el imputado arriesga una pena de presidio perpetuo calificado; es decir, cuarenta a\u00f1os de c\u00e1rcel. Asimismo, es pertinente relevar la coordinaci\u00f3n interinstitucional que se inici\u00f3 con la activaci\u00f3n del Circuito Intersectorial de Femicidio, m\u00e1s otras instituciones como Senama y Senadis con acciones de apoyo psicosocial a las\/os familiares\u201d.<\/p>\n<p style=\"font-weight: 400; text-align: justify;\">En tanto el Coordinador del Centro de Apoyo a V\u00edctimas de Delitos Violentos, Ignacio Jara S\u00e1nchez, sostuvo que \u201cdesde el d\u00eda que ocurri\u00f3 el delito en nuestro rol como integrante del Circuito Intersectorial de Femicidio y en coordinaci\u00f3n con otras instituciones hemos otorgado la atenci\u00f3n psicol\u00f3gica y social a las v\u00edctimas indirectas con un acompa\u00f1amiento permanente. Adem\u00e1s, hemos entregado la atenci\u00f3n mediante nuestra int\u00e9rprete en lengua de se\u00f1as tomando en cuenta la necesidad de esta, por parte de uno de los miembros de la familia. Es importante mencionar que continuaremos con nuestro compromiso para la atenci\u00f3n a las necesidades de la familia\u201d.<\/p>\n<p style=\"font-weight: 400; text-align: justify;\">Hasta el 24 de agosto de 2021, en Chile se registran 22 femicidios consumados y 101 femicidios frustrados; respecto a las denuncias por violencia intrafamiliar estas se pueden llevar a cabo en Carabineros, Polic\u00eda de Investigaciones y en Fiscal\u00eda de Chile; en esta \u00faltima instituci\u00f3n las denuncias se pueden hacer en l\u00ednea a trav\u00e9s de la p\u00e1gina web\u00a0<a href=\"http:\/\/www.fiscaliadechile.cl\/\" data-saferedirecturl=\"https:\/\/www.google.com\/url?q=http:\/\/www.fiscaliadechile.cl&amp;source=gmail&amp;ust=1630083542528000&amp;usg=AFQjCNHQsS-G2VAq85IASgbEvK9FMoJDrA\">www.fiscaliadechile.cl<\/a>.<\/p>\n<p style=\"font-weight: 400; text-align: justify;\">Finalmente, la oferta disponible del SernamEG en el territorio regional corresponde &#8211; en el caso de Coyhaique- al Centro de la Mujer Ray\u00e9n, ubicado en Los Claveles esquina ACA Austral, Tel\u00e9fono: +56 672213178 y WhatsApp +569 7367 7602, Email: <a href=\"mailto:centrorayen@gmail.com\">centrorayen@gmail.com<\/a>.<\/p>\n<p style=\"font-weight: 400; text-align: justify;\">En tanto, en Puerto Ays\u00e9n se ubica el Centro de la Mujer Naa Alver\u00e9, calle Teniente Merino N\u00ba520. Tel\u00e9fono: 67 \u2013233 4855, Email:\u00a0<a href=\"mailto:centrodelamujer@puertoaysen.cl\">centrodelamujer@puertoaysen.cl<\/a>.<\/p>\n<\/div><\/section><\/div><div  style='height:50px' class='hr hr-invisible   avia-builder-el-6  el_after_av_one_full  el_before_av_social_share '><span class='hr-inner ' ><span class='hr-inner-style'><\/span><\/span><\/div><\/p>\n<div  class='av-social-sharing-box  avia-builder-el-7  el_after_av_hr  el_before_av_hr  '><div class='av-share-box'><h5 class='av-share-link-description av-no-toc '>Compartir esta noticia<\/h5><ul class='av-share-box-list noLightbox'><li class='av-share-link av-social-link-facebook' ><a target=\"_blank\" aria-label=\"Compartir en Facebook\" href='https:\/\/www.facebook.com\/sharer.php?u=https:\/\/radiorevelacionfm.cl\/?p=7917&#038;t=Gobierno%20valora%20veredicto%20condenatorio%20en%20contra%20del%20autor%20por%20violaci%C3%B3n%20con%20femicidio%20consumado' aria-hidden='false' data-av_icon='\ue8f3' data-av_iconfont='entypo-fontello' title='' data-avia-related-tooltip='Compartir en Facebook' rel=\"noopener\"><span class='avia_hidden_link_text'>Compartir en Facebook<\/span><\/a><\/li><li class='av-share-link av-social-link-twitter' ><a target=\"_blank\" aria-label=\"Compartir en Twitter\" href='https:\/\/twitter.com\/share?text=Gobierno%20valora%20veredicto%20condenatorio%20en%20contra%20del%20autor%20por%20violaci%C3%B3n%20con%20femicidio%20consumado&#038;url=https:\/\/radiorevelacionfm.cl\/?p=7917' aria-hidden='false' data-av_icon='\ue8f1' data-av_iconfont='entypo-fontello' title='' data-avia-related-tooltip='Compartir en Twitter' rel=\"noopener\"><span class='avia_hidden_link_text'>Compartir en Twitter<\/span><\/a><\/li><li class='av-share-link av-social-link-whatsapp' ><a target=\"_blank\" aria-label=\"Compartir en Whatsapp\" href='https:\/\/api.whatsapp.com\/send?text=https:\/\/radiorevelacionfm.cl\/?p=7917' aria-hidden='false' data-av_icon='\uf232' data-av_iconfont='entypo-fontello' title='' data-avia-related-tooltip='Compartir en Whatsapp' rel=\"noopener\"><span class='avia_hidden_link_text'>Compartir en Whatsapp<\/span><\/a><\/li><li class='av-share-link av-social-link-linkedin' ><a target=\"_blank\" aria-label=\"Compartir en LinkedIn\" href='https:\/\/linkedin.com\/shareArticle?mini=true&#038;title=Gobierno%20valora%20veredicto%20condenatorio%20en%20contra%20del%20autor%20por%20violaci%C3%B3n%20con%20femicidio%20consumado&#038;url=https:\/\/radiorevelacionfm.cl\/?p=7917' aria-hidden='false' data-av_icon='\ue8fc' data-av_iconfont='entypo-fontello' title='' data-avia-related-tooltip='Compartir en LinkedIn' rel=\"noopener\"><span class='avia_hidden_link_text'>Compartir en LinkedIn<\/span><\/a><\/li><li class='av-share-link av-social-link-mail' ><a  aria-label=\"Compartir por correo\" href='mailto:?subject=Gobierno%20valora%20veredicto%20condenatorio%20en%20contra%20del%20autor%20por%20violaci%C3%B3n%20con%20femicidio%20consumado&#038;body=https:\/\/radiorevelacionfm.cl\/?p=7917' aria-hidden='false' data-av_icon='\ue805' data-av_iconfont='entypo-fontello' title='' data-avia-related-tooltip='Compartir por correo'><span class='avia_hidden_link_text'>Compartir por correo<\/span><\/a><\/li><\/ul><\/div><\/div>\n<div  style='height:50px' class='hr hr-invisible   avia-builder-el-8  el_after_av_social_share  el_before_av_comments_list '><span class='hr-inner ' ><span class='hr-inner-style'><\/span><\/span><\/div>\n<div  class='av-buildercomment  av-blog-meta-html-info-disabled av-blog-meta-tag-disabled  '><\/div>\n","protected":false},"excerpt":{"rendered":"","protected":false},"author":1,"featured_media":7918,"comment_status":"open","ping_status":"open","sticky":false,"template":"","format":"standard","meta":{"footnotes":""},"categories":[38],"tags":[],"class_list":["post-7917","post","type-post","status-publish","format-standard","has-post-thumbnail","hentry","category-regional"],"jetpack_featured_media_url":"https:\/\/radiorevelacionfm.cl\/wp-content\/uploads\/2021\/08\/Gobierno-valora-veredicto-FC-1-1.jpg","_links":{"self":[{"href":"https:\/\/radiorevelacionfm.cl\/index.php?rest_route=\/wp\/v2\/posts\/7917","targetHints":{"allow":["GET"]}}],"collection":[{"href":"https:\/\/radiorevelacionfm.cl\/index.php?rest_route=\/wp\/v2\/posts"}],"about":[{"href":"https:\/\/radiorevelacionfm.cl\/index.php?rest_route=\/wp\/v2\/types\/post"}],"author":[{"embeddable":true,"href":"https:\/\/radiorevelacionfm.cl\/index.php?rest_route=\/wp\/v2\/users\/1"}],"replies":[{"embeddable":true,"href":"https:\/\/radiorevelacionfm.cl\/index.php?rest_route=%2Fwp%2Fv2%2Fcomments&post=7917"}],"version-history":[{"count":1,"href":"https:\/\/radiorevelacionfm.cl\/index.php?rest_route=\/wp\/v2\/posts\/7917\/revisions"}],"predecessor-version":[{"id":7919,"href":"https:\/\/radiorevelacionfm.cl\/index.php?rest_route=\/wp\/v2\/posts\/7917\/revisions\/7919"}],"wp:featuredmedia":[{"embeddable":true,"href":"https:\/\/radiorevelacionfm.cl\/index.php?rest_route=\/wp\/v2\/media\/7918"}],"wp:attachment":[{"href":"https:\/\/radiorevelacionfm.cl\/index.php?rest_route=%2Fwp%2Fv2%2Fmedia&parent=7917"}],"wp:term":[{"taxonomy":"category","embeddable":true,"href":"https:\/\/radiorevelacionfm.cl\/index.php?rest_route=%2Fwp%2Fv2%2Fcategories&post=7917"},{"taxonomy":"post_tag","embeddable":true,"href":"https:\/\/radiorevelacionfm.cl\/index.php?rest_route=%2Fwp%2Fv2%2Ftags&post=7917"}],"curies":[{"name":"wp","href":"https:\/\/api.w.org\/{rel}","templated":true}]}}