{"id":7910,"date":"2021-08-25T22:17:29","date_gmt":"2021-08-26T01:17:29","guid":{"rendered":"https:\/\/radiorevelacionfm.cl\/?p=7910"},"modified":"2021-08-25T22:17:29","modified_gmt":"2021-08-26T01:17:29","slug":"pdi-detiene-en-flagrancia-a-imputada-por-delito-de-maltrato-animal-en-contra-de-un-can-de-10-anos","status":"publish","type":"post","link":"https:\/\/radiorevelacionfm.cl\/?p=7910","title":{"rendered":"PDI detiene en flagrancia a imputada por delito de maltrato animal en contra de un can de 10 a\u00f1os"},"content":{"rendered":"<div class=\"flex_column av_one_full  flex_column_div av-zero-column-padding first  avia-builder-el-0  el_before_av_one_full  avia-builder-el-first  \" style='border-radius:0px; '><div  class='avia-image-container  av-styling-    avia-builder-el-1  avia-builder-el-no-sibling  avia-align-center '  itemprop=\"image\" itemscope=\"itemscope\" itemtype=\"https:\/\/schema.org\/ImageObject\"  ><div class='avia-image-container-inner'><div class='avia-image-overlay-wrap'><img decoding=\"async\" class='wp-image-7911 avia-img-lazy-loading-not-7911 avia_image' src=\"https:\/\/radiorevelacionfm.cl\/wp-content\/uploads\/2021\/08\/Generica-BIDEMA-maltrato-animal-1-1.jpg\" alt='' title='Gen\u00e9rica BIDEMA maltrato animal (1) (1)' height=\"600\" width=\"900\"  itemprop=\"thumbnailUrl\" srcset=\"https:\/\/radiorevelacionfm.cl\/wp-content\/uploads\/2021\/08\/Generica-BIDEMA-maltrato-animal-1-1.jpg 900w, https:\/\/radiorevelacionfm.cl\/wp-content\/uploads\/2021\/08\/Generica-BIDEMA-maltrato-animal-1-1-300x200.jpg 300w, https:\/\/radiorevelacionfm.cl\/wp-content\/uploads\/2021\/08\/Generica-BIDEMA-maltrato-animal-1-1-768x512.jpg 768w, https:\/\/radiorevelacionfm.cl\/wp-content\/uploads\/2021\/08\/Generica-BIDEMA-maltrato-animal-1-1-705x470.jpg 705w, https:\/\/radiorevelacionfm.cl\/wp-content\/uploads\/2021\/08\/Generica-BIDEMA-maltrato-animal-1-1-600x400.jpg 600w\" sizes=\"(max-width: 900px) 100vw, 900px\" \/><\/div><\/div><\/div><\/div><div class=\"flex_column av_one_full  flex_column_div av-zero-column-padding first  avia-builder-el-2  el_after_av_one_full  el_before_av_one_full  column-top-margin\" style='border-radius:0px; '><section class=\"av_textblock_section \"  itemscope=\"itemscope\" itemtype=\"https:\/\/schema.org\/BlogPosting\" itemprop=\"blogPost\" ><div class='avia_textblock  '   itemprop=\"text\" ><p style=\"text-align: center;\"><strong><span style=\"font-size: 18pt;\">PDI detiene en flagrancia a imputada por delito de maltrato animal en contra de un can de 10 a\u00f1os<\/span><\/strong><\/p>\n<div id=\"gtx-trans\" style=\"position: absolute; left: -50px; top: 4.31534px;\">\n<div class=\"gtx-trans-icon\"><\/div>\n<\/div>\n<\/div><\/section><\/div><div class=\"flex_column av_one_full  flex_column_div av-zero-column-padding first  avia-builder-el-4  el_after_av_one_full  el_before_av_hr  column-top-margin\" style='border-radius:0px; '><section class=\"av_textblock_section \"  itemscope=\"itemscope\" itemtype=\"https:\/\/schema.org\/BlogPosting\" itemprop=\"blogPost\" ><div class='avia_textblock  '   itemprop=\"text\" ><p style=\"text-align: justify;\">Gracias a un trabajo coordinado entre la Municipalidad de Coyhaique, el Ministerio P\u00fablico y la Polic\u00eda de Investigaciones de Chile, durante la jornada del mi\u00e9rcoles 25 de agosto, detectives de la Brigada Investigadora de Delitos del Medio Ambiente y Patrimonio Cultural (BIDEMA) Ays\u00e9n detuvieron en la ciudad de Coyhaique a una imputada, mayor de edad y sin antecedentes policiales, por el delito flagrante de maltrato animal por omisi\u00f3n, contemplado en el art\u00edculo 291 ter del C\u00f3digo Penal, hecho perpetrado en contra de una ejemplar canina de raza Akita Americano de 10 a\u00f1os.<\/p>\n<p style=\"text-align: justify;\">Sobre los hechos, el subprefecto Claudio Reyes, jefe de la BIDEMA Ays\u00e9n, se\u00f1al\u00f3 que \u201cun equipo investigativo de esta brigada especializada concurri\u00f3 hasta la ciudad de Coyhaique con la finalidad de poder desarrollar algunas diligencias en virtud a una orden de investigar emanada por el Ministerio P\u00fablico por el delito de maltrato animal, en la cual se ten\u00eda como antecedente que exist\u00eda un can de 10 a\u00f1os con un tumor expuesto en su zona ventral\u201d.<\/p>\n<p style=\"text-align: justify;\">Con esta informaci\u00f3n, y en un trabajo coordinado con el Programa de Tenencia Responsable de la Municipalidad de Coyhaique, \u201cse pudieron obtener mayores antecedentes y corroborar que efectivamente una persona de sexo femenino, mayor de edad, quien estaba al cuidado de este can, durante un a\u00f1o no hab\u00eda realizado ninguna atenci\u00f3n veterinaria ni m\u00e9dica referente al tumor que mantiene este can\u201d, agreg\u00f3 el subprefecto Reyes.<\/p>\n<p style=\"text-align: justify;\">Al respecto, desde la Municipalidad de Coyhaique Alejandra Ganga Guerrero, m\u00e9dico veterinaria del Programa de Tenencia Responsable de Mascotas, indic\u00f3 con respecto al caso que \u201cse trata de una denuncia que lleg\u00f3 a la Municipalidad a trav\u00e9s de la Oficina de Fiscalizaci\u00f3n y se coordin\u00f3 con el Programa de Tenencia Responsable de Mascotas para realizar la fiscalizaci\u00f3n respectiva. Se trataba de una hembra canina que ten\u00eda un tumor mamario pendulante, sangrante y ulcerado de un tama\u00f1o de unos 500 gramos aproximadamente\u201d.<\/p>\n<p style=\"text-align: justify;\">Tras su evaluaci\u00f3n, los profesionales determinaron que \u201cal ser un tumor de gran tama\u00f1o era algo que se hab\u00eda mantenido en el tiempo, por lo cual se estim\u00f3 que la perrita hab\u00eda sido expuesta a este sufrimiento innecesario y se elabora un informe m\u00e9dico veterinario que fue derivado a la Fiscal\u00eda Local de Coyhaique para realizar la denuncia del caso\u201d, a\u00f1adi\u00f3 la especialista, indicando que \u201cposteriormente se volvi\u00f3 a visitar la casa donde se encontraba la perrita y al no haber cambios en su condici\u00f3n de salud la Oficina de Fiscalizaci\u00f3n procedi\u00f3 a sacar una multa por malas condiciones de tenencia\u201d.<\/p>\n<p style=\"text-align: justify;\">As\u00ed, tras el procedimiento policial de la BIDEMA, los detectives \u201ccorroboraron que el can estaba en precarias situaciones y con este tumor expuesto, configur\u00e1ndose el delito flagrante de maltrato animal por omisi\u00f3n, el cual est\u00e1 establecido en el art\u00edculo 291 ter del C\u00f3digo Penal\u201d, detall\u00f3 el jefe de la unidad especializada, esto al no dar el oportuno tratamiento m\u00e9dico al animal, afectando su bienestar.<\/p>\n<p style=\"text-align: justify;\">Se dio cuenta del procedimiento al Ministerio P\u00fablico quien dispuso que se realizara la fijaci\u00f3n fotogr\u00e1fica del animal, la imputada quedara en calidad de depositaria provisional hasta su formalizaci\u00f3n y apercibida al art\u00edculo 26 del C\u00f3digo Procesal Penal.<\/p>\n<p style=\"text-align: justify;\">Adem\u00e1s, el subprefecto Reyes hizo hincapi\u00e9 en la tenencia responsable de las mascotas y animales de compa\u00f1\u00eda, precisando que \u201cla Polic\u00eda de Investigaciones de Chile realiza el llamado a que todas las personas que mantengan alg\u00fan tipo de animal den cumplimiento a la normativa de la tenencia responsable, no olvidemos que est\u00e1n obligados a poder darle un buen trato y resguardar que no sean sometidos a un acto que pueda ocasionarles da\u00f1o o dolor\u201d.<\/p>\n<p style=\"text-align: justify;\">Por su parte, la veterinaria Alejandra Ganga, puntualiz\u00f3 que el llamado a la comunidad y a los vecinos es a denunciar las faltas a la tenencia responsable, \u201clos delitos de maltrato se pueden denunciar a Carabineros, a la PDI o directamente a la Fiscal\u00eda, nosotros igual recepcionamos las denuncias de maltrato animal, vamos a terreno y luego remitimos el informe, pero principalmente el llamado es que si un vecino ve un abandono de mascotas o maltrato informe a las instituciones correspondientes para no normalizar estas conductas como abandono o maltrato y la idea es que sigamos avanzando en prevenir estos hechos\u201d.<\/p>\n<p style=\"text-align: justify;\">Finalmente, desde la PDI tambi\u00e9n realizaron el llamado a realizar las denuncias respectivas de estos hechos, \u201clas personas que puedan tener alg\u00fan antecedente sobre un acto de similares caracter\u00edsticas denuncien al correo <a href=\"mailto:bidema.pay@investigaciones.cl\">bidema.pay@investigaciones.cl<\/a> para poder realizar las indagaciones para evitar el sufrimiento y maltrato hacia los animales\u201d, recalc\u00f3 el subprefecto Reyes.<\/p>\n<\/div><\/section><\/div><div  style='height:50px' class='hr hr-invisible   avia-builder-el-6  el_after_av_one_full  el_before_av_social_share '><span class='hr-inner ' ><span class='hr-inner-style'><\/span><\/span><\/div><\/p>\n<div  class='av-social-sharing-box  avia-builder-el-7  el_after_av_hr  el_before_av_hr  '><div class='av-share-box'><h5 class='av-share-link-description av-no-toc '>Compartir esta noticia<\/h5><ul class='av-share-box-list noLightbox'><li class='av-share-link av-social-link-facebook' ><a target=\"_blank\" aria-label=\"Compartir en Facebook\" href='https:\/\/www.facebook.com\/sharer.php?u=https:\/\/radiorevelacionfm.cl\/?p=7910&#038;t=PDI%20detiene%20en%20flagrancia%20a%20imputada%20por%20delito%20de%20maltrato%20animal%20en%20contra%20de%20un%20can%20de%2010%20a%C3%B1os' aria-hidden='false' data-av_icon='\ue8f3' data-av_iconfont='entypo-fontello' title='' data-avia-related-tooltip='Compartir en Facebook' rel=\"noopener\"><span class='avia_hidden_link_text'>Compartir en Facebook<\/span><\/a><\/li><li class='av-share-link av-social-link-twitter' ><a target=\"_blank\" aria-label=\"Compartir en Twitter\" href='https:\/\/twitter.com\/share?text=PDI%20detiene%20en%20flagrancia%20a%20imputada%20por%20delito%20de%20maltrato%20animal%20en%20contra%20de%20un%20can%20de%2010%20a%C3%B1os&#038;url=https:\/\/radiorevelacionfm.cl\/?p=7910' aria-hidden='false' data-av_icon='\ue8f1' data-av_iconfont='entypo-fontello' title='' data-avia-related-tooltip='Compartir en Twitter' rel=\"noopener\"><span class='avia_hidden_link_text'>Compartir en Twitter<\/span><\/a><\/li><li class='av-share-link av-social-link-whatsapp' ><a target=\"_blank\" aria-label=\"Compartir en Whatsapp\" href='https:\/\/api.whatsapp.com\/send?text=https:\/\/radiorevelacionfm.cl\/?p=7910' aria-hidden='false' data-av_icon='\uf232' data-av_iconfont='entypo-fontello' title='' data-avia-related-tooltip='Compartir en Whatsapp' rel=\"noopener\"><span class='avia_hidden_link_text'>Compartir en Whatsapp<\/span><\/a><\/li><li class='av-share-link av-social-link-linkedin' ><a target=\"_blank\" aria-label=\"Compartir en LinkedIn\" href='https:\/\/linkedin.com\/shareArticle?mini=true&#038;title=PDI%20detiene%20en%20flagrancia%20a%20imputada%20por%20delito%20de%20maltrato%20animal%20en%20contra%20de%20un%20can%20de%2010%20a%C3%B1os&#038;url=https:\/\/radiorevelacionfm.cl\/?p=7910' aria-hidden='false' data-av_icon='\ue8fc' data-av_iconfont='entypo-fontello' title='' data-avia-related-tooltip='Compartir en LinkedIn' rel=\"noopener\"><span class='avia_hidden_link_text'>Compartir en LinkedIn<\/span><\/a><\/li><li class='av-share-link av-social-link-mail' ><a  aria-label=\"Compartir por correo\" href='mailto:?subject=PDI%20detiene%20en%20flagrancia%20a%20imputada%20por%20delito%20de%20maltrato%20animal%20en%20contra%20de%20un%20can%20de%2010%20a%C3%B1os&#038;body=https:\/\/radiorevelacionfm.cl\/?p=7910' aria-hidden='false' data-av_icon='\ue805' data-av_iconfont='entypo-fontello' title='' data-avia-related-tooltip='Compartir por correo'><span class='avia_hidden_link_text'>Compartir por correo<\/span><\/a><\/li><\/ul><\/div><\/div>\n<div  style='height:50px' class='hr hr-invisible   avia-builder-el-8  el_after_av_social_share  el_before_av_comments_list '><span class='hr-inner ' ><span class='hr-inner-style'><\/span><\/span><\/div>\n<div  class='av-buildercomment  av-blog-meta-html-info-disabled av-blog-meta-tag-disabled  '><\/div>\n","protected":false},"excerpt":{"rendered":"","protected":false},"author":1,"featured_media":7911,"comment_status":"open","ping_status":"open","sticky":false,"template":"","format":"standard","meta":{"footnotes":""},"categories":[36],"tags":[],"class_list":["post-7910","post","type-post","status-publish","format-standard","has-post-thumbnail","hentry","category-policial"],"jetpack_featured_media_url":"https:\/\/radiorevelacionfm.cl\/wp-content\/uploads\/2021\/08\/Generica-BIDEMA-maltrato-animal-1-1.jpg","_links":{"self":[{"href":"https:\/\/radiorevelacionfm.cl\/index.php?rest_route=\/wp\/v2\/posts\/7910","targetHints":{"allow":["GET"]}}],"collection":[{"href":"https:\/\/radiorevelacionfm.cl\/index.php?rest_route=\/wp\/v2\/posts"}],"about":[{"href":"https:\/\/radiorevelacionfm.cl\/index.php?rest_route=\/wp\/v2\/types\/post"}],"author":[{"embeddable":true,"href":"https:\/\/radiorevelacionfm.cl\/index.php?rest_route=\/wp\/v2\/users\/1"}],"replies":[{"embeddable":true,"href":"https:\/\/radiorevelacionfm.cl\/index.php?rest_route=%2Fwp%2Fv2%2Fcomments&post=7910"}],"version-history":[{"count":1,"href":"https:\/\/radiorevelacionfm.cl\/index.php?rest_route=\/wp\/v2\/posts\/7910\/revisions"}],"predecessor-version":[{"id":7912,"href":"https:\/\/radiorevelacionfm.cl\/index.php?rest_route=\/wp\/v2\/posts\/7910\/revisions\/7912"}],"wp:featuredmedia":[{"embeddable":true,"href":"https:\/\/radiorevelacionfm.cl\/index.php?rest_route=\/wp\/v2\/media\/7911"}],"wp:attachment":[{"href":"https:\/\/radiorevelacionfm.cl\/index.php?rest_route=%2Fwp%2Fv2%2Fmedia&parent=7910"}],"wp:term":[{"taxonomy":"category","embeddable":true,"href":"https:\/\/radiorevelacionfm.cl\/index.php?rest_route=%2Fwp%2Fv2%2Fcategories&post=7910"},{"taxonomy":"post_tag","embeddable":true,"href":"https:\/\/radiorevelacionfm.cl\/index.php?rest_route=%2Fwp%2Fv2%2Ftags&post=7910"}],"curies":[{"name":"wp","href":"https:\/\/api.w.org\/{rel}","templated":true}]}}