{"id":7906,"date":"2021-08-26T12:59:39","date_gmt":"2021-08-26T15:59:39","guid":{"rendered":"https:\/\/radiorevelacionfm.cl\/?p=7906"},"modified":"2021-08-26T12:59:39","modified_gmt":"2021-08-26T15:59:39","slug":"se-articula-comando-por-yasna-provoste-en-aysen","status":"publish","type":"post","link":"https:\/\/radiorevelacionfm.cl\/?p=7906","title":{"rendered":"Se articula comando por Yasna Provoste en Ays\u00e9n"},"content":{"rendered":"<div class=\"flex_column av_one_full  flex_column_div av-zero-column-padding first  avia-builder-el-0  el_before_av_one_full  avia-builder-el-first  \" style='border-radius:0px; '><div  class='avia-image-container  av-styling-    avia-builder-el-1  avia-builder-el-no-sibling  avia-align-center '  itemprop=\"image\" itemscope=\"itemscope\" itemtype=\"https:\/\/schema.org\/ImageObject\"  ><div class='avia-image-container-inner'><div class='avia-image-overlay-wrap'><img decoding=\"async\" class='wp-image-7908 avia-img-lazy-loading-not-7908 avia_image' src=\"https:\/\/radiorevelacionfm.cl\/wp-content\/uploads\/2021\/08\/foto-cy1-1_optimized.jpg\" alt='' title='foto-cy1-(1)_optimized' height=\"600\" width=\"1219\"  itemprop=\"thumbnailUrl\" srcset=\"https:\/\/radiorevelacionfm.cl\/wp-content\/uploads\/2021\/08\/foto-cy1-1_optimized.jpg 1219w, https:\/\/radiorevelacionfm.cl\/wp-content\/uploads\/2021\/08\/foto-cy1-1_optimized-300x148.jpg 300w, https:\/\/radiorevelacionfm.cl\/wp-content\/uploads\/2021\/08\/foto-cy1-1_optimized-1030x507.jpg 1030w, https:\/\/radiorevelacionfm.cl\/wp-content\/uploads\/2021\/08\/foto-cy1-1_optimized-768x378.jpg 768w, https:\/\/radiorevelacionfm.cl\/wp-content\/uploads\/2021\/08\/foto-cy1-1_optimized-705x347.jpg 705w, https:\/\/radiorevelacionfm.cl\/wp-content\/uploads\/2021\/08\/foto-cy1-1_optimized-600x295.jpg 600w\" sizes=\"(max-width: 1219px) 100vw, 1219px\" \/><\/div><\/div><\/div><\/div><div class=\"flex_column av_one_full  flex_column_div av-zero-column-padding first  avia-builder-el-2  el_after_av_one_full  el_before_av_one_full  column-top-margin\" style='border-radius:0px; '><section class=\"av_textblock_section \"  itemscope=\"itemscope\" itemtype=\"https:\/\/schema.org\/BlogPosting\" itemprop=\"blogPost\" ><div class='avia_textblock  '   itemprop=\"text\" ><p style=\"text-align: center;\"><strong><span style=\"font-size: 18pt;\">Se articula comando por Yasna Provoste en Ays\u00e9n<\/span><\/strong><\/p>\n<div id=\"gtx-trans\" style=\"position: absolute; left: -50px; top: 4.31534px;\">\n<div class=\"gtx-trans-icon\"><\/div>\n<\/div>\n<\/div><\/section><\/div><\/p>\n<div class=\"flex_column av_one_full  flex_column_div av-zero-column-padding first  avia-builder-el-4  el_after_av_one_full  el_before_av_hr  column-top-margin\" style='border-radius:0px; '><section class=\"av_textblock_section \"  itemscope=\"itemscope\" itemtype=\"https:\/\/schema.org\/BlogPosting\" itemprop=\"blogPost\" ><div class='avia_textblock  '   itemprop=\"text\" ><p style=\"text-align: justify;\">La ex presidenta del Senado gan\u00f3 la elecci\u00f3n con un amplio apoyo. En Ays\u00e9n participaron alrededor de mil quinientas personas, lo que significo m\u00e1s de un 60% de los sufragios ingresados en las urnas.<\/p>\n<p style=\"text-align: justify;\">Pasada la jornada del d\u00eda s\u00e1bado la Democracia Cristiana (DC), el Partido por la Democracia (PPD), el Partido Radical (PR) y el Partido Socialista (PS), se reunieron a nivel regional con motivo de concluir el proceso de consulta ciudadana, comprometiendo en primer punto un trabajo leal con quien resultara ganadora en la consulta desarrollada el pasado s\u00e1bado 21 de agosto.<\/p>\n<p style=\"text-align: justify;\">Como primer objetivo la reuni\u00f3n de dirigentes de partidos de oposici\u00f3n pertenecientes al conglomerado \u201cNuevo Pacto Social\u201d estaba el conformar de esta manera una mesa de coordinaci\u00f3n de comando regional donde se buscar\u00e1 que cada comuna y localidad cuente con un espacio de trabajo y apoyo a la candidata presidencial Yasna Provoste.<\/p>\n<p style=\"text-align: justify;\">En este contexto el presidente regional de la democracia cristiana en la regi\u00f3n de Ays\u00e9n manifest\u00f3 que tanto como partido como conglomerado est\u00e1n convencidos de contar con una carta que no solo ya hace la diferencia siendo la \u00fanica mujer dentro de los 9 inscritos a la carrera presidencial, indicando adem\u00e1s que \u201cnuestra candidata Yasna Provoste es sin lugar a dudas la mejor carta y opci\u00f3n para dirigir los destinos del pa\u00eds en el escenario en el que nos encontramos como sociedad\u201d.<\/p>\n<p style=\"text-align: justify;\">En esta l\u00ednea la concejala por la comuna de Coyhaique y secretaria pol\u00edtica regional del partido socialista Ana Mar\u00eda Navarrete se\u00f1alo: \u201cestamos comenzando una nueva etapa con grandes desaf\u00edos enfocados en el mes de noviembre donde tenemos una elecci\u00f3n importante para el pa\u00eds y donde vamos a trabajar juntos en este nuevo pacto social\u201d.<\/p>\n<p style=\"text-align: justify;\">Por ultimo los dirigentes pol\u00edticos hicieron un llamado a informarse y ser parte activo de este proceso electoral que se avecina, ya que frente a todo lo acontecido en los \u00faltimos a\u00f1os es evidente que no se puede continuar en la misma senda en la cual la presidencia actual ha llevado el pa\u00eds.<\/p>\n<\/div><\/section><\/div>\n<div  style='height:50px' class='hr hr-invisible   avia-builder-el-6  el_after_av_one_full  el_before_av_social_share '><span class='hr-inner ' ><span class='hr-inner-style'><\/span><\/span><\/div>\n<div  class='av-social-sharing-box  avia-builder-el-7  el_after_av_hr  el_before_av_hr  '><div class='av-share-box'><h5 class='av-share-link-description av-no-toc '>Compartir esta noticia<\/h5><ul class='av-share-box-list noLightbox'><li class='av-share-link av-social-link-facebook' ><a target=\"_blank\" aria-label=\"Compartir en Facebook\" href='https:\/\/www.facebook.com\/sharer.php?u=https:\/\/radiorevelacionfm.cl\/?p=7906&#038;t=Se%20articula%20comando%20por%20Yasna%20Provoste%20en%20Ays%C3%A9n' aria-hidden='false' data-av_icon='\ue8f3' data-av_iconfont='entypo-fontello' title='' data-avia-related-tooltip='Compartir en Facebook' rel=\"noopener\"><span class='avia_hidden_link_text'>Compartir en Facebook<\/span><\/a><\/li><li class='av-share-link av-social-link-twitter' ><a target=\"_blank\" aria-label=\"Compartir en Twitter\" href='https:\/\/twitter.com\/share?text=Se%20articula%20comando%20por%20Yasna%20Provoste%20en%20Ays%C3%A9n&#038;url=https:\/\/radiorevelacionfm.cl\/?p=7906' aria-hidden='false' data-av_icon='\ue8f1' data-av_iconfont='entypo-fontello' title='' data-avia-related-tooltip='Compartir en Twitter' rel=\"noopener\"><span class='avia_hidden_link_text'>Compartir en Twitter<\/span><\/a><\/li><li class='av-share-link av-social-link-whatsapp' ><a target=\"_blank\" aria-label=\"Compartir en Whatsapp\" href='https:\/\/api.whatsapp.com\/send?text=https:\/\/radiorevelacionfm.cl\/?p=7906' aria-hidden='false' data-av_icon='\uf232' data-av_iconfont='entypo-fontello' title='' data-avia-related-tooltip='Compartir en Whatsapp' rel=\"noopener\"><span class='avia_hidden_link_text'>Compartir en Whatsapp<\/span><\/a><\/li><li class='av-share-link av-social-link-linkedin' ><a target=\"_blank\" aria-label=\"Compartir en LinkedIn\" href='https:\/\/linkedin.com\/shareArticle?mini=true&#038;title=Se%20articula%20comando%20por%20Yasna%20Provoste%20en%20Ays%C3%A9n&#038;url=https:\/\/radiorevelacionfm.cl\/?p=7906' aria-hidden='false' data-av_icon='\ue8fc' data-av_iconfont='entypo-fontello' title='' data-avia-related-tooltip='Compartir en LinkedIn' rel=\"noopener\"><span class='avia_hidden_link_text'>Compartir en LinkedIn<\/span><\/a><\/li><li class='av-share-link av-social-link-mail' ><a  aria-label=\"Compartir por correo\" href='mailto:?subject=Se%20articula%20comando%20por%20Yasna%20Provoste%20en%20Ays%C3%A9n&#038;body=https:\/\/radiorevelacionfm.cl\/?p=7906' aria-hidden='false' data-av_icon='\ue805' data-av_iconfont='entypo-fontello' title='' data-avia-related-tooltip='Compartir por correo'><span class='avia_hidden_link_text'>Compartir por correo<\/span><\/a><\/li><\/ul><\/div><\/div>\n<div  style='height:50px' class='hr hr-invisible   avia-builder-el-8  el_after_av_social_share  el_before_av_comments_list '><span class='hr-inner ' ><span class='hr-inner-style'><\/span><\/span><\/div>\n<div  class='av-buildercomment  av-blog-meta-html-info-disabled av-blog-meta-tag-disabled  '><\/div>\n","protected":false},"excerpt":{"rendered":"","protected":false},"author":1,"featured_media":7908,"comment_status":"open","ping_status":"open","sticky":false,"template":"","format":"standard","meta":{"footnotes":""},"categories":[35],"tags":[],"class_list":["post-7906","post","type-post","status-publish","format-standard","has-post-thumbnail","hentry","category-politica"],"jetpack_featured_media_url":"https:\/\/radiorevelacionfm.cl\/wp-content\/uploads\/2021\/08\/foto-cy1-1_optimized.jpg","_links":{"self":[{"href":"https:\/\/radiorevelacionfm.cl\/index.php?rest_route=\/wp\/v2\/posts\/7906","targetHints":{"allow":["GET"]}}],"collection":[{"href":"https:\/\/radiorevelacionfm.cl\/index.php?rest_route=\/wp\/v2\/posts"}],"about":[{"href":"https:\/\/radiorevelacionfm.cl\/index.php?rest_route=\/wp\/v2\/types\/post"}],"author":[{"embeddable":true,"href":"https:\/\/radiorevelacionfm.cl\/index.php?rest_route=\/wp\/v2\/users\/1"}],"replies":[{"embeddable":true,"href":"https:\/\/radiorevelacionfm.cl\/index.php?rest_route=%2Fwp%2Fv2%2Fcomments&post=7906"}],"version-history":[{"count":2,"href":"https:\/\/radiorevelacionfm.cl\/index.php?rest_route=\/wp\/v2\/posts\/7906\/revisions"}],"predecessor-version":[{"id":7909,"href":"https:\/\/radiorevelacionfm.cl\/index.php?rest_route=\/wp\/v2\/posts\/7906\/revisions\/7909"}],"wp:featuredmedia":[{"embeddable":true,"href":"https:\/\/radiorevelacionfm.cl\/index.php?rest_route=\/wp\/v2\/media\/7908"}],"wp:attachment":[{"href":"https:\/\/radiorevelacionfm.cl\/index.php?rest_route=%2Fwp%2Fv2%2Fmedia&parent=7906"}],"wp:term":[{"taxonomy":"category","embeddable":true,"href":"https:\/\/radiorevelacionfm.cl\/index.php?rest_route=%2Fwp%2Fv2%2Fcategories&post=7906"},{"taxonomy":"post_tag","embeddable":true,"href":"https:\/\/radiorevelacionfm.cl\/index.php?rest_route=%2Fwp%2Fv2%2Ftags&post=7906"}],"curies":[{"name":"wp","href":"https:\/\/api.w.org\/{rel}","templated":true}]}}