{"id":7902,"date":"2021-08-26T10:34:20","date_gmt":"2021-08-26T13:34:20","guid":{"rendered":"https:\/\/radiorevelacionfm.cl\/?p=7902"},"modified":"2021-08-26T10:34:20","modified_gmt":"2021-08-26T13:34:20","slug":"realizan-jornada-de-concientizacion-sobre-el-uso-de-plasticos-para-horticultoras-de-aysen","status":"publish","type":"post","link":"https:\/\/radiorevelacionfm.cl\/?p=7902","title":{"rendered":"Realizan jornada de concientizaci\u00f3n sobre el uso de pl\u00e1sticos para horticultoras de Ays\u00e9n"},"content":{"rendered":"<div class=\"flex_column av_one_full  flex_column_div av-zero-column-padding first  avia-builder-el-0  el_before_av_one_full  avia-builder-el-first  \" style='border-radius:0px; '><div  class='avia-image-container  av-styling-    avia-builder-el-1  avia-builder-el-no-sibling  avia-align-center '  itemprop=\"image\" itemscope=\"itemscope\" itemtype=\"https:\/\/schema.org\/ImageObject\"  ><div class='avia-image-container-inner'><div class='avia-image-overlay-wrap'><img decoding=\"async\" class='wp-image-7903 avia-img-lazy-loading-not-7903 avia_image' src=\"https:\/\/radiorevelacionfm.cl\/wp-content\/uploads\/2021\/08\/IMG-horticultoras3-1-1.jpeg\" alt='' title='IMG-horticultoras3 (1) (1)' height=\"600\" width=\"800\"  itemprop=\"thumbnailUrl\" srcset=\"https:\/\/radiorevelacionfm.cl\/wp-content\/uploads\/2021\/08\/IMG-horticultoras3-1-1.jpeg 800w, https:\/\/radiorevelacionfm.cl\/wp-content\/uploads\/2021\/08\/IMG-horticultoras3-1-1-300x225.jpeg 300w, https:\/\/radiorevelacionfm.cl\/wp-content\/uploads\/2021\/08\/IMG-horticultoras3-1-1-768x576.jpeg 768w, https:\/\/radiorevelacionfm.cl\/wp-content\/uploads\/2021\/08\/IMG-horticultoras3-1-1-705x529.jpeg 705w, https:\/\/radiorevelacionfm.cl\/wp-content\/uploads\/2021\/08\/IMG-horticultoras3-1-1-600x450.jpeg 600w\" sizes=\"(max-width: 800px) 100vw, 800px\" \/><\/div><\/div><\/div><\/div><div class=\"flex_column av_one_full  flex_column_div av-zero-column-padding first  avia-builder-el-2  el_after_av_one_full  el_before_av_one_full  column-top-margin\" style='border-radius:0px; '><section class=\"av_textblock_section \"  itemscope=\"itemscope\" itemtype=\"https:\/\/schema.org\/BlogPosting\" itemprop=\"blogPost\" ><div class='avia_textblock  '   itemprop=\"text\" ><p style=\"text-align: center;\"><strong><span style=\"font-size: 18pt;\">Realizan jornada de concientizaci\u00f3n sobre el uso de pl\u00e1sticos para horticultoras de Ays\u00e9n<\/span><\/strong><\/p>\n<div id=\"gtx-trans\" style=\"position: absolute; left: -50px; top: 4.31534px;\">\n<div class=\"gtx-trans-icon\"><\/div>\n<\/div>\n<\/div><\/section><\/div><div class=\"flex_column av_one_full  flex_column_div av-zero-column-padding first  avia-builder-el-4  el_after_av_one_full  el_before_av_hr  column-top-margin\" style='border-radius:0px; '><section class=\"av_textblock_section \"  itemscope=\"itemscope\" itemtype=\"https:\/\/schema.org\/BlogPosting\" itemprop=\"blogPost\" ><div class='avia_textblock  '   itemprop=\"text\" ><p style=\"text-align: justify;\">En dependencias del Edificio Consistorial de Ays\u00e9n y de manera remota v\u00eda Zoom, el Programa de Desarrollo Local (PRODESAL) que ejecuta la Ilustre Municipalidad de Ays\u00e9n con los recursos provenientes del Instituto de Desarrollo Agropecuario (INDAP) efectu\u00f3 una capacitaci\u00f3n a cerca de una treintena de horticultoras de la comuna, para que estas puedan contar con las nociones b\u00e1sicas sobre el uso de pl\u00e1sticos en el desarrollo de sus productos. La instancia fue ampliamente valorada por los asistentes y se espera llevar a cabo nuevas coordinaciones en otros \u00e1mbitos de acci\u00f3n.<\/p>\n<p style=\"text-align: justify;\">Al respecto, Nadia Bravo Burgos, encargada (s) del programa PRODESAL unidad operativa Ays\u00e9n 2 de la comuna de Ays\u00e9n destac\u00f3 que \u201cgeneralmente en todas las mesas de coordinaci\u00f3n del programa las personas proponen algunos proyectos o lo que les interesa aprender, pero adem\u00e1s como sali\u00f3 la Ley de Pl\u00e1sticos de un solo uso era importante poder explicarles a los usuarios y que entiendan que el pl\u00e1stico como tal pasar\u00e1 a un segundo plano. Tenemos varias actividades agendadas esta vez, desde el campo de lo bovino y ovinos y esas las estaremos avisando con anticipaci\u00f3n para que nos puedan acompa\u00f1ar de forma remota o presencial\u201d.<\/p>\n<p style=\"text-align: justify;\">Por su parte, la Ingeniera Agr\u00f3noma, Tatiana Gonz\u00e1lez, integrante del grupo de capacitaci\u00f3n de PRODESAL Ays\u00e9n, relat\u00f3 lo contentas que se expresaron las usuarias tras la jornada, explicando que \u201ces una capacitaci\u00f3n de \u201cPackaging para hortalizas\u201d, relativo a c\u00f3mo envasamos, pero c\u00f3mo potenciar el buen uso de envases reciclables\u201d. Por lo que, en la instancia se revisaron las alternativas y consecuencias del uso de pl\u00e1sticos, esto mediante herramientas audiovisuales que permitieron abordar situaciones generadas en contextos ambientales de zonas extremas como Isla de Pascua.<\/p>\n<p style=\"text-align: justify;\">Finalmente, Mar\u00eda Pillancare, una de las asistentes presenciales a la capacitaci\u00f3n coment\u00f3 lo positivo del encuentro \u201cmuy bueno y educativo de cosas que uno no sabe y aprende, por lo menos ahora uno ya tiene una idea de c\u00f3mo seguir adelante, por ejemplo, las bolsas de nil\u00f3n no botarlas. Yo creo que la gente debe participar de estas instancias, ya viene el verano y no cuesta tanto para salir y la gente joven sobretodo, salimos nosotros que ya somos ancianas y la idea es que debe participar la gente joven para irle ense\u00f1ando despu\u00e9s a sus hijos estas cosas\u201d, sentenci\u00f3 la horticultora aysenina.<\/p>\n<\/div><\/section><\/div><div  style='height:50px' class='hr hr-invisible   avia-builder-el-6  el_after_av_one_full  el_before_av_social_share '><span class='hr-inner ' ><span class='hr-inner-style'><\/span><\/span><\/div><\/p>\n<div  class='av-social-sharing-box  avia-builder-el-7  el_after_av_hr  el_before_av_hr  '><div class='av-share-box'><h5 class='av-share-link-description av-no-toc '>Compartir esta noticia<\/h5><ul class='av-share-box-list noLightbox'><li class='av-share-link av-social-link-facebook' ><a target=\"_blank\" aria-label=\"Compartir en Facebook\" href='https:\/\/www.facebook.com\/sharer.php?u=https:\/\/radiorevelacionfm.cl\/?p=7902&#038;t=Realizan%20jornada%20de%20concientizaci%C3%B3n%20sobre%20el%20uso%20de%20pl%C3%A1sticos%20para%20horticultoras%20de%20Ays%C3%A9n' aria-hidden='false' data-av_icon='\ue8f3' data-av_iconfont='entypo-fontello' title='' data-avia-related-tooltip='Compartir en Facebook' rel=\"noopener\"><span class='avia_hidden_link_text'>Compartir en Facebook<\/span><\/a><\/li><li class='av-share-link av-social-link-twitter' ><a target=\"_blank\" aria-label=\"Compartir en Twitter\" href='https:\/\/twitter.com\/share?text=Realizan%20jornada%20de%20concientizaci%C3%B3n%20sobre%20el%20uso%20de%20pl%C3%A1sticos%20para%20horticultoras%20de%20Ays%C3%A9n&#038;url=https:\/\/radiorevelacionfm.cl\/?p=7902' aria-hidden='false' data-av_icon='\ue8f1' data-av_iconfont='entypo-fontello' title='' data-avia-related-tooltip='Compartir en Twitter' rel=\"noopener\"><span class='avia_hidden_link_text'>Compartir en Twitter<\/span><\/a><\/li><li class='av-share-link av-social-link-whatsapp' ><a target=\"_blank\" aria-label=\"Compartir en Whatsapp\" href='https:\/\/api.whatsapp.com\/send?text=https:\/\/radiorevelacionfm.cl\/?p=7902' aria-hidden='false' data-av_icon='\uf232' data-av_iconfont='entypo-fontello' title='' data-avia-related-tooltip='Compartir en Whatsapp' rel=\"noopener\"><span class='avia_hidden_link_text'>Compartir en Whatsapp<\/span><\/a><\/li><li class='av-share-link av-social-link-linkedin' ><a target=\"_blank\" aria-label=\"Compartir en LinkedIn\" href='https:\/\/linkedin.com\/shareArticle?mini=true&#038;title=Realizan%20jornada%20de%20concientizaci%C3%B3n%20sobre%20el%20uso%20de%20pl%C3%A1sticos%20para%20horticultoras%20de%20Ays%C3%A9n&#038;url=https:\/\/radiorevelacionfm.cl\/?p=7902' aria-hidden='false' data-av_icon='\ue8fc' data-av_iconfont='entypo-fontello' title='' data-avia-related-tooltip='Compartir en LinkedIn' rel=\"noopener\"><span class='avia_hidden_link_text'>Compartir en LinkedIn<\/span><\/a><\/li><li class='av-share-link av-social-link-mail' ><a  aria-label=\"Compartir por correo\" href='mailto:?subject=Realizan%20jornada%20de%20concientizaci%C3%B3n%20sobre%20el%20uso%20de%20pl%C3%A1sticos%20para%20horticultoras%20de%20Ays%C3%A9n&#038;body=https:\/\/radiorevelacionfm.cl\/?p=7902' aria-hidden='false' data-av_icon='\ue805' data-av_iconfont='entypo-fontello' title='' data-avia-related-tooltip='Compartir por correo'><span class='avia_hidden_link_text'>Compartir por correo<\/span><\/a><\/li><\/ul><\/div><\/div>\n<div  style='height:50px' class='hr hr-invisible   avia-builder-el-8  el_after_av_social_share  el_before_av_comments_list '><span class='hr-inner ' ><span class='hr-inner-style'><\/span><\/span><\/div>\n<div  class='av-buildercomment  av-blog-meta-html-info-disabled av-blog-meta-tag-disabled  '><\/div>\n","protected":false},"excerpt":{"rendered":"","protected":false},"author":1,"featured_media":7903,"comment_status":"open","ping_status":"open","sticky":false,"template":"","format":"standard","meta":{"footnotes":""},"categories":[38],"tags":[],"class_list":["post-7902","post","type-post","status-publish","format-standard","has-post-thumbnail","hentry","category-regional"],"jetpack_featured_media_url":"https:\/\/radiorevelacionfm.cl\/wp-content\/uploads\/2021\/08\/IMG-horticultoras3-1-1.jpeg","_links":{"self":[{"href":"https:\/\/radiorevelacionfm.cl\/index.php?rest_route=\/wp\/v2\/posts\/7902","targetHints":{"allow":["GET"]}}],"collection":[{"href":"https:\/\/radiorevelacionfm.cl\/index.php?rest_route=\/wp\/v2\/posts"}],"about":[{"href":"https:\/\/radiorevelacionfm.cl\/index.php?rest_route=\/wp\/v2\/types\/post"}],"author":[{"embeddable":true,"href":"https:\/\/radiorevelacionfm.cl\/index.php?rest_route=\/wp\/v2\/users\/1"}],"replies":[{"embeddable":true,"href":"https:\/\/radiorevelacionfm.cl\/index.php?rest_route=%2Fwp%2Fv2%2Fcomments&post=7902"}],"version-history":[{"count":1,"href":"https:\/\/radiorevelacionfm.cl\/index.php?rest_route=\/wp\/v2\/posts\/7902\/revisions"}],"predecessor-version":[{"id":7904,"href":"https:\/\/radiorevelacionfm.cl\/index.php?rest_route=\/wp\/v2\/posts\/7902\/revisions\/7904"}],"wp:featuredmedia":[{"embeddable":true,"href":"https:\/\/radiorevelacionfm.cl\/index.php?rest_route=\/wp\/v2\/media\/7903"}],"wp:attachment":[{"href":"https:\/\/radiorevelacionfm.cl\/index.php?rest_route=%2Fwp%2Fv2%2Fmedia&parent=7902"}],"wp:term":[{"taxonomy":"category","embeddable":true,"href":"https:\/\/radiorevelacionfm.cl\/index.php?rest_route=%2Fwp%2Fv2%2Fcategories&post=7902"},{"taxonomy":"post_tag","embeddable":true,"href":"https:\/\/radiorevelacionfm.cl\/index.php?rest_route=%2Fwp%2Fv2%2Ftags&post=7902"}],"curies":[{"name":"wp","href":"https:\/\/api.w.org\/{rel}","templated":true}]}}