{"id":7897,"date":"2021-08-26T10:40:46","date_gmt":"2021-08-26T13:40:46","guid":{"rendered":"https:\/\/radiorevelacionfm.cl\/?p=7897"},"modified":"2021-08-26T10:45:17","modified_gmt":"2021-08-26T13:45:17","slug":"instituciones-firman-convenio-para-fomentar-el-uso-del-tiempo-libre-a-traves-de-actividades-deportivas","status":"publish","type":"post","link":"https:\/\/radiorevelacionfm.cl\/?p=7897","title":{"rendered":"Instituciones firman convenio para fomentar el uso del tiempo libre a trav\u00e9s de actividades deportivas"},"content":{"rendered":"<div class=\"flex_column av_one_full  flex_column_div av-zero-column-padding first  avia-builder-el-0  el_before_av_one_full  avia-builder-el-first  \" style='border-radius:0px; '><div  class='avia-image-container  av-styling-    avia-builder-el-1  avia-builder-el-no-sibling  avia-align-center '  itemprop=\"image\" itemscope=\"itemscope\" itemtype=\"https:\/\/schema.org\/ImageObject\"  ><div class='avia-image-container-inner'><div class='avia-image-overlay-wrap'><img decoding=\"async\" class='wp-image-7900 avia-img-lazy-loading-not-7900 avia_image' src=\"https:\/\/radiorevelacionfm.cl\/wp-content\/uploads\/2021\/08\/senda-1-1-2-1.jpeg\" alt='' title='senda 1 (1) (2) (1)' height=\"600\" width=\"1148\"  itemprop=\"thumbnailUrl\" srcset=\"https:\/\/radiorevelacionfm.cl\/wp-content\/uploads\/2021\/08\/senda-1-1-2-1.jpeg 1148w, https:\/\/radiorevelacionfm.cl\/wp-content\/uploads\/2021\/08\/senda-1-1-2-1-300x157.jpeg 300w, https:\/\/radiorevelacionfm.cl\/wp-content\/uploads\/2021\/08\/senda-1-1-2-1-1030x538.jpeg 1030w, https:\/\/radiorevelacionfm.cl\/wp-content\/uploads\/2021\/08\/senda-1-1-2-1-768x401.jpeg 768w, https:\/\/radiorevelacionfm.cl\/wp-content\/uploads\/2021\/08\/senda-1-1-2-1-705x368.jpeg 705w, https:\/\/radiorevelacionfm.cl\/wp-content\/uploads\/2021\/08\/senda-1-1-2-1-600x314.jpeg 600w\" sizes=\"(max-width: 1148px) 100vw, 1148px\" \/><\/div><\/div><\/div><\/div><div class=\"flex_column av_one_full  flex_column_div av-zero-column-padding first  avia-builder-el-2  el_after_av_one_full  el_before_av_one_full  column-top-margin\" style='border-radius:0px; '><section class=\"av_textblock_section \"  itemscope=\"itemscope\" itemtype=\"https:\/\/schema.org\/BlogPosting\" itemprop=\"blogPost\" ><div class='avia_textblock  '   itemprop=\"text\" ><p style=\"text-align: center;\"><strong><span style=\"font-size: 18pt;\">Instituciones firman convenio para fomentar el uso del tiempo libre a trav\u00e9s de actividades deportivas<\/span><\/strong><\/p>\n<div id=\"gtx-trans\" style=\"position: absolute; left: -50px; top: 4.31534px;\">\n<div class=\"gtx-trans-icon\"><\/div>\n<\/div>\n<\/div><\/section><\/div><\/p>\n<div class=\"flex_column av_one_full  flex_column_div av-zero-column-padding first  avia-builder-el-4  el_after_av_one_full  el_before_av_hr  column-top-margin\" style='border-radius:0px; '><section class=\"av_textblock_section \"  itemscope=\"itemscope\" itemtype=\"https:\/\/schema.org\/BlogPosting\" itemprop=\"blogPost\" ><div class='avia_textblock  '   itemprop=\"text\" ><p class=\"v1MsoNormal\" style=\"text-align: justify;\">La alianza estrategia, se materializ\u00f3 este martes en dependencias del Estadio Regional, lugar en el que la Directora Regional Senda Annie Katherine Hunter Guti\u00e9rrez, junto al Director Regional del IND Jos\u00e9 Manuel Sep\u00falveda firmaron este acuerdo de colaboraci\u00f3n intersectorial.<\/p>\n<p class=\"v1MsoNormal\" style=\"text-align: justify;\">En este sentido la Directora Regional de Senda, Annie Katherine Hunter Guti\u00e9rrez se\u00f1al\u00f3 \u00abcomo Senda Regi\u00f3n de Ays\u00e9n estamos muy contentos porque finalmente pudimos concretar un anhelado convenio con el Instituto Nacional de Deportes, instituci\u00f3n con la que hemos estado trabajando desde hace un tiempo en la propuesta y el d\u00eda de hoy se ha concretado as\u00ed que vamos a unir fuerzas para trabajar en conjunto por el desarrollo y el fortalecimiento del deporte en la Regi\u00f3n de Ays\u00e9n y principalmente pensando en las ni\u00f1as, ni\u00f1os y adolescentes y en la prevenci\u00f3n del consumo de drogas y alcohol\u00bb.<\/p>\n<p class=\"v1MsoNormal\" style=\"text-align: justify;\">\u00abMediante esta alianza, como IND y junto a la Serem\u00eda del Deporte, nos comprometemos a fortalecer los lazos que ya tenemos con SENDA y el Plan Nacional Elige Vivir Sin Drogas propiciando y favoreciendo entornos y estilos de vida saludables, enmarcado en potenciar factores protectores a trav\u00e9s de nuestros talleres y actividades que desarrollamos en diversas comunas de la regi\u00f3n, por lo que invitamos a la comunidad a seguir nuestras redes sociales y tambi\u00e9n las de Senda donde estaremos informando sobre las diversas alternativas de actividad f\u00edsica y deportiva como como factor protector en ni\u00f1os, ni\u00f1as y adolescentes\u00bb, precis\u00f3 Jos\u00e9 Manuel Sep\u00falveda, Director Regional IND Ays\u00e9n.<\/p>\n<p class=\"v1MsoNormal\" style=\"text-align: justify;\">Dentro de los objetivos espec\u00edficos de este convenio destaca el desarrollo de actividades conjuntas como eventos, festivales, torneos, que tengan por prop\u00f3sito la promoci\u00f3n de los valores y beneficios de la pr\u00e1ctica de actividad f\u00edsica y deportiva, as\u00ed como de estilos de vida saludable, en los diferentes grupos etarios de la poblaci\u00f3n comunal, con especial \u00e9nfasis en la poblaci\u00f3n infantil y juvenil.<\/p>\n<p class=\"v1MsoNormal\" style=\"text-align: justify;\">Asimismo, impulsar en conjunto con los municipios planes y estrategias locales que aumenten las oportunidades de pr\u00e1ctica de actividad f\u00edsica y deportiva en los \u00e1mbitos escolares, comunitarios y laborales, coordinando jornadas, talleres, cursos y charlas que contribuyan a difundir los beneficios y valores de la pr\u00e1ctica sistem\u00e1tica de actividad f\u00edsica.<\/p>\n<p class=\"v1MsoNormal\" style=\"text-align: justify;\">Otro aspecto relevante de este convenio apunta a la capacitaci\u00f3n en materias de prevenci\u00f3n del consumo de drogas y alcohol de los monitores y personal que imparte los talleres, en tem\u00e1ticas asociadas al manejo grupal de ni\u00f1os, ni\u00f1as y adolescentes, que contribuyan a potenciar el desarrollo de habilidades socioemocionales, motivaci\u00f3n, resoluci\u00f3n de conflictos, incorporando un enfoque preventivo sobre el consumo de alcohol y drogas.<\/p>\n<div style=\"text-align: justify;\"><\/div>\n<\/div><\/section><\/div>\n<div  style='height:50px' class='hr hr-invisible   avia-builder-el-6  el_after_av_one_full  el_before_av_social_share '><span class='hr-inner ' ><span class='hr-inner-style'><\/span><\/span><\/div>\n<div  class='av-social-sharing-box  avia-builder-el-7  el_after_av_hr  el_before_av_hr  '><div class='av-share-box'><h5 class='av-share-link-description av-no-toc '>Compartir esta noticia<\/h5><ul class='av-share-box-list noLightbox'><li class='av-share-link av-social-link-facebook' ><a target=\"_blank\" aria-label=\"Compartir en Facebook\" href='https:\/\/www.facebook.com\/sharer.php?u=https:\/\/radiorevelacionfm.cl\/?p=7897&#038;t=Instituciones%20firman%20convenio%20para%20fomentar%20el%20uso%20del%20tiempo%20libre%20a%20trav%C3%A9s%20de%20actividades%20deportivas' aria-hidden='false' data-av_icon='\ue8f3' data-av_iconfont='entypo-fontello' title='' data-avia-related-tooltip='Compartir en Facebook' rel=\"noopener\"><span class='avia_hidden_link_text'>Compartir en Facebook<\/span><\/a><\/li><li class='av-share-link av-social-link-twitter' ><a target=\"_blank\" aria-label=\"Compartir en Twitter\" href='https:\/\/twitter.com\/share?text=Instituciones%20firman%20convenio%20para%20fomentar%20el%20uso%20del%20tiempo%20libre%20a%20trav%C3%A9s%20de%20actividades%20deportivas&#038;url=https:\/\/radiorevelacionfm.cl\/?p=7897' aria-hidden='false' data-av_icon='\ue8f1' data-av_iconfont='entypo-fontello' title='' data-avia-related-tooltip='Compartir en Twitter' rel=\"noopener\"><span class='avia_hidden_link_text'>Compartir en Twitter<\/span><\/a><\/li><li class='av-share-link av-social-link-whatsapp' ><a target=\"_blank\" aria-label=\"Compartir en Whatsapp\" href='https:\/\/api.whatsapp.com\/send?text=https:\/\/radiorevelacionfm.cl\/?p=7897' aria-hidden='false' data-av_icon='\uf232' data-av_iconfont='entypo-fontello' title='' data-avia-related-tooltip='Compartir en Whatsapp' rel=\"noopener\"><span class='avia_hidden_link_text'>Compartir en Whatsapp<\/span><\/a><\/li><li class='av-share-link av-social-link-linkedin' ><a target=\"_blank\" aria-label=\"Compartir en LinkedIn\" href='https:\/\/linkedin.com\/shareArticle?mini=true&#038;title=Instituciones%20firman%20convenio%20para%20fomentar%20el%20uso%20del%20tiempo%20libre%20a%20trav%C3%A9s%20de%20actividades%20deportivas&#038;url=https:\/\/radiorevelacionfm.cl\/?p=7897' aria-hidden='false' data-av_icon='\ue8fc' data-av_iconfont='entypo-fontello' title='' data-avia-related-tooltip='Compartir en LinkedIn' rel=\"noopener\"><span class='avia_hidden_link_text'>Compartir en LinkedIn<\/span><\/a><\/li><li class='av-share-link av-social-link-mail' ><a  aria-label=\"Compartir por correo\" href='mailto:?subject=Instituciones%20firman%20convenio%20para%20fomentar%20el%20uso%20del%20tiempo%20libre%20a%20trav%C3%A9s%20de%20actividades%20deportivas&#038;body=https:\/\/radiorevelacionfm.cl\/?p=7897' aria-hidden='false' data-av_icon='\ue805' data-av_iconfont='entypo-fontello' title='' data-avia-related-tooltip='Compartir por correo'><span class='avia_hidden_link_text'>Compartir por correo<\/span><\/a><\/li><\/ul><\/div><\/div>\n<div  style='height:50px' class='hr hr-invisible   avia-builder-el-8  el_after_av_social_share  el_before_av_comments_list '><span class='hr-inner ' ><span class='hr-inner-style'><\/span><\/span><\/div>\n<div  class='av-buildercomment  av-blog-meta-html-info-disabled av-blog-meta-tag-disabled  '><\/div>\n","protected":false},"excerpt":{"rendered":"","protected":false},"author":1,"featured_media":7900,"comment_status":"open","ping_status":"open","sticky":false,"template":"","format":"standard","meta":{"footnotes":""},"categories":[40],"tags":[],"class_list":["post-7897","post","type-post","status-publish","format-standard","has-post-thumbnail","hentry","category-deportes"],"jetpack_featured_media_url":"https:\/\/radiorevelacionfm.cl\/wp-content\/uploads\/2021\/08\/senda-1-1-2-1.jpeg","_links":{"self":[{"href":"https:\/\/radiorevelacionfm.cl\/index.php?rest_route=\/wp\/v2\/posts\/7897","targetHints":{"allow":["GET"]}}],"collection":[{"href":"https:\/\/radiorevelacionfm.cl\/index.php?rest_route=\/wp\/v2\/posts"}],"about":[{"href":"https:\/\/radiorevelacionfm.cl\/index.php?rest_route=\/wp\/v2\/types\/post"}],"author":[{"embeddable":true,"href":"https:\/\/radiorevelacionfm.cl\/index.php?rest_route=\/wp\/v2\/users\/1"}],"replies":[{"embeddable":true,"href":"https:\/\/radiorevelacionfm.cl\/index.php?rest_route=%2Fwp%2Fv2%2Fcomments&post=7897"}],"version-history":[{"count":2,"href":"https:\/\/radiorevelacionfm.cl\/index.php?rest_route=\/wp\/v2\/posts\/7897\/revisions"}],"predecessor-version":[{"id":7901,"href":"https:\/\/radiorevelacionfm.cl\/index.php?rest_route=\/wp\/v2\/posts\/7897\/revisions\/7901"}],"wp:featuredmedia":[{"embeddable":true,"href":"https:\/\/radiorevelacionfm.cl\/index.php?rest_route=\/wp\/v2\/media\/7900"}],"wp:attachment":[{"href":"https:\/\/radiorevelacionfm.cl\/index.php?rest_route=%2Fwp%2Fv2%2Fmedia&parent=7897"}],"wp:term":[{"taxonomy":"category","embeddable":true,"href":"https:\/\/radiorevelacionfm.cl\/index.php?rest_route=%2Fwp%2Fv2%2Fcategories&post=7897"},{"taxonomy":"post_tag","embeddable":true,"href":"https:\/\/radiorevelacionfm.cl\/index.php?rest_route=%2Fwp%2Fv2%2Ftags&post=7897"}],"curies":[{"name":"wp","href":"https:\/\/api.w.org\/{rel}","templated":true}]}}