{"id":7894,"date":"2021-08-25T18:37:05","date_gmt":"2021-08-25T21:37:05","guid":{"rendered":"https:\/\/radiorevelacionfm.cl\/?p=7894"},"modified":"2021-08-25T18:37:05","modified_gmt":"2021-08-25T21:37:05","slug":"escritor-aysenino-realizo-lanzamiento-de-su-primer-titulo-historias-de-canito","status":"publish","type":"post","link":"https:\/\/radiorevelacionfm.cl\/?p=7894","title":{"rendered":"Escritor aysenino realiz\u00f3 lanzamiento de su primer t\u00edtulo \u201cHistorias de Canito\u201d"},"content":{"rendered":"<div class=\"flex_column av_one_full  flex_column_div av-zero-column-padding first  avia-builder-el-0  el_before_av_one_full  avia-builder-el-first  \" style='border-radius:0px; '><div  class='avia-image-container  av-styling-    avia-builder-el-1  avia-builder-el-no-sibling  avia-align-center '  itemprop=\"image\" itemscope=\"itemscope\" itemtype=\"https:\/\/schema.org\/ImageObject\"  ><div class='avia-image-container-inner'><div class='avia-image-overlay-wrap'><img decoding=\"async\" class='wp-image-7895 avia-img-lazy-loading-not-7895 avia_image' src=\"https:\/\/radiorevelacionfm.cl\/wp-content\/uploads\/2021\/08\/IMG-historiascanito1-1-1.jpeg\" alt='' title='IMG-historiascanito1 (1) (1)' height=\"600\" width=\"900\"  itemprop=\"thumbnailUrl\" srcset=\"https:\/\/radiorevelacionfm.cl\/wp-content\/uploads\/2021\/08\/IMG-historiascanito1-1-1.jpeg 900w, https:\/\/radiorevelacionfm.cl\/wp-content\/uploads\/2021\/08\/IMG-historiascanito1-1-1-300x200.jpeg 300w, https:\/\/radiorevelacionfm.cl\/wp-content\/uploads\/2021\/08\/IMG-historiascanito1-1-1-768x512.jpeg 768w, https:\/\/radiorevelacionfm.cl\/wp-content\/uploads\/2021\/08\/IMG-historiascanito1-1-1-705x470.jpeg 705w, https:\/\/radiorevelacionfm.cl\/wp-content\/uploads\/2021\/08\/IMG-historiascanito1-1-1-600x400.jpeg 600w\" sizes=\"(max-width: 900px) 100vw, 900px\" \/><\/div><\/div><\/div><\/div><div class=\"flex_column av_one_full  flex_column_div av-zero-column-padding first  avia-builder-el-2  el_after_av_one_full  el_before_av_one_full  column-top-margin\" style='border-radius:0px; '><section class=\"av_textblock_section \"  itemscope=\"itemscope\" itemtype=\"https:\/\/schema.org\/BlogPosting\" itemprop=\"blogPost\" ><div class='avia_textblock  '   itemprop=\"text\" ><p style=\"text-align: center;\"><strong><span style=\"font-size: 18pt;\">Escritor aysenino realiz\u00f3 lanzamiento de su primer t\u00edtulo \u201cHistorias de Canito\u201d<\/span><\/strong><\/p>\n<div id=\"gtx-trans\" style=\"position: absolute; left: -50px; top: 4.31534px;\">\n<div class=\"gtx-trans-icon\"><\/div>\n<\/div>\n<\/div><\/section><\/div><div class=\"flex_column av_one_full  flex_column_div av-zero-column-padding first  avia-builder-el-4  el_after_av_one_full  el_before_av_hr  column-top-margin\" style='border-radius:0px; '><section class=\"av_textblock_section \"  itemscope=\"itemscope\" itemtype=\"https:\/\/schema.org\/BlogPosting\" itemprop=\"blogPost\" ><div class='avia_textblock  '   itemprop=\"text\" ><p style=\"text-align: justify;\">Con mucha alegr\u00eda y emoci\u00f3n distintos actores del mundo de la Cultura, las Artes y el Patrimonio se dieron cita para formar parte del lanzamiento de la primera obra literaria de Manuel Hern\u00e1ndez Barr\u00eda, denominada \u201cHistorias de Canito\u201d. Esto tras la vinculaci\u00f3n generada con la Ilustre Municipalidad de Ays\u00e9n a trav\u00e9s de su Unidad de Cultura. El cuento se encuentra disponible para la lectura de la comunidad aysenina en la Biblioteca P\u00fablica de Ays\u00e9n y ya su autor espera prontamente generar una secuela que pueda complementar lo expuesto.<\/p>\n<p style=\"text-align: justify;\">Respecto al Libro cabe se\u00f1alar que confluyen distintas historias que tienen como ambientaci\u00f3n la d\u00e9cada del 50 \u2013 60 y que bajo la t\u00e9cnica del \u201cRealismo m\u00e1gico\u201d permite conocer el crecimiento de un ni\u00f1o, Canito, en una numerosa familia chilota. As\u00ed como tambi\u00e9n, el devenir de este a sus cortos 6 a\u00f1os tras el Terremoto de Valdivia en 1960, uno de los eventos s\u00edsmicos m\u00e1s grandes registrados en la historia reciente.<\/p>\n<p style=\"text-align: justify;\">Acerca del lanzamiento efectuado, el encargado de Cultura de la Ilustre Municipalidad de Ays\u00e9n, Alex Mancilla, destac\u00f3 que \u201cesta actividad ha sido un sue\u00f1o para nosotros, de incorporar a personas que dejen un legado y precisamente don Manuel este d\u00eda ha dejado este legado retratado en el libro Historias de Canito, el cual est\u00e1n todos por supuesto invitados a leer. En nuestra Biblioteca existir\u00e1n ejemplares para que la comunidad pueda disfrutar e invitar a todas las personas que les gusta escribir, pintar, leer, acercarse a la Biblioteca y tambi\u00e9n a que nos informen a nosotros como \u00e1rea de Cultura, que vayan, nos visiten, conversemos en las alternativas que podemos ayudar porque hay que impulsar la Cultura\u201d.<\/p>\n<p style=\"text-align: justify;\">En tanto, el autor, Manuel Hern\u00e1ndez Barr\u00eda, agradeci\u00f3 al municipio aysenino el apoyo brindado en esta materia expresando con ello tambi\u00e9n su alegr\u00eda. \u201cComo lo mencion\u00e9 en el acto, lo escrib\u00ed hace como tres a\u00f1os, pero era producto de lo que yo contaba en mi juventud a mis hijos y s\u00ed, tengo pensado una segunda parte y espero el pr\u00f3ximo a\u00f1o publicar ello porque las personas que lo han le\u00eddo, que son cerca de 150 me han manifestado su gusto por el libro por lo que espero continuar con \u00e9l. No hay violencia, no est\u00e1 tergiversado y son cosas simples, muy simples y eso es lo que creo que les gusta a los ni\u00f1os\u201d.<\/p>\n<p style=\"text-align: justify;\">Tras ser consultado el escritor sobre el mensaje que le podr\u00eda entregar a la comunidad, Hern\u00e1ndez Barr\u00eda, destac\u00f3 que una las acciones m\u00e1s importantes es la lectura. Algo que \u00e9l comenz\u00f3 a practicar desde los 9 a\u00f1os y que indica, que le ha permitido abrir espacio a nuevas experiencias y visiones de mundo. \u201cYo debido a la lectura he podido viajar, he podido conocer, desenvolverme en mi trabajo, entonces la recomendaci\u00f3n es que siempre es lindo leer\u201d, enfatiz\u00f3 el autor de las Historias de Canito.<\/p>\n<p style=\"text-align: justify;\"><strong>\u00a0<\/strong><strong>Sobre el autor<\/strong><\/p>\n<p style=\"text-align: justify;\">El escritor Sr. Manuel Hern\u00e1ndez Barr\u00eda, tiene 67 a\u00f1os, es oriundo de la Isla grande de Chilo\u00e9 donde curs\u00f3 sus estudios b\u00e1sicos, para posteriormente trasladarse hasta Puerto Montt donde se licenci\u00f3 y se titul\u00f3 de Contador General el a\u00f1o 1980.<\/p>\n<p style=\"text-align: justify;\">En 1981, por condiciones de su trabajo en una Agencia Mar\u00edtima del Estado llega hasta Puerto Ays\u00e9n, lugar que se transform\u00f3 de esa manera en su residencia habitual y donde ha podido ejercer distintas actividades laborales que hoy lo tienen brindado sus servicios de contadur\u00eda para colegios y empresas privadas. El t\u00edtulo expuesto es su primera creaci\u00f3n literaria.<\/p>\n<\/div><\/section><\/div><div  style='height:50px' class='hr hr-invisible   avia-builder-el-6  el_after_av_one_full  el_before_av_social_share '><span class='hr-inner ' ><span class='hr-inner-style'><\/span><\/span><\/div><\/p>\n<div  class='av-social-sharing-box  avia-builder-el-7  el_after_av_hr  el_before_av_hr  '><div class='av-share-box'><h5 class='av-share-link-description av-no-toc '>Compartir esta noticia<\/h5><ul class='av-share-box-list noLightbox'><li class='av-share-link av-social-link-facebook' ><a target=\"_blank\" aria-label=\"Compartir en Facebook\" href='https:\/\/www.facebook.com\/sharer.php?u=https:\/\/radiorevelacionfm.cl\/?p=7894&#038;t=Escritor%20aysenino%20realiz%C3%B3%20lanzamiento%20de%20su%20primer%20t%C3%ADtulo%20%E2%80%9CHistorias%20de%20Canito%E2%80%9D' aria-hidden='false' data-av_icon='\ue8f3' data-av_iconfont='entypo-fontello' title='' data-avia-related-tooltip='Compartir en Facebook' rel=\"noopener\"><span class='avia_hidden_link_text'>Compartir en Facebook<\/span><\/a><\/li><li class='av-share-link av-social-link-twitter' ><a target=\"_blank\" aria-label=\"Compartir en Twitter\" href='https:\/\/twitter.com\/share?text=Escritor%20aysenino%20realiz%C3%B3%20lanzamiento%20de%20su%20primer%20t%C3%ADtulo%20%E2%80%9CHistorias%20de%20Canito%E2%80%9D&#038;url=https:\/\/radiorevelacionfm.cl\/?p=7894' aria-hidden='false' data-av_icon='\ue8f1' data-av_iconfont='entypo-fontello' title='' data-avia-related-tooltip='Compartir en Twitter' rel=\"noopener\"><span class='avia_hidden_link_text'>Compartir en Twitter<\/span><\/a><\/li><li class='av-share-link av-social-link-whatsapp' ><a target=\"_blank\" aria-label=\"Compartir en Whatsapp\" href='https:\/\/api.whatsapp.com\/send?text=https:\/\/radiorevelacionfm.cl\/?p=7894' aria-hidden='false' data-av_icon='\uf232' data-av_iconfont='entypo-fontello' title='' data-avia-related-tooltip='Compartir en Whatsapp' rel=\"noopener\"><span class='avia_hidden_link_text'>Compartir en Whatsapp<\/span><\/a><\/li><li class='av-share-link av-social-link-linkedin' ><a target=\"_blank\" aria-label=\"Compartir en LinkedIn\" href='https:\/\/linkedin.com\/shareArticle?mini=true&#038;title=Escritor%20aysenino%20realiz%C3%B3%20lanzamiento%20de%20su%20primer%20t%C3%ADtulo%20%E2%80%9CHistorias%20de%20Canito%E2%80%9D&#038;url=https:\/\/radiorevelacionfm.cl\/?p=7894' aria-hidden='false' data-av_icon='\ue8fc' data-av_iconfont='entypo-fontello' title='' data-avia-related-tooltip='Compartir en LinkedIn' rel=\"noopener\"><span class='avia_hidden_link_text'>Compartir en LinkedIn<\/span><\/a><\/li><li class='av-share-link av-social-link-mail' ><a  aria-label=\"Compartir por correo\" href='mailto:?subject=Escritor%20aysenino%20realiz%C3%B3%20lanzamiento%20de%20su%20primer%20t%C3%ADtulo%20%E2%80%9CHistorias%20de%20Canito%E2%80%9D&#038;body=https:\/\/radiorevelacionfm.cl\/?p=7894' aria-hidden='false' data-av_icon='\ue805' data-av_iconfont='entypo-fontello' title='' data-avia-related-tooltip='Compartir por correo'><span class='avia_hidden_link_text'>Compartir por correo<\/span><\/a><\/li><\/ul><\/div><\/div>\n<div  style='height:50px' class='hr hr-invisible   avia-builder-el-8  el_after_av_social_share  el_before_av_comments_list '><span class='hr-inner ' ><span class='hr-inner-style'><\/span><\/span><\/div>\n<div  class='av-buildercomment  av-blog-meta-html-info-disabled av-blog-meta-tag-disabled  '><\/div>\n","protected":false},"excerpt":{"rendered":"","protected":false},"author":1,"featured_media":7895,"comment_status":"open","ping_status":"open","sticky":false,"template":"","format":"standard","meta":{"footnotes":""},"categories":[52],"tags":[],"class_list":["post-7894","post","type-post","status-publish","format-standard","has-post-thumbnail","hentry","category-cultura"],"jetpack_featured_media_url":"https:\/\/radiorevelacionfm.cl\/wp-content\/uploads\/2021\/08\/IMG-historiascanito1-1-1.jpeg","_links":{"self":[{"href":"https:\/\/radiorevelacionfm.cl\/index.php?rest_route=\/wp\/v2\/posts\/7894","targetHints":{"allow":["GET"]}}],"collection":[{"href":"https:\/\/radiorevelacionfm.cl\/index.php?rest_route=\/wp\/v2\/posts"}],"about":[{"href":"https:\/\/radiorevelacionfm.cl\/index.php?rest_route=\/wp\/v2\/types\/post"}],"author":[{"embeddable":true,"href":"https:\/\/radiorevelacionfm.cl\/index.php?rest_route=\/wp\/v2\/users\/1"}],"replies":[{"embeddable":true,"href":"https:\/\/radiorevelacionfm.cl\/index.php?rest_route=%2Fwp%2Fv2%2Fcomments&post=7894"}],"version-history":[{"count":1,"href":"https:\/\/radiorevelacionfm.cl\/index.php?rest_route=\/wp\/v2\/posts\/7894\/revisions"}],"predecessor-version":[{"id":7896,"href":"https:\/\/radiorevelacionfm.cl\/index.php?rest_route=\/wp\/v2\/posts\/7894\/revisions\/7896"}],"wp:featuredmedia":[{"embeddable":true,"href":"https:\/\/radiorevelacionfm.cl\/index.php?rest_route=\/wp\/v2\/media\/7895"}],"wp:attachment":[{"href":"https:\/\/radiorevelacionfm.cl\/index.php?rest_route=%2Fwp%2Fv2%2Fmedia&parent=7894"}],"wp:term":[{"taxonomy":"category","embeddable":true,"href":"https:\/\/radiorevelacionfm.cl\/index.php?rest_route=%2Fwp%2Fv2%2Fcategories&post=7894"},{"taxonomy":"post_tag","embeddable":true,"href":"https:\/\/radiorevelacionfm.cl\/index.php?rest_route=%2Fwp%2Fv2%2Ftags&post=7894"}],"curies":[{"name":"wp","href":"https:\/\/api.w.org\/{rel}","templated":true}]}}