{"id":7886,"date":"2021-08-25T18:45:19","date_gmt":"2021-08-25T21:45:19","guid":{"rendered":"https:\/\/radiorevelacionfm.cl\/?p=7886"},"modified":"2021-08-25T20:19:13","modified_gmt":"2021-08-25T23:19:13","slug":"programa-cientifico-expande-su-alcance-a-ninos-y-ninas-de-zonas-remotas-de-aysen","status":"publish","type":"post","link":"https:\/\/radiorevelacionfm.cl\/?p=7886","title":{"rendered":"Programa cient\u00edfico expande su alcance a ni\u00f1os y ni\u00f1as de zonas remotas de Ays\u00e9n"},"content":{"rendered":"<div class=\"flex_column av_one_full  flex_column_div av-zero-column-padding first  avia-builder-el-0  el_before_av_one_full  avia-builder-el-first  \" style='border-radius:0px; '><div  class='avia-image-container  av-styling-    avia-builder-el-1  avia-builder-el-no-sibling  avia-align-center '  itemprop=\"image\" itemscope=\"itemscope\" itemtype=\"https:\/\/schema.org\/ImageObject\"  ><div class='avia-image-container-inner'><div class='avia-image-overlay-wrap'><img decoding=\"async\" class='wp-image-7887 avia-img-lazy-loading-not-7887 avia_image' src=\"https:\/\/radiorevelacionfm.cl\/wp-content\/uploads\/2021\/08\/Actividad-Arqueologia-Aportaciencias1-1-1.jpg\" alt='' title='Actividad Arqueolog\u00eda Aportaciencias1 (1) (1)' height=\"600\" width=\"633\"  itemprop=\"thumbnailUrl\" srcset=\"https:\/\/radiorevelacionfm.cl\/wp-content\/uploads\/2021\/08\/Actividad-Arqueologia-Aportaciencias1-1-1.jpg 633w, https:\/\/radiorevelacionfm.cl\/wp-content\/uploads\/2021\/08\/Actividad-Arqueologia-Aportaciencias1-1-1-300x284.jpg 300w, https:\/\/radiorevelacionfm.cl\/wp-content\/uploads\/2021\/08\/Actividad-Arqueologia-Aportaciencias1-1-1-600x569.jpg 600w\" sizes=\"(max-width: 633px) 100vw, 633px\" \/><\/div><\/div><\/div><\/div><div class=\"flex_column av_one_full  flex_column_div av-zero-column-padding first  avia-builder-el-2  el_after_av_one_full  el_before_av_one_full  column-top-margin\" style='border-radius:0px; '><section class=\"av_textblock_section \"  itemscope=\"itemscope\" itemtype=\"https:\/\/schema.org\/BlogPosting\" itemprop=\"blogPost\" ><div class='avia_textblock  '   itemprop=\"text\" ><p style=\"text-align: center;\"><span style=\"font-size: 18pt;\"><strong>Programa cient\u00edfico expande su alcance a ni\u00f1os y ni\u00f1as de zonas remotas de Ays\u00e9n<\/strong><\/span><\/p>\n<div id=\"gtx-trans\" style=\"position: absolute; left: -50px; top: 4.31534px;\">\n<div class=\"gtx-trans-icon\"><\/div>\n<\/div>\n<\/div><\/section><\/div><div class=\"flex_column av_one_full  flex_column_div av-zero-column-padding first  avia-builder-el-4  el_after_av_one_full  el_before_av_hr  column-top-margin\" style='border-radius:0px; '><section class=\"av_textblock_section \"  itemscope=\"itemscope\" itemtype=\"https:\/\/schema.org\/BlogPosting\" itemprop=\"blogPost\" ><div class='avia_textblock  '   itemprop=\"text\" ><p style=\"text-align: justify;\">El desarrollo de habilidades cient\u00edficas en sinton\u00eda con las problem\u00e1ticas socioambientales de los territorios es fundamental para la formaci\u00f3n de ciudadanas y ciudadanos que puedan solventar los desaf\u00edos contempor\u00e1neos. Es por este motivo que el Programa AportaCiencias apost\u00f3 por aumentar la participaci\u00f3n de ni\u00f1as y ni\u00f1os de zonas rurales\u00a0 durante su segundo a\u00f1o de implementaci\u00f3n.<\/p>\n<p style=\"text-align: justify;\">Con el objetivo de acompa\u00f1ar a m\u00e1s ni\u00f1as y ni\u00f1os en sus curiosidades cient\u00edficas este a\u00f1o AportaCiencias, una iniciativa impulsada por el Campus Patagonia UACh y financiada por el Fondo de Innovaci\u00f3n para la Competitividad del Gobierno Regional de Ays\u00e9n, cuenta con participantes de estudiantes de las ciudades de Ays\u00e9n y Coyhaique, las localidades de Melimoyu, Puerto Gala, Ma\u00f1ihuales y la comuna de Villa O\u2019Higgins.<\/p>\n<p style=\"text-align: justify;\"><strong>Ciencia participativa, democr\u00e1tica y descentralizada <\/strong><\/p>\n<p style=\"text-align: justify;\">Entre fiordos, canales, glaciares, abundante bosque nativo frente al imponente volc\u00e1n Cerro Melimoyu, se sit\u00faa la localidad del mismo nombre. Melimoyu, una localidad ubicada en la zona costera norte de Ays\u00e9n y a la que solo se puede llegar por v\u00eda mar\u00edtima, cuenta con una poblaci\u00f3n de aproximadamente 16 familias y una escuela, cuyas \u00fanicas dos estudiantes forman parte del programa virtual AportaCiencias.<\/p>\n<p style=\"text-align: justify;\">\u201cPor lo general no se habla mucho de las escuelas como la nuestra, que es una escuela de 1ero a 6to b\u00e1sico, multigrado y unidocente. Este a\u00f1o tenemos una matr\u00edcula de 2 alumnas porque no tenemos m\u00e1s poblaci\u00f3n y por lo general no clasificamos en nada porque somos muy poquitos, entonces para nosotros que nos integraran en este proyecto es tremendo, ha sido muy beneficioso para el desarrollo de las ni\u00f1as y la interacci\u00f3n de mis ni\u00f1as con otros ni\u00f1os, as\u00ed que estamos muy contentas y agradecidas\u201d, coment\u00f3 Fernanda Rojo, profesora de la Escuela Rural Melimoyu y apoderada AportaCiencias.<\/p>\n<p style=\"text-align: justify;\">Al integrar nuevas localidades, AportaCiencias busca expandir su alcance durante 2021 con una propuesta de ense\u00f1anza integral de ciencia y tecnolog\u00eda.<\/p>\n<p style=\"text-align: justify;\">Sobre esto, Melissa Zavala, gestora educativa de AportaCiencias concluye: \u201cA trav\u00e9s de diversas experiencias el Programa busc\u00f3 desarrollar un modelo educativo informal que se basa en una ruta de experiencias cient\u00edficas, incorporando el enfoque Ciencia, Tecnolog\u00eda, Sociedad y Ambiente (CTSA). Todo esto est\u00e1 articulado con la comunidad docente y cient\u00edfica en el trabajo de codise\u00f1o, implementaci\u00f3n de pr\u00e1cticas pedag\u00f3gicas, recursos y herramientas para que los ni\u00f1os y ni\u00f1as puedan ir construyendo su propia experiencia, creando un ambiente de aprendizaje libre de estereotipos y sesgos de g\u00e9nero\u201d.<\/p>\n<\/div><\/section><\/div><div  style='height:50px' class='hr hr-invisible   avia-builder-el-6  el_after_av_one_full  el_before_av_social_share '><span class='hr-inner ' ><span class='hr-inner-style'><\/span><\/span><\/div><\/p>\n<div  class='av-social-sharing-box  avia-builder-el-7  el_after_av_hr  el_before_av_hr  '><div class='av-share-box'><h5 class='av-share-link-description av-no-toc '>Compartir esta noticia<\/h5><ul class='av-share-box-list noLightbox'><li class='av-share-link av-social-link-facebook' ><a target=\"_blank\" aria-label=\"Compartir en Facebook\" href='https:\/\/www.facebook.com\/sharer.php?u=https:\/\/radiorevelacionfm.cl\/?p=7886&#038;t=Programa%20cient%C3%ADfico%20expande%20su%20alcance%20a%20ni%C3%B1os%20y%20ni%C3%B1as%20de%20zonas%20remotas%20de%20Ays%C3%A9n' aria-hidden='false' data-av_icon='\ue8f3' data-av_iconfont='entypo-fontello' title='' data-avia-related-tooltip='Compartir en Facebook' rel=\"noopener\"><span class='avia_hidden_link_text'>Compartir en Facebook<\/span><\/a><\/li><li class='av-share-link av-social-link-twitter' ><a target=\"_blank\" aria-label=\"Compartir en Twitter\" href='https:\/\/twitter.com\/share?text=Programa%20cient%C3%ADfico%20expande%20su%20alcance%20a%20ni%C3%B1os%20y%20ni%C3%B1as%20de%20zonas%20remotas%20de%20Ays%C3%A9n&#038;url=https:\/\/radiorevelacionfm.cl\/?p=7886' aria-hidden='false' data-av_icon='\ue8f1' data-av_iconfont='entypo-fontello' title='' data-avia-related-tooltip='Compartir en Twitter' rel=\"noopener\"><span class='avia_hidden_link_text'>Compartir en Twitter<\/span><\/a><\/li><li class='av-share-link av-social-link-whatsapp' ><a target=\"_blank\" aria-label=\"Compartir en Whatsapp\" href='https:\/\/api.whatsapp.com\/send?text=https:\/\/radiorevelacionfm.cl\/?p=7886' aria-hidden='false' data-av_icon='\uf232' data-av_iconfont='entypo-fontello' title='' data-avia-related-tooltip='Compartir en Whatsapp' rel=\"noopener\"><span class='avia_hidden_link_text'>Compartir en Whatsapp<\/span><\/a><\/li><li class='av-share-link av-social-link-linkedin' ><a target=\"_blank\" aria-label=\"Compartir en LinkedIn\" href='https:\/\/linkedin.com\/shareArticle?mini=true&#038;title=Programa%20cient%C3%ADfico%20expande%20su%20alcance%20a%20ni%C3%B1os%20y%20ni%C3%B1as%20de%20zonas%20remotas%20de%20Ays%C3%A9n&#038;url=https:\/\/radiorevelacionfm.cl\/?p=7886' aria-hidden='false' data-av_icon='\ue8fc' data-av_iconfont='entypo-fontello' title='' data-avia-related-tooltip='Compartir en LinkedIn' rel=\"noopener\"><span class='avia_hidden_link_text'>Compartir en LinkedIn<\/span><\/a><\/li><li class='av-share-link av-social-link-mail' ><a  aria-label=\"Compartir por correo\" href='mailto:?subject=Programa%20cient%C3%ADfico%20expande%20su%20alcance%20a%20ni%C3%B1os%20y%20ni%C3%B1as%20de%20zonas%20remotas%20de%20Ays%C3%A9n&#038;body=https:\/\/radiorevelacionfm.cl\/?p=7886' aria-hidden='false' data-av_icon='\ue805' data-av_iconfont='entypo-fontello' title='' data-avia-related-tooltip='Compartir por correo'><span class='avia_hidden_link_text'>Compartir por correo<\/span><\/a><\/li><\/ul><\/div><\/div>\n<div  style='height:50px' class='hr hr-invisible   avia-builder-el-8  el_after_av_social_share  el_before_av_comments_list '><span class='hr-inner ' ><span class='hr-inner-style'><\/span><\/span><\/div>\n<div  class='av-buildercomment  av-blog-meta-html-info-disabled av-blog-meta-tag-disabled  '><\/div>\n","protected":false},"excerpt":{"rendered":"","protected":false},"author":1,"featured_media":7890,"comment_status":"open","ping_status":"open","sticky":false,"template":"","format":"standard","meta":{"footnotes":""},"categories":[49],"tags":[],"class_list":["post-7886","post","type-post","status-publish","format-standard","has-post-thumbnail","hentry","category-educacion"],"jetpack_featured_media_url":"https:\/\/radiorevelacionfm.cl\/wp-content\/uploads\/2021\/08\/Actividad-Arqueologia-Aportaciencias1-1-2.jpg","_links":{"self":[{"href":"https:\/\/radiorevelacionfm.cl\/index.php?rest_route=\/wp\/v2\/posts\/7886","targetHints":{"allow":["GET"]}}],"collection":[{"href":"https:\/\/radiorevelacionfm.cl\/index.php?rest_route=\/wp\/v2\/posts"}],"about":[{"href":"https:\/\/radiorevelacionfm.cl\/index.php?rest_route=\/wp\/v2\/types\/post"}],"author":[{"embeddable":true,"href":"https:\/\/radiorevelacionfm.cl\/index.php?rest_route=\/wp\/v2\/users\/1"}],"replies":[{"embeddable":true,"href":"https:\/\/radiorevelacionfm.cl\/index.php?rest_route=%2Fwp%2Fv2%2Fcomments&post=7886"}],"version-history":[{"count":1,"href":"https:\/\/radiorevelacionfm.cl\/index.php?rest_route=\/wp\/v2\/posts\/7886\/revisions"}],"predecessor-version":[{"id":7888,"href":"https:\/\/radiorevelacionfm.cl\/index.php?rest_route=\/wp\/v2\/posts\/7886\/revisions\/7888"}],"wp:featuredmedia":[{"embeddable":true,"href":"https:\/\/radiorevelacionfm.cl\/index.php?rest_route=\/wp\/v2\/media\/7890"}],"wp:attachment":[{"href":"https:\/\/radiorevelacionfm.cl\/index.php?rest_route=%2Fwp%2Fv2%2Fmedia&parent=7886"}],"wp:term":[{"taxonomy":"category","embeddable":true,"href":"https:\/\/radiorevelacionfm.cl\/index.php?rest_route=%2Fwp%2Fv2%2Fcategories&post=7886"},{"taxonomy":"post_tag","embeddable":true,"href":"https:\/\/radiorevelacionfm.cl\/index.php?rest_route=%2Fwp%2Fv2%2Ftags&post=7886"}],"curies":[{"name":"wp","href":"https:\/\/api.w.org\/{rel}","templated":true}]}}