{"id":7882,"date":"2021-08-25T17:14:36","date_gmt":"2021-08-25T20:14:36","guid":{"rendered":"https:\/\/radiorevelacionfm.cl\/?p=7882"},"modified":"2021-08-25T17:14:36","modified_gmt":"2021-08-25T20:14:36","slug":"aysen-es-la-primera-region-del-pais-con-el-100-de-sus-colegios-abiertos","status":"publish","type":"post","link":"https:\/\/radiorevelacionfm.cl\/?p=7882","title":{"rendered":"Ays\u00e9n es la primera regi\u00f3n del pa\u00eds con el 100% de sus colegios abiertos"},"content":{"rendered":"<div class=\"flex_column av_one_full  flex_column_div av-zero-column-padding first  avia-builder-el-0  el_before_av_one_full  avia-builder-el-first  \" style='border-radius:0px; '><div  class='avia-image-container  av-styling-    avia-builder-el-1  avia-builder-el-no-sibling  avia-align-center '  itemprop=\"image\" itemscope=\"itemscope\" itemtype=\"https:\/\/schema.org\/ImageObject\"  ><div class='avia-image-container-inner'><div class='avia-image-overlay-wrap'><img decoding=\"async\" class='wp-image-7884 avia-img-lazy-loading-not-7884 avia_image' src=\"https:\/\/radiorevelacionfm.cl\/wp-content\/uploads\/2021\/08\/mInistro-Esc-Nieves-del-Sur-1.jpeg\" alt='' title='mInistro Esc Nieves del Sur (1)' height=\"600\" width=\"898\"  itemprop=\"thumbnailUrl\" srcset=\"https:\/\/radiorevelacionfm.cl\/wp-content\/uploads\/2021\/08\/mInistro-Esc-Nieves-del-Sur-1.jpeg 898w, https:\/\/radiorevelacionfm.cl\/wp-content\/uploads\/2021\/08\/mInistro-Esc-Nieves-del-Sur-1-300x200.jpeg 300w, https:\/\/radiorevelacionfm.cl\/wp-content\/uploads\/2021\/08\/mInistro-Esc-Nieves-del-Sur-1-768x513.jpeg 768w, https:\/\/radiorevelacionfm.cl\/wp-content\/uploads\/2021\/08\/mInistro-Esc-Nieves-del-Sur-1-705x471.jpeg 705w, https:\/\/radiorevelacionfm.cl\/wp-content\/uploads\/2021\/08\/mInistro-Esc-Nieves-del-Sur-1-600x401.jpeg 600w\" sizes=\"(max-width: 898px) 100vw, 898px\" \/><\/div><\/div><\/div><\/div><div class=\"flex_column av_one_full  flex_column_div av-zero-column-padding first  avia-builder-el-2  el_after_av_one_full  el_before_av_one_full  column-top-margin\" style='border-radius:0px; '><section class=\"av_textblock_section \"  itemscope=\"itemscope\" itemtype=\"https:\/\/schema.org\/BlogPosting\" itemprop=\"blogPost\" ><div class='avia_textblock  '   itemprop=\"text\" ><p style=\"text-align: center;\"><strong><span style=\"font-size: 18pt;\">Ays\u00e9n es la primera regi\u00f3n del pa\u00eds con el 100% de sus colegios abiertos<\/span><\/strong><\/p>\n<div id=\"gtx-trans\" style=\"position: absolute; left: -50px; top: 4.31534px;\">\n<div class=\"gtx-trans-icon\"><\/div>\n<\/div>\n<\/div><\/section><\/div><div class=\"flex_column av_one_full  flex_column_div av-zero-column-padding first  avia-builder-el-4  el_after_av_one_full  el_before_av_hr  column-top-margin\" style='border-radius:0px; '><section class=\"av_textblock_section \"  itemscope=\"itemscope\" itemtype=\"https:\/\/schema.org\/BlogPosting\" itemprop=\"blogPost\" ><div class='avia_textblock  '   itemprop=\"text\" ><p class=\"v1MsoNormal\" style=\"text-align: justify;\">Desde que se inici\u00f3 el segundo semestre escolar, la apertura de establecimientos a lo largo del pa\u00eds ha ido aumentando considerablemente, llegando a m\u00e1s de 11.500 recintos educativos que han vuelto a la presencialidad, de ellos 6.949 son colegios, lo que equivale al 74% a nivel nacional.<\/p>\n<p class=\"v1MsoNormal\" style=\"text-align: justify;\">En la regi\u00f3n de Ays\u00e9n la apertura ha sido constante, y hoy el Liceo Josefina Aguirre Montenegro fue el \u00faltimo en abrir sus puertas para recibir estudiantes, por lo que este mi\u00e9rcoles el 100% de los colegios de la regi\u00f3n est\u00e1n con clases presenciales.<\/p>\n<p class=\"v1MsoNormal\" style=\"text-align: justify;\">\u201cHoy marcamos un hito fundamental que nace en la regi\u00f3n de Ays\u00e9n, y que da una se\u00f1al muy fuerte y clara a todo Chile. Ays\u00e9n es la primera regi\u00f3n de Chile que tiene a todos sus colegios con actividades presenciales, eso demuestra el compromiso de toda la comunidad educativa. Todos lograron entender que si hay algo que nos debe unir es precisamente la educaci\u00f3n como un mecanismo concreto para ofrecer mejores oportunidades a cada uno de nuestros ni\u00f1os, ni\u00f1as y j\u00f3venes, por eso quiero felicitar a toda la regi\u00f3n por el enorme esfuerzo que han hecho, desde el punto de vista sanitario, pero adem\u00e1s por haber entendido, que por dif\u00edcil que sea la tarea de volver a recuperar la presencialidad, es una tarea noble y muy necesaria que supieron llevar adelante con \u00e9xito, por eso los frutos se comenzar\u00e1n a ver desde ahora\u201d, se\u00f1al\u00f3 el ministro de Educaci\u00f3n, Ra\u00fal Figueroa, en su visita a la zona.<\/p>\n<p class=\"v1MsoNormal\" style=\"text-align: justify;\">El secretario de Estado lleg\u00f3 hasta la Escuela Municipal Nieves del Sur de Coyhaique para conocer desde los mismos estudiantes, profesores y directivos, c\u00f3mo se ha dado el retorno a las salas de clases. En la visita fue acompa\u00f1ado por la delegada Presidencial Regional Margarita Ossa, el Alcalde de Coyhaique Carlos Gatica y el Seremi Sergio Becerra. All\u00ed representantes de la comunidad educativa aseguraron que \u201ce<span lang=\"ES\">xist\u00eda bastante ansiedad con respecto al ingreso, una gran necesidad de socializaci\u00f3n de los alumnos con sus pares, y ahora han podido hacerlo con todas las medidas sanitarias, porque es dif\u00edcil reemplazar las clases presenciales. La escuela es un lugar de apoyo, resguardo y socializaci\u00f3n\u201d, manifest\u00f3 el director del establecimiento, Fabi\u00e1n Mu\u00f1oz.<\/span><\/p>\n<p class=\"v1MsoNormal\" style=\"text-align: justify;\"><span lang=\"ES\">Los estudiantes se mostraron contentos de poder volver a encontrarse con sus compa\u00f1eros, y aseguraron que\u00a0<\/span>el colegio es \u201cun lugar seguro\u201d, por lo que Nevan<span lang=\"ES\">\u00a0Salas<\/span>, estudiante de 5\u00b0 b\u00e1sico de la Escuela Municipal Nieves del Sur, aprovech\u00f3 la visita del ministro para enviar un mensaje a sus compa\u00f1eros que a\u00fan no vuelven a las salas de clases. \u201cOjal\u00e1 que mis compa\u00f1eros vengan\u00a0<span lang=\"ES\">a clases porque pueden aprender m\u00e1s ac\u00e1, en la casa no se aprende tanto como en la escuela\u201d.<\/span><\/p>\n<p class=\"v1MsoNormal\" style=\"text-align: justify;\"><span lang=\"ES\">Las palabras de Nevan fueron respaldadas por el profesor Francisco Villarroel del mismo recinto, quien manifest\u00f3 que \u201cla presencialidad es necesaria y mucho m\u00e1s provechosa, porque uno tiene mayor control y avance de los aprendizajes de los ni\u00f1os, y en la pandemia hemos visto un retroceso con respecto a sus niveles de aprendizaje, pero ahora hemos ido retomando las habilidades que est\u00e1n m\u00e1s descendidas\u201d.<\/span><\/p>\n<p class=\"v1MsoNormal\" style=\"text-align: justify;\"><span lang=\"ES\">Tras la visita a la Escuela Nieves del Sur, el ministro Figueroa continu\u00f3 su recorrido por la regi\u00f3n de Ays\u00e9n, para dar el puntapi\u00e9 inicial a los cabildos de estudiantes que se desarrollan en todo el pa\u00eds, instancia que busca escuchar a todos los integrantes de las comunidades educativas sobre los desaf\u00edos de la educaci\u00f3n y ser una hoja de ruta para los pr\u00f3ximos cuatro a\u00f1os.<\/span><\/p>\n<p class=\"v1MsoNormal\" style=\"text-align: justify;\"><span lang=\"ES\">Finalmente, el secretario de Estado env\u00edo un mensaje al resto de las regiones del pa\u00eds para que puedan seguir el ejemplo de Ays\u00e9n.<\/span><\/p>\n<p class=\"v1MsoNormal\" style=\"text-align: justify;\">\u201cLa receta es que todos trabajemos con un mismo objetivo. El camino es simple, poner el bienestar de los ni\u00f1os como la principal prioridad, tanto desde el punto de vista de los aprendizajes, como del desarrollo socioemocional. Volver a abrir las escuelas para que est\u00e9n disponibles para las familias es central, y hacerlo de manera segura es la forma para que las familias sientan la confianza de poder asistir a clases. Hoy el desaf\u00edo que Ays\u00e9n le muestra al resto de Chile, ya no es abrir las escuelas, sino generar la confianza necesaria en los apoderados para que ojal\u00e1 todos env\u00eden a sus hijos a clases cumpliendo con todas las medidas sanitarias y espero decirle a Chile que ese objetivo lo estamos cumpliendo\u201d.<\/p>\n<p class=\"v1MsoNormal\" style=\"text-align: justify;\">Durante su visita, el Ministro Ra\u00fal Figueroa tambi\u00e9n visit\u00f3 la Escuela Mater Dei en Coyhaique para conocer la experiencia del plan Escuelas Arriba, que busca recuperar los aprendizajes perdidos en pandemia. Asimismo, concurri\u00f3 hasta las dependencias de la Universidad de Ays\u00e9n para acompa\u00f1ar a los estudiantes y profesores que participan en los Cabildos Educativos del Plan Juntos, Chile se Recupera y Aprende y finalmente simb\u00f3licamente el sello de Reconocimiento Oficial del Ministerio de Educaci\u00f3n al Jard\u00edn Infantil JUNJI MI peque\u00f1a Estancia.<\/p>\n<\/div><\/section><\/div><div  style='height:50px' class='hr hr-invisible   avia-builder-el-6  el_after_av_one_full  el_before_av_social_share '><span class='hr-inner ' ><span class='hr-inner-style'><\/span><\/span><\/div><\/p>\n<div  class='av-social-sharing-box  avia-builder-el-7  el_after_av_hr  el_before_av_hr  '><div class='av-share-box'><h5 class='av-share-link-description av-no-toc '>Compartir esta noticia<\/h5><ul class='av-share-box-list noLightbox'><li class='av-share-link av-social-link-facebook' ><a target=\"_blank\" aria-label=\"Compartir en Facebook\" href='https:\/\/www.facebook.com\/sharer.php?u=https:\/\/radiorevelacionfm.cl\/?p=7882&#038;t=Ays%C3%A9n%20es%20la%20primera%20regi%C3%B3n%20del%20pa%C3%ADs%20con%20el%20100%25%20de%20sus%20colegios%20abiertos' aria-hidden='false' data-av_icon='\ue8f3' data-av_iconfont='entypo-fontello' title='' data-avia-related-tooltip='Compartir en Facebook' rel=\"noopener\"><span class='avia_hidden_link_text'>Compartir en Facebook<\/span><\/a><\/li><li class='av-share-link av-social-link-twitter' ><a target=\"_blank\" aria-label=\"Compartir en Twitter\" href='https:\/\/twitter.com\/share?text=Ays%C3%A9n%20es%20la%20primera%20regi%C3%B3n%20del%20pa%C3%ADs%20con%20el%20100%25%20de%20sus%20colegios%20abiertos&#038;url=https:\/\/radiorevelacionfm.cl\/?p=7882' aria-hidden='false' data-av_icon='\ue8f1' data-av_iconfont='entypo-fontello' title='' data-avia-related-tooltip='Compartir en Twitter' rel=\"noopener\"><span class='avia_hidden_link_text'>Compartir en Twitter<\/span><\/a><\/li><li class='av-share-link av-social-link-whatsapp' ><a target=\"_blank\" aria-label=\"Compartir en Whatsapp\" href='https:\/\/api.whatsapp.com\/send?text=https:\/\/radiorevelacionfm.cl\/?p=7882' aria-hidden='false' data-av_icon='\uf232' data-av_iconfont='entypo-fontello' title='' data-avia-related-tooltip='Compartir en Whatsapp' rel=\"noopener\"><span class='avia_hidden_link_text'>Compartir en Whatsapp<\/span><\/a><\/li><li class='av-share-link av-social-link-linkedin' ><a target=\"_blank\" aria-label=\"Compartir en LinkedIn\" href='https:\/\/linkedin.com\/shareArticle?mini=true&#038;title=Ays%C3%A9n%20es%20la%20primera%20regi%C3%B3n%20del%20pa%C3%ADs%20con%20el%20100%25%20de%20sus%20colegios%20abiertos&#038;url=https:\/\/radiorevelacionfm.cl\/?p=7882' aria-hidden='false' data-av_icon='\ue8fc' data-av_iconfont='entypo-fontello' title='' data-avia-related-tooltip='Compartir en LinkedIn' rel=\"noopener\"><span class='avia_hidden_link_text'>Compartir en LinkedIn<\/span><\/a><\/li><li class='av-share-link av-social-link-mail' ><a  aria-label=\"Compartir por correo\" href='mailto:?subject=Ays%C3%A9n%20es%20la%20primera%20regi%C3%B3n%20del%20pa%C3%ADs%20con%20el%20100%25%20de%20sus%20colegios%20abiertos&#038;body=https:\/\/radiorevelacionfm.cl\/?p=7882' aria-hidden='false' data-av_icon='\ue805' data-av_iconfont='entypo-fontello' title='' data-avia-related-tooltip='Compartir por correo'><span class='avia_hidden_link_text'>Compartir por correo<\/span><\/a><\/li><\/ul><\/div><\/div>\n<div  style='height:50px' class='hr hr-invisible   avia-builder-el-8  el_after_av_social_share  el_before_av_comments_list '><span class='hr-inner ' ><span class='hr-inner-style'><\/span><\/span><\/div>\n<div  class='av-buildercomment  av-blog-meta-html-info-disabled av-blog-meta-tag-disabled  '><\/div>\n","protected":false},"excerpt":{"rendered":"","protected":false},"author":1,"featured_media":7884,"comment_status":"open","ping_status":"open","sticky":false,"template":"","format":"standard","meta":{"footnotes":""},"categories":[49],"tags":[],"class_list":["post-7882","post","type-post","status-publish","format-standard","has-post-thumbnail","hentry","category-educacion"],"jetpack_featured_media_url":"https:\/\/radiorevelacionfm.cl\/wp-content\/uploads\/2021\/08\/mInistro-Esc-Nieves-del-Sur-1.jpeg","_links":{"self":[{"href":"https:\/\/radiorevelacionfm.cl\/index.php?rest_route=\/wp\/v2\/posts\/7882","targetHints":{"allow":["GET"]}}],"collection":[{"href":"https:\/\/radiorevelacionfm.cl\/index.php?rest_route=\/wp\/v2\/posts"}],"about":[{"href":"https:\/\/radiorevelacionfm.cl\/index.php?rest_route=\/wp\/v2\/types\/post"}],"author":[{"embeddable":true,"href":"https:\/\/radiorevelacionfm.cl\/index.php?rest_route=\/wp\/v2\/users\/1"}],"replies":[{"embeddable":true,"href":"https:\/\/radiorevelacionfm.cl\/index.php?rest_route=%2Fwp%2Fv2%2Fcomments&post=7882"}],"version-history":[{"count":1,"href":"https:\/\/radiorevelacionfm.cl\/index.php?rest_route=\/wp\/v2\/posts\/7882\/revisions"}],"predecessor-version":[{"id":7885,"href":"https:\/\/radiorevelacionfm.cl\/index.php?rest_route=\/wp\/v2\/posts\/7882\/revisions\/7885"}],"wp:featuredmedia":[{"embeddable":true,"href":"https:\/\/radiorevelacionfm.cl\/index.php?rest_route=\/wp\/v2\/media\/7884"}],"wp:attachment":[{"href":"https:\/\/radiorevelacionfm.cl\/index.php?rest_route=%2Fwp%2Fv2%2Fmedia&parent=7882"}],"wp:term":[{"taxonomy":"category","embeddable":true,"href":"https:\/\/radiorevelacionfm.cl\/index.php?rest_route=%2Fwp%2Fv2%2Fcategories&post=7882"},{"taxonomy":"post_tag","embeddable":true,"href":"https:\/\/radiorevelacionfm.cl\/index.php?rest_route=%2Fwp%2Fv2%2Ftags&post=7882"}],"curies":[{"name":"wp","href":"https:\/\/api.w.org\/{rel}","templated":true}]}}