{"id":7879,"date":"2021-08-25T16:29:50","date_gmt":"2021-08-25T19:29:50","guid":{"rendered":"https:\/\/radiorevelacionfm.cl\/?p=7879"},"modified":"2021-08-25T16:29:50","modified_gmt":"2021-08-25T19:29:50","slug":"en-raul-marin-balmaceda-firman-inedito-convenio-de-co-gestion-con-fundacion-area-marina-pitipalena-anihue","status":"publish","type":"post","link":"https:\/\/radiorevelacionfm.cl\/?p=7879","title":{"rendered":"En Ra\u00fal Mar\u00edn Balmaceda firman in\u00e9dito convenio de co-gesti\u00f3n con Fundaci\u00f3n \u00c1rea Marina Pitipalena A\u00f1ihu\u00e9"},"content":{"rendered":"<div class=\"flex_column av_one_full  flex_column_div av-zero-column-padding first  avia-builder-el-0  el_before_av_one_full  avia-builder-el-first  \" style='border-radius:0px; '><div  class='avia-image-container  av-styling-    avia-builder-el-1  avia-builder-el-no-sibling  avia-align-center '  itemprop=\"image\" itemscope=\"itemscope\" itemtype=\"https:\/\/schema.org\/ImageObject\"  ><div class='avia-image-container-inner'><div class='avia-image-overlay-wrap'><img decoding=\"async\" class='wp-image-7880 avia-img-lazy-loading-not-7880 avia_image' src=\"https:\/\/radiorevelacionfm.cl\/wp-content\/uploads\/2021\/08\/Firma-convenio-RMB-1.jpg\" alt='' title='Firma convenio RMB (1)' height=\"556\" width=\"800\"  itemprop=\"thumbnailUrl\" srcset=\"https:\/\/radiorevelacionfm.cl\/wp-content\/uploads\/2021\/08\/Firma-convenio-RMB-1.jpg 800w, https:\/\/radiorevelacionfm.cl\/wp-content\/uploads\/2021\/08\/Firma-convenio-RMB-1-300x209.jpg 300w, https:\/\/radiorevelacionfm.cl\/wp-content\/uploads\/2021\/08\/Firma-convenio-RMB-1-768x534.jpg 768w, https:\/\/radiorevelacionfm.cl\/wp-content\/uploads\/2021\/08\/Firma-convenio-RMB-1-705x490.jpg 705w, https:\/\/radiorevelacionfm.cl\/wp-content\/uploads\/2021\/08\/Firma-convenio-RMB-1-600x417.jpg 600w\" sizes=\"(max-width: 800px) 100vw, 800px\" \/><\/div><\/div><\/div><\/div><div class=\"flex_column av_one_full  flex_column_div av-zero-column-padding first  avia-builder-el-2  el_after_av_one_full  el_before_av_one_full  column-top-margin\" style='border-radius:0px; '><section class=\"av_textblock_section \"  itemscope=\"itemscope\" itemtype=\"https:\/\/schema.org\/BlogPosting\" itemprop=\"blogPost\" ><div class='avia_textblock  '   itemprop=\"text\" ><p style=\"text-align: center;\"><span style=\"font-size: 18pt;\"><strong>En Ra\u00fal Mar\u00edn Balmaceda firman in\u00e9dito convenio de co-gesti\u00f3n con Fundaci\u00f3n \u00c1rea Marina Pitipalena A\u00f1ihu\u00e9<\/strong><\/span><\/p>\n<div id=\"gtx-trans\" style=\"position: absolute; left: -50px; top: 4.31534px;\">\n<div class=\"gtx-trans-icon\"><\/div>\n<\/div>\n<\/div><\/section><\/div><div class=\"flex_column av_one_full  flex_column_div av-zero-column-padding first  avia-builder-el-4  el_after_av_one_full  el_before_av_hr  column-top-margin\" style='border-radius:0px; '><section class=\"av_textblock_section \"  itemscope=\"itemscope\" itemtype=\"https:\/\/schema.org\/BlogPosting\" itemprop=\"blogPost\" ><div class='avia_textblock  '   itemprop=\"text\" ><p style=\"text-align: justify;\">En la sede comunitaria de Ra\u00fal Mar\u00edn Balmaceda se dio firma oficial al convenio entre el Ministerio del Medio Ambiente y la Fundaci\u00f3n del \u00c1rea Marina Costero Protegida de M\u00faltiples usos Pitipalena A\u00f1ihue. Este es el primer caso en Chile donde se reconoce formalmente dentro de la gobernanza de un \u00e1rea protegida, la co-gesti\u00f3n entre la comunidad, representada por la Fundaci\u00f3n del AMIP Pitipalena-A\u00f1ihue, y el Ministerio del Medio Ambiente, mostrando un trabajo in\u00e9dito a nivel nacional en la protecci\u00f3n de los ecosistemas marinos.<\/p>\n<p style=\"text-align: justify;\">\u201cEs muy importante que las \u00e1reas protegidas tengan estas gobernanzas, un \u00e1rea protegida no es solo definir pol\u00edgonos y decir \u00e9sta es, creo que lo relevante est\u00e1 en c\u00f3mo ponemos en valor el territorio y estos objetos de conservaci\u00f3n, que son tan relevantes para nosotros\u201d, destac\u00f3 el Subsecretario del Medio Ambiente, Javier Naranjo, agregando que el modelo in\u00e9dito de dicha \u00e1rea es ejemplo para todas las otras \u00e1reas a nivel nacional.<\/p>\n<p style=\"text-align: justify;\">El \u00c1rea Marina Pitipalena-A\u00f1ihue, ubicada en Puerto Ra\u00fal Mar\u00edn Balmaceda en la Comuna de Cisnes fue decretada en 2014, y cuenta con un Plan de Manejo Aprobado en enero de 2020, ambos procesos desarrollados con participaci\u00f3n local. Tanto en la creaci\u00f3n del \u00e1rea protegida, como en la elaboraci\u00f3n del Plan de Manejo y su actual implementaci\u00f3n, el protagonismo de la comunidad se ha mantenido constante como un principio de participaci\u00f3n en la toma de decisiones conjunta con el Estado \u201ccon esto vamos avanzando en proteger entre todos, esto que van a ver y que vale la pena proteger y como comunidad estamos muy contentos de dar este paso\u201d, declar\u00f3 el Representante Legal de la Fundaci\u00f3n AMP Pitipalena-A\u00f1ihue, Rodrigo Parra<\/p>\n<div class=\"code-block code-block-4\" style=\"text-align: justify;\">\n<div id=\"sas_99072\">Es as\u00ed como la conjunci\u00f3n de organizaciones locales que han participado en estos procesos se reunieron para conformar la Fundaci\u00f3n del AMP Pitipalena A\u00f1ihue, con el objetivo de Co-Gestionar con el Ministerio del Medio Ambiente, el \u00c1rea Marina Protegida Pitipalena-A\u00f1ihue. Dicha fundaci\u00f3n, est\u00e1 conformada por 5 socios fundadores, y adem\u00e1s los representantes de las organizaciones de base de la localidad; Sindicato de Pescadores de RMB, AG de Turismo RMB, Junta de Vecinos, Asociaci\u00f3n Ind\u00edgena Millaray y Asociaci\u00f3n Cultural las Dunas.<\/div>\n<\/div>\n<p style=\"text-align: justify;\">Por su parte Mar\u00eda Elisa Arroyo, Encargada de Gesti\u00f3n Local para la Conservaci\u00f3n Marina de la WWF, instituci\u00f3n que ha acompa\u00f1ado los procesos de \u00c1rea Marina, relev\u00f3 el convenio como un hito para el pa\u00eds en el camino a establecer mecanismos de gobernanza compartida de la \u00c1reas Marinas Protegidas \u201clas comunidades aleda\u00f1as y que dependen de sus recursos son aliados fundamentales, al incorporar la riqueza de su conocimiento del entorno a las estrategias y actividades definidas en su planificaci\u00f3n para el manejo efectivo. Para WWF Chile esta experiencia de trabajo con la comunidad de Ra\u00fal Mar\u00edn Balmaceda ha sido un proceso enriquecedor y que hoy con esta firma nos llena de satisfacci\u00f3n, y refuerza nuestro prop\u00f3sito de contribuir a que las comunidades locales tengan un espacio importante en la conservaci\u00f3n, por lo cual impulsamos que las acciones vinculadas a manejo efectivo consideren siempre el desarrollo de mecanismos que promuevan la inclusi\u00f3n y la equidad social\u201d.<\/p>\n<p style=\"text-align: justify;\">Con este convenio se reconoce el trabajo permanente y desinteresado de la comunidad organizada, proyect\u00e1ndola en el tiempo mediante instancias concretas de participaci\u00f3n.<\/p>\n<\/div><\/section><\/div><div  style='height:50px' class='hr hr-invisible   avia-builder-el-6  el_after_av_one_full  el_before_av_social_share '><span class='hr-inner ' ><span class='hr-inner-style'><\/span><\/span><\/div><\/p>\n<div  class='av-social-sharing-box  avia-builder-el-7  el_after_av_hr  el_before_av_hr  '><div class='av-share-box'><h5 class='av-share-link-description av-no-toc '>Compartir esta noticia<\/h5><ul class='av-share-box-list noLightbox'><li class='av-share-link av-social-link-facebook' ><a target=\"_blank\" aria-label=\"Compartir en Facebook\" href='https:\/\/www.facebook.com\/sharer.php?u=https:\/\/radiorevelacionfm.cl\/?p=7879&#038;t=En%20Ra%C3%BAl%20Mar%C3%ADn%20Balmaceda%20firman%20in%C3%A9dito%20convenio%20de%20co-gesti%C3%B3n%20con%20Fundaci%C3%B3n%20%C3%81rea%20Marina%20Pitipalena%20A%C3%B1ihu%C3%A9' aria-hidden='false' data-av_icon='\ue8f3' data-av_iconfont='entypo-fontello' title='' data-avia-related-tooltip='Compartir en Facebook' rel=\"noopener\"><span class='avia_hidden_link_text'>Compartir en Facebook<\/span><\/a><\/li><li class='av-share-link av-social-link-twitter' ><a target=\"_blank\" aria-label=\"Compartir en Twitter\" href='https:\/\/twitter.com\/share?text=En%20Ra%C3%BAl%20Mar%C3%ADn%20Balmaceda%20firman%20in%C3%A9dito%20convenio%20de%20co-gesti%C3%B3n%20con%20Fundaci%C3%B3n%20%C3%81rea%20Marina%20Pitipalena%20A%C3%B1ihu%C3%A9&#038;url=https:\/\/radiorevelacionfm.cl\/?p=7879' aria-hidden='false' data-av_icon='\ue8f1' data-av_iconfont='entypo-fontello' title='' data-avia-related-tooltip='Compartir en Twitter' rel=\"noopener\"><span class='avia_hidden_link_text'>Compartir en Twitter<\/span><\/a><\/li><li class='av-share-link av-social-link-whatsapp' ><a target=\"_blank\" aria-label=\"Compartir en Whatsapp\" href='https:\/\/api.whatsapp.com\/send?text=https:\/\/radiorevelacionfm.cl\/?p=7879' aria-hidden='false' data-av_icon='\uf232' data-av_iconfont='entypo-fontello' title='' data-avia-related-tooltip='Compartir en Whatsapp' rel=\"noopener\"><span class='avia_hidden_link_text'>Compartir en Whatsapp<\/span><\/a><\/li><li class='av-share-link av-social-link-linkedin' ><a target=\"_blank\" aria-label=\"Compartir en LinkedIn\" href='https:\/\/linkedin.com\/shareArticle?mini=true&#038;title=En%20Ra%C3%BAl%20Mar%C3%ADn%20Balmaceda%20firman%20in%C3%A9dito%20convenio%20de%20co-gesti%C3%B3n%20con%20Fundaci%C3%B3n%20%C3%81rea%20Marina%20Pitipalena%20A%C3%B1ihu%C3%A9&#038;url=https:\/\/radiorevelacionfm.cl\/?p=7879' aria-hidden='false' data-av_icon='\ue8fc' data-av_iconfont='entypo-fontello' title='' data-avia-related-tooltip='Compartir en LinkedIn' rel=\"noopener\"><span class='avia_hidden_link_text'>Compartir en LinkedIn<\/span><\/a><\/li><li class='av-share-link av-social-link-mail' ><a  aria-label=\"Compartir por correo\" href='mailto:?subject=En%20Ra%C3%BAl%20Mar%C3%ADn%20Balmaceda%20firman%20in%C3%A9dito%20convenio%20de%20co-gesti%C3%B3n%20con%20Fundaci%C3%B3n%20%C3%81rea%20Marina%20Pitipalena%20A%C3%B1ihu%C3%A9&#038;body=https:\/\/radiorevelacionfm.cl\/?p=7879' aria-hidden='false' data-av_icon='\ue805' data-av_iconfont='entypo-fontello' title='' data-avia-related-tooltip='Compartir por correo'><span class='avia_hidden_link_text'>Compartir por correo<\/span><\/a><\/li><\/ul><\/div><\/div>\n<div  style='height:50px' class='hr hr-invisible   avia-builder-el-8  el_after_av_social_share  el_before_av_comments_list '><span class='hr-inner ' ><span class='hr-inner-style'><\/span><\/span><\/div>\n<div  class='av-buildercomment  av-blog-meta-html-info-disabled av-blog-meta-tag-disabled  '><\/div>\n","protected":false},"excerpt":{"rendered":"","protected":false},"author":1,"featured_media":7880,"comment_status":"open","ping_status":"open","sticky":false,"template":"","format":"standard","meta":{"footnotes":""},"categories":[38],"tags":[],"class_list":["post-7879","post","type-post","status-publish","format-standard","has-post-thumbnail","hentry","category-regional"],"jetpack_featured_media_url":"https:\/\/radiorevelacionfm.cl\/wp-content\/uploads\/2021\/08\/Firma-convenio-RMB-1.jpg","_links":{"self":[{"href":"https:\/\/radiorevelacionfm.cl\/index.php?rest_route=\/wp\/v2\/posts\/7879","targetHints":{"allow":["GET"]}}],"collection":[{"href":"https:\/\/radiorevelacionfm.cl\/index.php?rest_route=\/wp\/v2\/posts"}],"about":[{"href":"https:\/\/radiorevelacionfm.cl\/index.php?rest_route=\/wp\/v2\/types\/post"}],"author":[{"embeddable":true,"href":"https:\/\/radiorevelacionfm.cl\/index.php?rest_route=\/wp\/v2\/users\/1"}],"replies":[{"embeddable":true,"href":"https:\/\/radiorevelacionfm.cl\/index.php?rest_route=%2Fwp%2Fv2%2Fcomments&post=7879"}],"version-history":[{"count":1,"href":"https:\/\/radiorevelacionfm.cl\/index.php?rest_route=\/wp\/v2\/posts\/7879\/revisions"}],"predecessor-version":[{"id":7881,"href":"https:\/\/radiorevelacionfm.cl\/index.php?rest_route=\/wp\/v2\/posts\/7879\/revisions\/7881"}],"wp:featuredmedia":[{"embeddable":true,"href":"https:\/\/radiorevelacionfm.cl\/index.php?rest_route=\/wp\/v2\/media\/7880"}],"wp:attachment":[{"href":"https:\/\/radiorevelacionfm.cl\/index.php?rest_route=%2Fwp%2Fv2%2Fmedia&parent=7879"}],"wp:term":[{"taxonomy":"category","embeddable":true,"href":"https:\/\/radiorevelacionfm.cl\/index.php?rest_route=%2Fwp%2Fv2%2Fcategories&post=7879"},{"taxonomy":"post_tag","embeddable":true,"href":"https:\/\/radiorevelacionfm.cl\/index.php?rest_route=%2Fwp%2Fv2%2Ftags&post=7879"}],"curies":[{"name":"wp","href":"https:\/\/api.w.org\/{rel}","templated":true}]}}