{"id":7876,"date":"2021-08-25T15:13:43","date_gmt":"2021-08-25T18:13:43","guid":{"rendered":"https:\/\/radiorevelacionfm.cl\/?p=7876"},"modified":"2021-08-25T15:13:43","modified_gmt":"2021-08-25T18:13:43","slug":"karina-acevedo-propone-modificacion-a-la-ley-de-partidos-son-las-regiones-las-que-deben-decidir-sus-candidatos-y-candidatas","status":"publish","type":"post","link":"https:\/\/radiorevelacionfm.cl\/?p=7876","title":{"rendered":"Karina Acevedo propone modificaci\u00f3n a la ley de partidos: \u201cSon las regiones las que deben decidir sus candidatos y candidatas\u201d"},"content":{"rendered":"<div class=\"flex_column av_one_full  flex_column_div av-zero-column-padding first  avia-builder-el-0  el_before_av_one_full  avia-builder-el-first  \" style='border-radius:0px; '><div  class='avia-image-container  av-styling-    avia-builder-el-1  avia-builder-el-no-sibling  avia-align-center '  itemprop=\"image\" itemscope=\"itemscope\" itemtype=\"https:\/\/schema.org\/ImageObject\"  ><div class='avia-image-container-inner'><div class='avia-image-overlay-wrap'><img decoding=\"async\" class='wp-image-7877 avia-img-lazy-loading-not-7877 avia_image' src=\"https:\/\/radiorevelacionfm.cl\/wp-content\/uploads\/2021\/08\/Karina-Acevedo1-1.jpg\" alt='' title='Karina Acevedo1 (1)' height=\"600\" width=\"824\"  itemprop=\"thumbnailUrl\" srcset=\"https:\/\/radiorevelacionfm.cl\/wp-content\/uploads\/2021\/08\/Karina-Acevedo1-1.jpg 824w, https:\/\/radiorevelacionfm.cl\/wp-content\/uploads\/2021\/08\/Karina-Acevedo1-1-300x218.jpg 300w, https:\/\/radiorevelacionfm.cl\/wp-content\/uploads\/2021\/08\/Karina-Acevedo1-1-768x559.jpg 768w, https:\/\/radiorevelacionfm.cl\/wp-content\/uploads\/2021\/08\/Karina-Acevedo1-1-705x513.jpg 705w, https:\/\/radiorevelacionfm.cl\/wp-content\/uploads\/2021\/08\/Karina-Acevedo1-1-600x437.jpg 600w\" sizes=\"(max-width: 824px) 100vw, 824px\" \/><\/div><\/div><\/div><\/div><div class=\"flex_column av_one_full  flex_column_div av-zero-column-padding first  avia-builder-el-2  el_after_av_one_full  el_before_av_one_full  column-top-margin\" style='border-radius:0px; '><section class=\"av_textblock_section \"  itemscope=\"itemscope\" itemtype=\"https:\/\/schema.org\/BlogPosting\" itemprop=\"blogPost\" ><div class='avia_textblock  '   itemprop=\"text\" ><p style=\"text-align: center;\"><span style=\"font-size: 18pt;\"><strong>Karina Acevedo propone modificaci\u00f3n a la ley de partidos: \u201cSon las regiones las que deben decidir sus candidatos y candidatas\u201d<\/strong><\/span><\/p>\n<div id=\"gtx-trans\" style=\"position: absolute; left: -50px; top: 4.31534px;\">\n<div class=\"gtx-trans-icon\"><\/div>\n<\/div>\n<\/div><\/section><\/div><div class=\"flex_column av_one_full  flex_column_div av-zero-column-padding first  avia-builder-el-4  el_after_av_one_full  el_before_av_hr  column-top-margin\" style='border-radius:0px; '><section class=\"av_textblock_section \"  itemscope=\"itemscope\" itemtype=\"https:\/\/schema.org\/BlogPosting\" itemprop=\"blogPost\" ><div class='avia_textblock  '   itemprop=\"text\" ><p style=\"text-align: justify;\">En el marco de su participaci\u00f3n semanal en un programa de debate online, Karina Acevedo, militante del Partido Radical que luego de ser propuesta por el nivel regional de su colectividad fuera ratificada por nivel central como candidata a diputada por Ays\u00e9n, fue consultada por las nominaciones y no nombramientos de postulantes a diversos cargos elecci\u00f3n, ante lo cual enfatiz\u00f3 la importancia que se considere de verdad la voz de la regiones y la necesidad de cambiar la ley de partido pol\u00edticos, dotando de autonom\u00eda y atribuciones a las estructuras partidarias de las regiones.<\/p>\n<p style=\"text-align: justify;\">En el momento de ser consultada sobre la situaci\u00f3n que vive actualmente la Democracia Cristiana donde algunos responsabilizan al actual diputado Miguel \u00c1ngel Calisto de la no inscripci\u00f3n del pre candidato a diputado Patricio Aylwin, Karina Acevedo afirm\u00f3 que pese a \u201cser un tema interno del partido Democratacristiano, debe ser complejo para el actual diputado iniciar una reelecci\u00f3n cuando muchos lo apuntan como responsable de la bajada de su camarada y competidor m\u00e1s cercano\u201d, agregando que m\u00e1s all\u00e1 de esta situaci\u00f3n en particular debe existir una normativa que asegure el respeto a las decisiones regionales.<\/p>\n<p style=\"text-align: justify;\">Karina Acevedo, candidata a diputada por la Regi\u00f3n de Ays\u00e9n, explico que dentro de su propuesta como parlamentaria y los 6 ejes que ha identificado como esenciales, est\u00e1 la regionalizaci\u00f3n y donde una de las iniciativas que impulsar\u00e1 de ser electa ser\u00e1 presentar un proyecto de ley que garantice que sean las propias regiones las que decidan los pactos electorales, listas, sub pactos, candidatos y candidatas. \u201cNo puede ser que 6 o 7 personas en Santiago, porque son presidentes de partidos, decidan qu\u00e9 es lo que pasa con cada una de las regiones de nuestro pa\u00eds, no se consideren sus particularidades y negocien los destinos de un territorio por otro. \u00bfQueremos descentralizar?, lo primero que debemos hacer es descentralizar los partidos pol\u00edticos, que las regiones tomen sus decisiones y esas sean respetadas a nivel central, no m\u00e1s candidatos y candidatas impuestas\u201d.<\/p>\n<p style=\"text-align: justify;\">Finalmente Karina Acevedo enfatiz\u00f3 que una de las m\u00e1ximas se\u00f1ales de centralizaci\u00f3n y como se pasan a llevar a las regiones, sus candidatos, candidatas y habitantes es lo sucedido con \u201cel amigo y asesor del candidato de la derecha Sebasti\u00e1n Sichel, Jaime Brice\u00f1o, donde finalmente bajan a Camilo Jim\u00e9nez, un candidato de la Regi\u00f3n de Ays\u00e9n. Es decir los grupos de poder suben, bajan, importan e imponen a candidatos con escaso o nulo arraigo regional en desmedro de las bases y la propia ciudadan\u00eda. Esto debe solucionarse a trav\u00e9s de una modificaci\u00f3n de la ley de partidos pol\u00edticos, ese es mi compromiso si llego a ser diputada\u201d.<\/p>\n<\/div><\/section><\/div><div  style='height:50px' class='hr hr-invisible   avia-builder-el-6  el_after_av_one_full  el_before_av_social_share '><span class='hr-inner ' ><span class='hr-inner-style'><\/span><\/span><\/div><\/p>\n<div  class='av-social-sharing-box  avia-builder-el-7  el_after_av_hr  el_before_av_hr  '><div class='av-share-box'><h5 class='av-share-link-description av-no-toc '>Compartir esta noticia<\/h5><ul class='av-share-box-list noLightbox'><li class='av-share-link av-social-link-facebook' ><a target=\"_blank\" aria-label=\"Compartir en Facebook\" href='https:\/\/www.facebook.com\/sharer.php?u=https:\/\/radiorevelacionfm.cl\/?p=7876&#038;t=Karina%20Acevedo%20propone%20modificaci%C3%B3n%20a%20la%20ley%20de%20partidos%3A%20%E2%80%9CSon%20las%20regiones%20las%20que%20deben%20decidir%20sus%20candidatos%20y%20candidatas%E2%80%9D' aria-hidden='false' data-av_icon='\ue8f3' data-av_iconfont='entypo-fontello' title='' data-avia-related-tooltip='Compartir en Facebook' rel=\"noopener\"><span class='avia_hidden_link_text'>Compartir en Facebook<\/span><\/a><\/li><li class='av-share-link av-social-link-twitter' ><a target=\"_blank\" aria-label=\"Compartir en Twitter\" href='https:\/\/twitter.com\/share?text=Karina%20Acevedo%20propone%20modificaci%C3%B3n%20a%20la%20ley%20de%20partidos%3A%20%E2%80%9CSon%20las%20regiones%20las%20que%20deben%20decidir%20sus%20candidatos%20y%20candidatas%E2%80%9D&#038;url=https:\/\/radiorevelacionfm.cl\/?p=7876' aria-hidden='false' data-av_icon='\ue8f1' data-av_iconfont='entypo-fontello' title='' data-avia-related-tooltip='Compartir en Twitter' rel=\"noopener\"><span class='avia_hidden_link_text'>Compartir en Twitter<\/span><\/a><\/li><li class='av-share-link av-social-link-whatsapp' ><a target=\"_blank\" aria-label=\"Compartir en Whatsapp\" href='https:\/\/api.whatsapp.com\/send?text=https:\/\/radiorevelacionfm.cl\/?p=7876' aria-hidden='false' data-av_icon='\uf232' data-av_iconfont='entypo-fontello' title='' data-avia-related-tooltip='Compartir en Whatsapp' rel=\"noopener\"><span class='avia_hidden_link_text'>Compartir en Whatsapp<\/span><\/a><\/li><li class='av-share-link av-social-link-linkedin' ><a target=\"_blank\" aria-label=\"Compartir en LinkedIn\" href='https:\/\/linkedin.com\/shareArticle?mini=true&#038;title=Karina%20Acevedo%20propone%20modificaci%C3%B3n%20a%20la%20ley%20de%20partidos%3A%20%E2%80%9CSon%20las%20regiones%20las%20que%20deben%20decidir%20sus%20candidatos%20y%20candidatas%E2%80%9D&#038;url=https:\/\/radiorevelacionfm.cl\/?p=7876' aria-hidden='false' data-av_icon='\ue8fc' data-av_iconfont='entypo-fontello' title='' data-avia-related-tooltip='Compartir en LinkedIn' rel=\"noopener\"><span class='avia_hidden_link_text'>Compartir en LinkedIn<\/span><\/a><\/li><li class='av-share-link av-social-link-mail' ><a  aria-label=\"Compartir por correo\" href='mailto:?subject=Karina%20Acevedo%20propone%20modificaci%C3%B3n%20a%20la%20ley%20de%20partidos%3A%20%E2%80%9CSon%20las%20regiones%20las%20que%20deben%20decidir%20sus%20candidatos%20y%20candidatas%E2%80%9D&#038;body=https:\/\/radiorevelacionfm.cl\/?p=7876' aria-hidden='false' data-av_icon='\ue805' data-av_iconfont='entypo-fontello' title='' data-avia-related-tooltip='Compartir por correo'><span class='avia_hidden_link_text'>Compartir por correo<\/span><\/a><\/li><\/ul><\/div><\/div>\n<div  style='height:50px' class='hr hr-invisible   avia-builder-el-8  el_after_av_social_share  el_before_av_comments_list '><span class='hr-inner ' ><span class='hr-inner-style'><\/span><\/span><\/div>\n<div  class='av-buildercomment  av-blog-meta-html-info-disabled av-blog-meta-tag-disabled  '><\/div>\n","protected":false},"excerpt":{"rendered":"","protected":false},"author":1,"featured_media":7877,"comment_status":"open","ping_status":"open","sticky":false,"template":"","format":"standard","meta":{"footnotes":""},"categories":[35],"tags":[],"class_list":["post-7876","post","type-post","status-publish","format-standard","has-post-thumbnail","hentry","category-politica"],"jetpack_featured_media_url":"https:\/\/radiorevelacionfm.cl\/wp-content\/uploads\/2021\/08\/Karina-Acevedo1-1.jpg","_links":{"self":[{"href":"https:\/\/radiorevelacionfm.cl\/index.php?rest_route=\/wp\/v2\/posts\/7876","targetHints":{"allow":["GET"]}}],"collection":[{"href":"https:\/\/radiorevelacionfm.cl\/index.php?rest_route=\/wp\/v2\/posts"}],"about":[{"href":"https:\/\/radiorevelacionfm.cl\/index.php?rest_route=\/wp\/v2\/types\/post"}],"author":[{"embeddable":true,"href":"https:\/\/radiorevelacionfm.cl\/index.php?rest_route=\/wp\/v2\/users\/1"}],"replies":[{"embeddable":true,"href":"https:\/\/radiorevelacionfm.cl\/index.php?rest_route=%2Fwp%2Fv2%2Fcomments&post=7876"}],"version-history":[{"count":1,"href":"https:\/\/radiorevelacionfm.cl\/index.php?rest_route=\/wp\/v2\/posts\/7876\/revisions"}],"predecessor-version":[{"id":7878,"href":"https:\/\/radiorevelacionfm.cl\/index.php?rest_route=\/wp\/v2\/posts\/7876\/revisions\/7878"}],"wp:featuredmedia":[{"embeddable":true,"href":"https:\/\/radiorevelacionfm.cl\/index.php?rest_route=\/wp\/v2\/media\/7877"}],"wp:attachment":[{"href":"https:\/\/radiorevelacionfm.cl\/index.php?rest_route=%2Fwp%2Fv2%2Fmedia&parent=7876"}],"wp:term":[{"taxonomy":"category","embeddable":true,"href":"https:\/\/radiorevelacionfm.cl\/index.php?rest_route=%2Fwp%2Fv2%2Fcategories&post=7876"},{"taxonomy":"post_tag","embeddable":true,"href":"https:\/\/radiorevelacionfm.cl\/index.php?rest_route=%2Fwp%2Fv2%2Ftags&post=7876"}],"curies":[{"name":"wp","href":"https:\/\/api.w.org\/{rel}","templated":true}]}}