{"id":7867,"date":"2021-08-25T11:26:15","date_gmt":"2021-08-25T14:26:15","guid":{"rendered":"https:\/\/radiorevelacionfm.cl\/?p=7867"},"modified":"2021-08-25T11:33:27","modified_gmt":"2021-08-25T14:33:27","slug":"organizan-evento-internacional-para-posicionar-la-ruta-de-los-parques-de-la-patagonia","status":"publish","type":"post","link":"https:\/\/radiorevelacionfm.cl\/?p=7867","title":{"rendered":"Organizan evento internacional para posicionar la Ruta de los Parques de la Patagonia"},"content":{"rendered":"<div class=\"flex_column av_one_full  flex_column_div av-zero-column-padding first  avia-builder-el-0  el_before_av_one_full  avia-builder-el-first  \" style='border-radius:0px; '><div  class='avia-image-container  av-styling-    avia-builder-el-1  avia-builder-el-no-sibling  avia-align-center '  itemprop=\"image\" itemscope=\"itemscope\" itemtype=\"https:\/\/schema.org\/ImageObject\"  ><div class='avia-image-container-inner'><div class='avia-image-overlay-wrap'><img decoding=\"async\" class='wp-image-7873 avia-img-lazy-loading-not-7873 avia_image' src=\"https:\/\/radiorevelacionfm.cl\/wp-content\/uploads\/2021\/08\/Ruta-de-los-Parques-2-1-1.jpg\" alt='' title='Ruta de los Parques (2) (1) (1)' height=\"600\" width=\"1116\"  itemprop=\"thumbnailUrl\" srcset=\"https:\/\/radiorevelacionfm.cl\/wp-content\/uploads\/2021\/08\/Ruta-de-los-Parques-2-1-1.jpg 1116w, https:\/\/radiorevelacionfm.cl\/wp-content\/uploads\/2021\/08\/Ruta-de-los-Parques-2-1-1-300x161.jpg 300w, https:\/\/radiorevelacionfm.cl\/wp-content\/uploads\/2021\/08\/Ruta-de-los-Parques-2-1-1-1030x554.jpg 1030w, https:\/\/radiorevelacionfm.cl\/wp-content\/uploads\/2021\/08\/Ruta-de-los-Parques-2-1-1-768x413.jpg 768w, https:\/\/radiorevelacionfm.cl\/wp-content\/uploads\/2021\/08\/Ruta-de-los-Parques-2-1-1-705x379.jpg 705w, https:\/\/radiorevelacionfm.cl\/wp-content\/uploads\/2021\/08\/Ruta-de-los-Parques-2-1-1-600x323.jpg 600w\" sizes=\"(max-width: 1116px) 100vw, 1116px\" \/><\/div><\/div><\/div><\/div><div class=\"flex_column av_one_full  flex_column_div av-zero-column-padding first  avia-builder-el-2  el_after_av_one_full  el_before_av_one_full  column-top-margin\" style='border-radius:0px; '><section class=\"av_textblock_section \"  itemscope=\"itemscope\" itemtype=\"https:\/\/schema.org\/BlogPosting\" itemprop=\"blogPost\" ><div class='avia_textblock  '   itemprop=\"text\" ><p style=\"text-align: center;\"><strong><span style=\"font-size: 18pt;\">Organizan evento internacional para posicionar la Ruta de los Parques de la Patagonia<\/span><\/strong><\/p>\n<div id=\"gtx-trans\" style=\"position: absolute; left: -50px; top: 4.31534px;\">\n<div class=\"gtx-trans-icon\"><\/div>\n<\/div>\n<\/div><\/section><\/div><\/p>\n<div class=\"flex_column av_one_full  flex_column_div av-zero-column-padding first  avia-builder-el-4  el_after_av_one_full  el_before_av_hr  column-top-margin\" style='border-radius:0px; '><section class=\"av_textblock_section \"  itemscope=\"itemscope\" itemtype=\"https:\/\/schema.org\/BlogPosting\" itemprop=\"blogPost\" ><div class='avia_textblock  '   itemprop=\"text\" ><p dir=\"ltr\" style=\"text-align: justify;\">Con el fin de estrechar los v\u00ednculos entre el mercado internacional y nacional de cara a la reactivaci\u00f3n del turismo post Covid, el comit\u00e9 Ruta de los Parques de la Patagonia se ha aliado con la Asociaci\u00f3n Internacional de Turismo Aventura (ATTA) para realizar dos eventos virtuales gratuitos. El primero (jueves 9 de septiembre) se enfocar\u00e1 en audiencias internacionales, mientras que el segundo (7 de octubre) convocar\u00e1 a la industria nacional.<\/p>\n<p dir=\"ltr\" style=\"text-align: justify;\">\u201cEsta actividad busca mostrar parte de la oferta asociada a la Ruta, a trav\u00e9s de distintos operadores. Esto nos deja satisfechos, sobre todo porque nuestro pa\u00eds tiene una mayor movilidad interna, y es necesario mantener la relaci\u00f3n entre operadores internacionales y nacionales para cuando en alg\u00fan minuto se abran las fronteras\u201d, asegur\u00f3 el Director Regional Sernatur Ays\u00e9n, Patricio Bast\u00edas Mora.<\/p>\n<p dir=\"ltr\" style=\"text-align: justify;\">Por su parte, Carolina Morgado, directora ejecutiva de Tompkins Conservation a\u00f1adi\u00f3: \u201cgracias al trabajo colaborativo hemos podido generar una serie de eventos que dan muestra de una visi\u00f3n integrada del territorio, posicionando a la la Ruta de los Parques como un referente de conservaci\u00f3n y desarrollo econ\u00f3mico local a trav\u00e9s del turismo responsable\u201d.<\/p>\n<p dir=\"ltr\" style=\"text-align: justify;\">Para el evento internacional, que tiene como objetivo la interacci\u00f3n entre el mercado nacional y extranjero, se ofrecer\u00e1n una serie de charlas y webinars que permitir\u00e1n profundizar en el conocimiento de la Ruta y dar a conocer el trabajo conjunto que se ha realizado. Adem\u00e1s, se desarrollar\u00e1 una rueda de negocios que busca facilitar el contacto entre tour operadores internacionales con los prestadores tur\u00edsticos de la Ruta de Los Parques, y as\u00ed potenciar los v\u00ednculos comerciales. Para los que no participen de la rueda, en paralelo se desarrollar\u00e1 el webinar Tourism and Conservation: Rewilding the Route of Parks, dirigido por la directora ejecutiva de Tompkins Conservation, Carolina Morgado.<\/p>\n<p dir=\"ltr\" style=\"text-align: justify;\">Tambi\u00e9n participar\u00e1n Andrea Wolleter, Directora Nacional de Sernatur; Jorge Moller, Program Director para GSTC Latinoam\u00e9rica; Kristine Tompkins, Co fundadora de Tompkins Conservation; m\u00e1s la presencia de los anfitriones locales de ATTA, Raffaele Di Biase, co fundador de Birds Chile; Paula Christensen, gerenta de ventas y marketing de Mallin Colorado Ecolodge y Gonzalo Fuenzalida, CEO de Chile Nativo Travel.<\/p>\n<p dir=\"ltr\" style=\"text-align: justify;\">Los eventos, que cuentan con el apoyo de los respectivos Gobiernos Regionales, abordar\u00e1n los desaf\u00edos del turismo en pandemia, los planes de reactivaci\u00f3n y la importancia del trabajo colaborativo en la visi\u00f3n y posicionamiento de la Ruta de los Parques de la Patagonia como destino tur\u00edstico basado en la conservaci\u00f3n, \u00fanico en el mundo. \u201cComo Programa Estrat\u00e9gico Regional de Turismo, nuestro objetivo es ir en apoyo del desarrollo sustentable, innovador e inteligente del turismo en nuestra regi\u00f3n. Procuramos siempre impulsar iniciativas que est\u00e9n en sinton\u00eda con las demandas actuales del mundo globalizado\u201d, se\u00f1ala Rolf Traeger Gimeno, Gerente PER Turismo Ays\u00e9n.<\/p>\n<p dir=\"ltr\" style=\"text-align: justify;\">El segundo evento virtual (jueves 7 de octubre) ser\u00e1 destinado al p\u00fablico nacional y tendr\u00e1 como objetivos generar una instancia de trabajo conjunto y favorecer la asociatividad a trav\u00e9s de una rueda de negocios para generar contactos comerciales y\u00a0potenciar el turismo interno.<\/p>\n<\/div><\/section><\/div>\n<div  style='height:50px' class='hr hr-invisible   avia-builder-el-6  el_after_av_one_full  el_before_av_social_share '><span class='hr-inner ' ><span class='hr-inner-style'><\/span><\/span><\/div>\n<div  class='av-social-sharing-box  avia-builder-el-7  el_after_av_hr  el_before_av_hr  '><div class='av-share-box'><h5 class='av-share-link-description av-no-toc '>Compartir esta noticia<\/h5><ul class='av-share-box-list noLightbox'><li class='av-share-link av-social-link-facebook' ><a target=\"_blank\" aria-label=\"Compartir en Facebook\" href='https:\/\/www.facebook.com\/sharer.php?u=https:\/\/radiorevelacionfm.cl\/?p=7867&#038;t=Organizan%20evento%20internacional%20para%20posicionar%20la%20Ruta%20de%20los%20Parques%20de%20la%20Patagonia' aria-hidden='false' data-av_icon='\ue8f3' data-av_iconfont='entypo-fontello' title='' data-avia-related-tooltip='Compartir en Facebook' rel=\"noopener\"><span class='avia_hidden_link_text'>Compartir en Facebook<\/span><\/a><\/li><li class='av-share-link av-social-link-twitter' ><a target=\"_blank\" aria-label=\"Compartir en Twitter\" href='https:\/\/twitter.com\/share?text=Organizan%20evento%20internacional%20para%20posicionar%20la%20Ruta%20de%20los%20Parques%20de%20la%20Patagonia&#038;url=https:\/\/radiorevelacionfm.cl\/?p=7867' aria-hidden='false' data-av_icon='\ue8f1' data-av_iconfont='entypo-fontello' title='' data-avia-related-tooltip='Compartir en Twitter' rel=\"noopener\"><span class='avia_hidden_link_text'>Compartir en Twitter<\/span><\/a><\/li><li class='av-share-link av-social-link-whatsapp' ><a target=\"_blank\" aria-label=\"Compartir en Whatsapp\" href='https:\/\/api.whatsapp.com\/send?text=https:\/\/radiorevelacionfm.cl\/?p=7867' aria-hidden='false' data-av_icon='\uf232' data-av_iconfont='entypo-fontello' title='' data-avia-related-tooltip='Compartir en Whatsapp' rel=\"noopener\"><span class='avia_hidden_link_text'>Compartir en Whatsapp<\/span><\/a><\/li><li class='av-share-link av-social-link-linkedin' ><a target=\"_blank\" aria-label=\"Compartir en LinkedIn\" href='https:\/\/linkedin.com\/shareArticle?mini=true&#038;title=Organizan%20evento%20internacional%20para%20posicionar%20la%20Ruta%20de%20los%20Parques%20de%20la%20Patagonia&#038;url=https:\/\/radiorevelacionfm.cl\/?p=7867' aria-hidden='false' data-av_icon='\ue8fc' data-av_iconfont='entypo-fontello' title='' data-avia-related-tooltip='Compartir en LinkedIn' rel=\"noopener\"><span class='avia_hidden_link_text'>Compartir en LinkedIn<\/span><\/a><\/li><li class='av-share-link av-social-link-mail' ><a  aria-label=\"Compartir por correo\" href='mailto:?subject=Organizan%20evento%20internacional%20para%20posicionar%20la%20Ruta%20de%20los%20Parques%20de%20la%20Patagonia&#038;body=https:\/\/radiorevelacionfm.cl\/?p=7867' aria-hidden='false' data-av_icon='\ue805' data-av_iconfont='entypo-fontello' title='' data-avia-related-tooltip='Compartir por correo'><span class='avia_hidden_link_text'>Compartir por correo<\/span><\/a><\/li><\/ul><\/div><\/div>\n<div  style='height:50px' class='hr hr-invisible   avia-builder-el-8  el_after_av_social_share  el_before_av_comments_list '><span class='hr-inner ' ><span class='hr-inner-style'><\/span><\/span><\/div>\n<div  class='av-buildercomment  av-blog-meta-html-info-disabled av-blog-meta-tag-disabled  '><\/div>\n","protected":false},"excerpt":{"rendered":"","protected":false},"author":1,"featured_media":7873,"comment_status":"open","ping_status":"open","sticky":false,"template":"","format":"standard","meta":{"footnotes":""},"categories":[54],"tags":[],"class_list":["post-7867","post","type-post","status-publish","format-standard","has-post-thumbnail","hentry","category-turismo"],"jetpack_featured_media_url":"https:\/\/radiorevelacionfm.cl\/wp-content\/uploads\/2021\/08\/Ruta-de-los-Parques-2-1-1.jpg","_links":{"self":[{"href":"https:\/\/radiorevelacionfm.cl\/index.php?rest_route=\/wp\/v2\/posts\/7867","targetHints":{"allow":["GET"]}}],"collection":[{"href":"https:\/\/radiorevelacionfm.cl\/index.php?rest_route=\/wp\/v2\/posts"}],"about":[{"href":"https:\/\/radiorevelacionfm.cl\/index.php?rest_route=\/wp\/v2\/types\/post"}],"author":[{"embeddable":true,"href":"https:\/\/radiorevelacionfm.cl\/index.php?rest_route=\/wp\/v2\/users\/1"}],"replies":[{"embeddable":true,"href":"https:\/\/radiorevelacionfm.cl\/index.php?rest_route=%2Fwp%2Fv2%2Fcomments&post=7867"}],"version-history":[{"count":3,"href":"https:\/\/radiorevelacionfm.cl\/index.php?rest_route=\/wp\/v2\/posts\/7867\/revisions"}],"predecessor-version":[{"id":7875,"href":"https:\/\/radiorevelacionfm.cl\/index.php?rest_route=\/wp\/v2\/posts\/7867\/revisions\/7875"}],"wp:featuredmedia":[{"embeddable":true,"href":"https:\/\/radiorevelacionfm.cl\/index.php?rest_route=\/wp\/v2\/media\/7873"}],"wp:attachment":[{"href":"https:\/\/radiorevelacionfm.cl\/index.php?rest_route=%2Fwp%2Fv2%2Fmedia&parent=7867"}],"wp:term":[{"taxonomy":"category","embeddable":true,"href":"https:\/\/radiorevelacionfm.cl\/index.php?rest_route=%2Fwp%2Fv2%2Fcategories&post=7867"},{"taxonomy":"post_tag","embeddable":true,"href":"https:\/\/radiorevelacionfm.cl\/index.php?rest_route=%2Fwp%2Fv2%2Ftags&post=7867"}],"curies":[{"name":"wp","href":"https:\/\/api.w.org\/{rel}","templated":true}]}}