{"id":7864,"date":"2021-08-25T10:56:51","date_gmt":"2021-08-25T13:56:51","guid":{"rendered":"https:\/\/radiorevelacionfm.cl\/?p=7864"},"modified":"2021-08-25T10:56:51","modified_gmt":"2021-08-25T13:56:51","slug":"con-encuentro-de-directores-partieron-en-la-region-los-cabildos-educativos-del-plan-juntos-chile-se-recupera-y-aprende","status":"publish","type":"post","link":"https:\/\/radiorevelacionfm.cl\/?p=7864","title":{"rendered":"Con encuentro de directores partieron en la regi\u00f3n los Cabildos Educativos del Plan Juntos, Chile se Recupera y Aprende"},"content":{"rendered":"<div class=\"flex_column av_one_full  flex_column_div av-zero-column-padding first  avia-builder-el-0  el_before_av_one_full  avia-builder-el-first  \" style='border-radius:0px; '><div  class='avia-image-container  av-styling-    avia-builder-el-1  avia-builder-el-no-sibling  avia-align-center '  itemprop=\"image\" itemscope=\"itemscope\" itemtype=\"https:\/\/schema.org\/ImageObject\"  ><div class='avia-image-container-inner'><div class='avia-image-overlay-wrap'><img decoding=\"async\" class='wp-image-7865 avia-img-lazy-loading-not-7865 avia_image' src=\"https:\/\/radiorevelacionfm.cl\/wp-content\/uploads\/2021\/08\/cabildos3-1-1.jpeg\" alt='' title='cabildos3 (1) (1)' height=\"600\" width=\"800\"  itemprop=\"thumbnailUrl\" srcset=\"https:\/\/radiorevelacionfm.cl\/wp-content\/uploads\/2021\/08\/cabildos3-1-1.jpeg 800w, https:\/\/radiorevelacionfm.cl\/wp-content\/uploads\/2021\/08\/cabildos3-1-1-300x225.jpeg 300w, https:\/\/radiorevelacionfm.cl\/wp-content\/uploads\/2021\/08\/cabildos3-1-1-768x576.jpeg 768w, https:\/\/radiorevelacionfm.cl\/wp-content\/uploads\/2021\/08\/cabildos3-1-1-705x529.jpeg 705w, https:\/\/radiorevelacionfm.cl\/wp-content\/uploads\/2021\/08\/cabildos3-1-1-600x450.jpeg 600w\" sizes=\"(max-width: 800px) 100vw, 800px\" \/><\/div><\/div><\/div><\/div><div class=\"flex_column av_one_full  flex_column_div av-zero-column-padding first  avia-builder-el-2  el_after_av_one_full  el_before_av_one_full  column-top-margin\" style='border-radius:0px; '><section class=\"av_textblock_section \"  itemscope=\"itemscope\" itemtype=\"https:\/\/schema.org\/BlogPosting\" itemprop=\"blogPost\" ><div class='avia_textblock  '   itemprop=\"text\" ><p style=\"text-align: center;\"><strong><span style=\"font-size: 18pt;\">Con encuentro de directores partieron en la regi\u00f3n los Cabildos Educativos del Plan Juntos, Chile se Recupera y Aprende<\/span><\/strong><\/p>\n<div id=\"gtx-trans\" style=\"position: absolute; left: -50px; top: 4.31534px;\">\n<div class=\"gtx-trans-icon\"><\/div>\n<\/div>\n<\/div><\/section><\/div><div class=\"flex_column av_one_full  flex_column_div av-zero-column-padding first  avia-builder-el-4  el_after_av_one_full  el_before_av_hr  column-top-margin\" style='border-radius:0px; '><section class=\"av_textblock_section \"  itemscope=\"itemscope\" itemtype=\"https:\/\/schema.org\/BlogPosting\" itemprop=\"blogPost\" ><div class='avia_textblock  '   itemprop=\"text\" ><p class=\"v1MsoNormal\" style=\"text-align: justify;\">Con la presencia de directores de colegios municipales, particulares subvencionados, particulares pagado y de administraci\u00f3n delegada de las comunas de Coyhaique, Ays\u00e9n y R\u00edo Ib\u00e1\u00f1ez se dio inicio el lunes en dependencias de la Universidad de Ays\u00e9n a los Cabildos Educativos, bajo el lema: \u201cJuntos, Chile se recupera y Aprende\u201d.<\/p>\n<p class=\"v1MsoNormal\" style=\"text-align: justify;\">Al inaugurar la jornada de di\u00e1logo de los directores, el Seremi de Educaci\u00f3n de Ays\u00e9n Sergio Becerra Mera afirm\u00f3 que el objetivo de estos encuentros es elaborar un plan que permita recuperar los aprendizajes perdidos producto de la pandemia y trazar una hoja de ruta para la educaci\u00f3n en los pr\u00f3ximos cuatro a\u00f1os.<\/p>\n<p class=\"v1MsoNormal\" style=\"text-align: justify;\">Sergio Becerra record\u00f3 que el Ministerio de Educaci\u00f3n lanz\u00f3 el plan <a href=\"https:\/\/www.mineduc.cl\/juntos-chile-se-recupera-y-aprende\/\" target=\"_blank\" rel=\"noopener noreferrer\">\u201cJuntos, Chile se recupera y aprende\u201d<\/a>, una instancia de participaci\u00f3n que convoca a todos los ciudadanos y ciudadanas del pa\u00eds a trav\u00e9s de una consulta abierta que podr\u00e1n contestar en la web\u00a0<b><i><a href=\"https:\/\/juntos.mineduc.cl\/\" target=\"_blank\" rel=\"noopener noreferrer\">juntos.mineduc.cl<\/a><\/i><\/b>, y a todas las comunidades educativas de los establecimientos educacionales y parvularios, que podr\u00e1n participar en alguno de los m\u00e1s de 320 cabildos que comenzaron a realizarse hoy en todas las regiones de Chile.<\/p>\n<p class=\"v1MsoNormal\" style=\"text-align: justify;\">\u201cAgradecemos a las comunidades educativas que han aceptado el desaf\u00edo de conversar, escucharse, compartir y proponer ideas concretas que nos permitan, en el marco de la pandemia que estamos viviendo, sacar las mejores conclusiones para proyectar nuestro sistema educativo a los pr\u00f3ximos a\u00f1os. Los invitamos a que, entre todos marquemos una hoja de ruta en conjunto, que nos permita seguir adelante para que todos los estudiantes tengan la oportunidad de desarrollar al m\u00e1ximo sus capacidades\u201d, se\u00f1al\u00f3 el Seremi.<\/p>\n<p class=\"v1MsoNormal\" style=\"text-align: justify;\">Los Cabildos Educativos se realizar\u00e1n hasta el 3 de septiembre y en ellos participar\u00e1n adem\u00e1s de directivos, docentes, estudiantes y apoderados, ya sea de manera virtual o presencial. En esta instancia tendr\u00e1n la oportunidad de identificar los principales desaf\u00edos que enfrenta la educaci\u00f3n chilena y expresar sus opiniones en torno a las medidas que est\u00e1 llevando adelante el Ministerio de Educaci\u00f3n, adem\u00e1s de entregar sus propias preocupaciones y sugerencias.<\/p>\n<p class=\"v1MsoNormal\" style=\"text-align: justify;\">Fabi\u00e1n Saavedra, Director del Liceo Bicentenario Agr\u00edcola e Industrial de la Patagonia de Coyhaique, destac\u00f3 que es muy valioso y enriquecedor escuchar la experiencia de los colegas. Para nosotros como liceo t\u00e9cnico la presencialidad es irremplazable ya que solo de esa forma nuestros estudiantes y futuros t\u00e9cnicos aprenden. Por mi parte, estoy muy de acuerdo con las clases presenciales. Esperamos seguir adoptando todas las medidas y recibiendo apoyo para ello y as\u00ed garantizar la seguridad sanitaria a nuestra comunidad educacional\u201d.<\/p>\n<p class=\"v1MsoNormal\" style=\"text-align: justify;\">Por su parte, Elena Manquemilla, Directora del Colegio Francisco Xavier Buti\u00f1a expres\u00f3 que \u201cLos Cabildos Educativos son una iniciativa que hay que valorar y agradecer por la oportunidad de que como l\u00edderes de nuestros establecimientos educacionales podamos opinar y aportar desde la experiencia de lo que hemos vivido durante la pandemia. Es una oportunidad tambi\u00e9n para abordar de otra forma la recuperaci\u00f3n de los aprendizajes perdidos producto de la pandemia con mayor flexibilidad y creatividad. Personalmente miro con optimismo y esperanza lo que viene para nuestras comunidades educativas\u201d.<\/p>\n<p class=\"v1MsoNormal\" style=\"text-align: justify;\"><b>Mesas de expertos<\/b><\/p>\n<p class=\"v1MsoNormal\" style=\"text-align: justify;\">Luego de que se hayan realizado todos los cabildos educativos y haya finalizado la consulta ciudadana, se formar\u00e1 una mesa de expertos para analizar los resultados del proceso, los que materializar\u00e1n en la elaboraci\u00f3n de una hoja de ruta educativa que estar\u00e1 disponible para toda la comunidad en el mes de octubre.<\/p>\n<\/div><\/section><\/div><div  style='height:50px' class='hr hr-invisible   avia-builder-el-6  el_after_av_one_full  el_before_av_social_share '><span class='hr-inner ' ><span class='hr-inner-style'><\/span><\/span><\/div><\/p>\n<div  class='av-social-sharing-box  avia-builder-el-7  el_after_av_hr  el_before_av_hr  '><div class='av-share-box'><h5 class='av-share-link-description av-no-toc '>Compartir esta noticia<\/h5><ul class='av-share-box-list noLightbox'><li class='av-share-link av-social-link-facebook' ><a target=\"_blank\" aria-label=\"Compartir en Facebook\" href='https:\/\/www.facebook.com\/sharer.php?u=https:\/\/radiorevelacionfm.cl\/?p=7864&#038;t=Con%20encuentro%20de%20directores%20partieron%20en%20la%20regi%C3%B3n%20los%20Cabildos%20Educativos%20del%20Plan%20Juntos%2C%20Chile%20se%20Recupera%20y%20Aprende' aria-hidden='false' data-av_icon='\ue8f3' data-av_iconfont='entypo-fontello' title='' data-avia-related-tooltip='Compartir en Facebook' rel=\"noopener\"><span class='avia_hidden_link_text'>Compartir en Facebook<\/span><\/a><\/li><li class='av-share-link av-social-link-twitter' ><a target=\"_blank\" aria-label=\"Compartir en Twitter\" href='https:\/\/twitter.com\/share?text=Con%20encuentro%20de%20directores%20partieron%20en%20la%20regi%C3%B3n%20los%20Cabildos%20Educativos%20del%20Plan%20Juntos%2C%20Chile%20se%20Recupera%20y%20Aprende&#038;url=https:\/\/radiorevelacionfm.cl\/?p=7864' aria-hidden='false' data-av_icon='\ue8f1' data-av_iconfont='entypo-fontello' title='' data-avia-related-tooltip='Compartir en Twitter' rel=\"noopener\"><span class='avia_hidden_link_text'>Compartir en Twitter<\/span><\/a><\/li><li class='av-share-link av-social-link-whatsapp' ><a target=\"_blank\" aria-label=\"Compartir en Whatsapp\" href='https:\/\/api.whatsapp.com\/send?text=https:\/\/radiorevelacionfm.cl\/?p=7864' aria-hidden='false' data-av_icon='\uf232' data-av_iconfont='entypo-fontello' title='' data-avia-related-tooltip='Compartir en Whatsapp' rel=\"noopener\"><span class='avia_hidden_link_text'>Compartir en Whatsapp<\/span><\/a><\/li><li class='av-share-link av-social-link-linkedin' ><a target=\"_blank\" aria-label=\"Compartir en LinkedIn\" href='https:\/\/linkedin.com\/shareArticle?mini=true&#038;title=Con%20encuentro%20de%20directores%20partieron%20en%20la%20regi%C3%B3n%20los%20Cabildos%20Educativos%20del%20Plan%20Juntos%2C%20Chile%20se%20Recupera%20y%20Aprende&#038;url=https:\/\/radiorevelacionfm.cl\/?p=7864' aria-hidden='false' data-av_icon='\ue8fc' data-av_iconfont='entypo-fontello' title='' data-avia-related-tooltip='Compartir en LinkedIn' rel=\"noopener\"><span class='avia_hidden_link_text'>Compartir en LinkedIn<\/span><\/a><\/li><li class='av-share-link av-social-link-mail' ><a  aria-label=\"Compartir por correo\" href='mailto:?subject=Con%20encuentro%20de%20directores%20partieron%20en%20la%20regi%C3%B3n%20los%20Cabildos%20Educativos%20del%20Plan%20Juntos%2C%20Chile%20se%20Recupera%20y%20Aprende&#038;body=https:\/\/radiorevelacionfm.cl\/?p=7864' aria-hidden='false' data-av_icon='\ue805' data-av_iconfont='entypo-fontello' title='' data-avia-related-tooltip='Compartir por correo'><span class='avia_hidden_link_text'>Compartir por correo<\/span><\/a><\/li><\/ul><\/div><\/div>\n<div  style='height:50px' class='hr hr-invisible   avia-builder-el-8  el_after_av_social_share  el_before_av_comments_list '><span class='hr-inner ' ><span class='hr-inner-style'><\/span><\/span><\/div>\n<div  class='av-buildercomment  av-blog-meta-html-info-disabled av-blog-meta-tag-disabled  '><\/div>\n","protected":false},"excerpt":{"rendered":"","protected":false},"author":1,"featured_media":7865,"comment_status":"open","ping_status":"open","sticky":false,"template":"","format":"standard","meta":{"footnotes":""},"categories":[49],"tags":[],"class_list":["post-7864","post","type-post","status-publish","format-standard","has-post-thumbnail","hentry","category-educacion"],"jetpack_featured_media_url":"https:\/\/radiorevelacionfm.cl\/wp-content\/uploads\/2021\/08\/cabildos3-1-1.jpeg","_links":{"self":[{"href":"https:\/\/radiorevelacionfm.cl\/index.php?rest_route=\/wp\/v2\/posts\/7864","targetHints":{"allow":["GET"]}}],"collection":[{"href":"https:\/\/radiorevelacionfm.cl\/index.php?rest_route=\/wp\/v2\/posts"}],"about":[{"href":"https:\/\/radiorevelacionfm.cl\/index.php?rest_route=\/wp\/v2\/types\/post"}],"author":[{"embeddable":true,"href":"https:\/\/radiorevelacionfm.cl\/index.php?rest_route=\/wp\/v2\/users\/1"}],"replies":[{"embeddable":true,"href":"https:\/\/radiorevelacionfm.cl\/index.php?rest_route=%2Fwp%2Fv2%2Fcomments&post=7864"}],"version-history":[{"count":1,"href":"https:\/\/radiorevelacionfm.cl\/index.php?rest_route=\/wp\/v2\/posts\/7864\/revisions"}],"predecessor-version":[{"id":7866,"href":"https:\/\/radiorevelacionfm.cl\/index.php?rest_route=\/wp\/v2\/posts\/7864\/revisions\/7866"}],"wp:featuredmedia":[{"embeddable":true,"href":"https:\/\/radiorevelacionfm.cl\/index.php?rest_route=\/wp\/v2\/media\/7865"}],"wp:attachment":[{"href":"https:\/\/radiorevelacionfm.cl\/index.php?rest_route=%2Fwp%2Fv2%2Fmedia&parent=7864"}],"wp:term":[{"taxonomy":"category","embeddable":true,"href":"https:\/\/radiorevelacionfm.cl\/index.php?rest_route=%2Fwp%2Fv2%2Fcategories&post=7864"},{"taxonomy":"post_tag","embeddable":true,"href":"https:\/\/radiorevelacionfm.cl\/index.php?rest_route=%2Fwp%2Fv2%2Ftags&post=7864"}],"curies":[{"name":"wp","href":"https:\/\/api.w.org\/{rel}","templated":true}]}}