{"id":7860,"date":"2021-08-25T10:24:47","date_gmt":"2021-08-25T13:24:47","guid":{"rendered":"https:\/\/radiorevelacionfm.cl\/?p=7860"},"modified":"2021-08-25T10:24:47","modified_gmt":"2021-08-25T13:24:47","slug":"autoridades-sostuvieron-segunda-reunion-para-analizar-proyecto-de-normalizacion-del-hospital-regional-de-coyhaique","status":"publish","type":"post","link":"https:\/\/radiorevelacionfm.cl\/?p=7860","title":{"rendered":"Autoridades sostuvieron segunda reuni\u00f3n para analizar proyecto de normalizaci\u00f3n del Hospital Regional de Coyhaique"},"content":{"rendered":"<div class=\"flex_column av_one_full  flex_column_div av-zero-column-padding first  avia-builder-el-0  el_before_av_one_full  avia-builder-el-first  \" style='border-radius:0px; '><div  class='avia-image-container  av-styling-    avia-builder-el-1  avia-builder-el-no-sibling  avia-align-center '  itemprop=\"image\" itemscope=\"itemscope\" itemtype=\"https:\/\/schema.org\/ImageObject\"  ><div class='avia-image-container-inner'><div class='avia-image-overlay-wrap'><img decoding=\"async\" class='wp-image-7861 avia-img-lazy-loading-not-7861 avia_image' src=\"https:\/\/radiorevelacionfm.cl\/wp-content\/uploads\/2021\/08\/Reunion-Terreno-HRC-1-1.jpeg\" alt='' title='Reunion Terreno HRC (1) (1)' height=\"600\" width=\"1064\"  itemprop=\"thumbnailUrl\" srcset=\"https:\/\/radiorevelacionfm.cl\/wp-content\/uploads\/2021\/08\/Reunion-Terreno-HRC-1-1.jpeg 1064w, https:\/\/radiorevelacionfm.cl\/wp-content\/uploads\/2021\/08\/Reunion-Terreno-HRC-1-1-300x169.jpeg 300w, https:\/\/radiorevelacionfm.cl\/wp-content\/uploads\/2021\/08\/Reunion-Terreno-HRC-1-1-1030x581.jpeg 1030w, https:\/\/radiorevelacionfm.cl\/wp-content\/uploads\/2021\/08\/Reunion-Terreno-HRC-1-1-768x433.jpeg 768w, https:\/\/radiorevelacionfm.cl\/wp-content\/uploads\/2021\/08\/Reunion-Terreno-HRC-1-1-705x398.jpeg 705w, https:\/\/radiorevelacionfm.cl\/wp-content\/uploads\/2021\/08\/Reunion-Terreno-HRC-1-1-600x338.jpeg 600w\" sizes=\"(max-width: 1064px) 100vw, 1064px\" \/><\/div><\/div><\/div><\/div><div class=\"flex_column av_one_full  flex_column_div av-zero-column-padding first  avia-builder-el-2  el_after_av_one_full  el_before_av_one_full  column-top-margin\" style='border-radius:0px; '><section class=\"av_textblock_section \"  itemscope=\"itemscope\" itemtype=\"https:\/\/schema.org\/BlogPosting\" itemprop=\"blogPost\" ><div class='avia_textblock  '   itemprop=\"text\" ><p style=\"text-align: center;\"><span style=\"font-size: 18pt;\"><strong>Autoridades sostuvieron segunda reuni\u00f3n para analizar proyecto de normalizaci\u00f3n del Hospital Regional de Coyhaique<\/strong><\/span><\/p>\n<div id=\"gtx-trans\" style=\"position: absolute; left: -50px; top: 4.31534px;\">\n<div class=\"gtx-trans-icon\"><\/div>\n<\/div>\n<\/div><\/section><\/div><div class=\"flex_column av_one_full  flex_column_div av-zero-column-padding first  avia-builder-el-4  el_after_av_one_full  el_before_av_hr  column-top-margin\" style='border-radius:0px; '><section class=\"av_textblock_section \"  itemscope=\"itemscope\" itemtype=\"https:\/\/schema.org\/BlogPosting\" itemprop=\"blogPost\" ><div class='avia_textblock  '   itemprop=\"text\" ><p style=\"text-align: justify;\">Por m\u00e1s de una hora estuvieron reunidos \u2013 por segunda oportunidad \u2013 en la Delegaci\u00f3n Presidencial Regional de Ays\u00e9n los seremis de Bienes Nacionales, M\u00f3nica Sald\u00edas, y su par de Vivienda y Urbanismo, Diego Silva, con el director del Servicio de Salud Ays\u00e9n, Gabriel Burgos, a fin de analizar el proyecto de normalizaci\u00f3n del Hospital Regional de Coyhaique.<\/p>\n<p style=\"text-align: justify;\">La cita, que obviamente estuvo encabezada por la Delegada Presidencial Regional, Margarita Ossa, cont\u00f3 adem\u00e1s con la presencia del equipo t\u00e9cnico de recursos f\u00edsicos del Servicio de Salud; instancia donde se analiz\u00f3 el estado de avance del proyecto, el cual de acuerdo a la representante del Presidente Sebasti\u00e1n Pi\u00f1era \u201cest\u00e1 en marcha y como siempre lo abordamos de manera intersectorial para analizar la mayor cantidad de datos y escenarios posibles para en un futuro poder ofrecer el mejor proyecto a los habitantes, no solo de Coyhaique sino que tambi\u00e9n para la regi\u00f3n en su conjunto, a sabiendas de que hoy los temas sanitarios son una prioridad y es por eso que nos interesa tener el m\u00e1ximo de miradas en post de dejar en\u00a0 marcha una iniciativa, que tiene una proyecci\u00f3n de 10 a\u00f1os, con una mirada de planificaci\u00f3n urbana y participaci\u00f3n ciudadana que mejorar\u00e1 la calidad de vida de los habitantes de nuestra regi\u00f3n\u201d, dijo.<\/p>\n<p style=\"text-align: justify;\">Una mirada similar plante\u00f3 la seremi (s) de Bienes Nacionales, M\u00f3nica Sald\u00edas, quien tras la reuni\u00f3n explic\u00f3 que sirvi\u00f3 \u201cpara analizar las factibilidades de terreno que cumplan con los requisitos t\u00e9cnicos y de metodolog\u00eda del ministerio de Salud para poder llevar a cabo el proyecto de normalizaci\u00f3n del Hospital Regional de Coyhaique y la comunidad cuente con un proyecto de la mayor eficiencia y calidad posible\u201d.<\/p>\n<p style=\"text-align: justify;\">Desde el ministerio de Vivienda y Urbanismo, el seremi Diego Silva explic\u00f3 que desde su sector \u201cel crecimiento de la ciudad, la importancia de los planes urbanos habitacionales y la importancia de c\u00f3mo ha ido creciendo la ciudad de Coyhaique hacia el sector alto. Estamos trabajando la Chacra G 1 y G2 con m\u00e1s de mil viviendas, lo que obviamente hace mucho m\u00e1s atractivo el situar equipamiento como colegios, hospitales y comisar\u00edas\u201d, dijo.<\/p>\n<p style=\"text-align: justify;\">En ese mismo sentido, Silva explic\u00f3 que desde Vivienda y Urbanismo \u201cestamos trabajando en que la ciudad crezca\u201d, concluy\u00f3.<\/p>\n<\/div><\/section><\/div><div  style='height:50px' class='hr hr-invisible   avia-builder-el-6  el_after_av_one_full  el_before_av_social_share '><span class='hr-inner ' ><span class='hr-inner-style'><\/span><\/span><\/div><\/p>\n<div  class='av-social-sharing-box  avia-builder-el-7  el_after_av_hr  el_before_av_hr  '><div class='av-share-box'><h5 class='av-share-link-description av-no-toc '>Compartir esta noticia<\/h5><ul class='av-share-box-list noLightbox'><li class='av-share-link av-social-link-facebook' ><a target=\"_blank\" aria-label=\"Compartir en Facebook\" href='https:\/\/www.facebook.com\/sharer.php?u=https:\/\/radiorevelacionfm.cl\/?p=7860&#038;t=Autoridades%20sostuvieron%20segunda%20reuni%C3%B3n%20para%20analizar%20proyecto%20de%20normalizaci%C3%B3n%20del%20Hospital%20Regional%20de%20Coyhaique' aria-hidden='false' data-av_icon='\ue8f3' data-av_iconfont='entypo-fontello' title='' data-avia-related-tooltip='Compartir en Facebook' rel=\"noopener\"><span class='avia_hidden_link_text'>Compartir en Facebook<\/span><\/a><\/li><li class='av-share-link av-social-link-twitter' ><a target=\"_blank\" aria-label=\"Compartir en Twitter\" href='https:\/\/twitter.com\/share?text=Autoridades%20sostuvieron%20segunda%20reuni%C3%B3n%20para%20analizar%20proyecto%20de%20normalizaci%C3%B3n%20del%20Hospital%20Regional%20de%20Coyhaique&#038;url=https:\/\/radiorevelacionfm.cl\/?p=7860' aria-hidden='false' data-av_icon='\ue8f1' data-av_iconfont='entypo-fontello' title='' data-avia-related-tooltip='Compartir en Twitter' rel=\"noopener\"><span class='avia_hidden_link_text'>Compartir en Twitter<\/span><\/a><\/li><li class='av-share-link av-social-link-whatsapp' ><a target=\"_blank\" aria-label=\"Compartir en Whatsapp\" href='https:\/\/api.whatsapp.com\/send?text=https:\/\/radiorevelacionfm.cl\/?p=7860' aria-hidden='false' data-av_icon='\uf232' data-av_iconfont='entypo-fontello' title='' data-avia-related-tooltip='Compartir en Whatsapp' rel=\"noopener\"><span class='avia_hidden_link_text'>Compartir en Whatsapp<\/span><\/a><\/li><li class='av-share-link av-social-link-linkedin' ><a target=\"_blank\" aria-label=\"Compartir en LinkedIn\" href='https:\/\/linkedin.com\/shareArticle?mini=true&#038;title=Autoridades%20sostuvieron%20segunda%20reuni%C3%B3n%20para%20analizar%20proyecto%20de%20normalizaci%C3%B3n%20del%20Hospital%20Regional%20de%20Coyhaique&#038;url=https:\/\/radiorevelacionfm.cl\/?p=7860' aria-hidden='false' data-av_icon='\ue8fc' data-av_iconfont='entypo-fontello' title='' data-avia-related-tooltip='Compartir en LinkedIn' rel=\"noopener\"><span class='avia_hidden_link_text'>Compartir en LinkedIn<\/span><\/a><\/li><li class='av-share-link av-social-link-mail' ><a  aria-label=\"Compartir por correo\" href='mailto:?subject=Autoridades%20sostuvieron%20segunda%20reuni%C3%B3n%20para%20analizar%20proyecto%20de%20normalizaci%C3%B3n%20del%20Hospital%20Regional%20de%20Coyhaique&#038;body=https:\/\/radiorevelacionfm.cl\/?p=7860' aria-hidden='false' data-av_icon='\ue805' data-av_iconfont='entypo-fontello' title='' data-avia-related-tooltip='Compartir por correo'><span class='avia_hidden_link_text'>Compartir por correo<\/span><\/a><\/li><\/ul><\/div><\/div>\n<div  style='height:50px' class='hr hr-invisible   avia-builder-el-8  el_after_av_social_share  el_before_av_comments_list '><span class='hr-inner ' ><span class='hr-inner-style'><\/span><\/span><\/div>\n<div  class='av-buildercomment  av-blog-meta-html-info-disabled av-blog-meta-tag-disabled  '><\/div>\n","protected":false},"excerpt":{"rendered":"","protected":false},"author":1,"featured_media":7861,"comment_status":"open","ping_status":"open","sticky":false,"template":"","format":"standard","meta":{"footnotes":""},"categories":[38],"tags":[],"class_list":["post-7860","post","type-post","status-publish","format-standard","has-post-thumbnail","hentry","category-regional"],"jetpack_featured_media_url":"https:\/\/radiorevelacionfm.cl\/wp-content\/uploads\/2021\/08\/Reunion-Terreno-HRC-1-1.jpeg","_links":{"self":[{"href":"https:\/\/radiorevelacionfm.cl\/index.php?rest_route=\/wp\/v2\/posts\/7860","targetHints":{"allow":["GET"]}}],"collection":[{"href":"https:\/\/radiorevelacionfm.cl\/index.php?rest_route=\/wp\/v2\/posts"}],"about":[{"href":"https:\/\/radiorevelacionfm.cl\/index.php?rest_route=\/wp\/v2\/types\/post"}],"author":[{"embeddable":true,"href":"https:\/\/radiorevelacionfm.cl\/index.php?rest_route=\/wp\/v2\/users\/1"}],"replies":[{"embeddable":true,"href":"https:\/\/radiorevelacionfm.cl\/index.php?rest_route=%2Fwp%2Fv2%2Fcomments&post=7860"}],"version-history":[{"count":1,"href":"https:\/\/radiorevelacionfm.cl\/index.php?rest_route=\/wp\/v2\/posts\/7860\/revisions"}],"predecessor-version":[{"id":7862,"href":"https:\/\/radiorevelacionfm.cl\/index.php?rest_route=\/wp\/v2\/posts\/7860\/revisions\/7862"}],"wp:featuredmedia":[{"embeddable":true,"href":"https:\/\/radiorevelacionfm.cl\/index.php?rest_route=\/wp\/v2\/media\/7861"}],"wp:attachment":[{"href":"https:\/\/radiorevelacionfm.cl\/index.php?rest_route=%2Fwp%2Fv2%2Fmedia&parent=7860"}],"wp:term":[{"taxonomy":"category","embeddable":true,"href":"https:\/\/radiorevelacionfm.cl\/index.php?rest_route=%2Fwp%2Fv2%2Fcategories&post=7860"},{"taxonomy":"post_tag","embeddable":true,"href":"https:\/\/radiorevelacionfm.cl\/index.php?rest_route=%2Fwp%2Fv2%2Ftags&post=7860"}],"curies":[{"name":"wp","href":"https:\/\/api.w.org\/{rel}","templated":true}]}}