{"id":7857,"date":"2021-08-24T20:53:34","date_gmt":"2021-08-24T23:53:34","guid":{"rendered":"https:\/\/radiorevelacionfm.cl\/?p=7857"},"modified":"2021-08-24T20:53:34","modified_gmt":"2021-08-24T23:53:34","slug":"alcalde-opazo-solicito-a-director-nacional-de-sercotec-incorporar-a-lago-verde-en-barrios-comerciales","status":"publish","type":"post","link":"https:\/\/radiorevelacionfm.cl\/?p=7857","title":{"rendered":"Alcalde Opazo solicit\u00f3 a Director Nacional de Sercotec incorporar a Lago Verde en \u201cBarrios Comerciales\u201d"},"content":{"rendered":"<div class=\"flex_column av_one_full  flex_column_div av-zero-column-padding first  avia-builder-el-0  el_before_av_one_full  avia-builder-el-first  \" style='border-radius:0px; '><div  class='avia-image-container  av-styling-    avia-builder-el-1  avia-builder-el-no-sibling  avia-align-center '  itemprop=\"image\" itemscope=\"itemscope\" itemtype=\"https:\/\/schema.org\/ImageObject\"  ><div class='avia-image-container-inner'><div class='avia-image-overlay-wrap'><img decoding=\"async\" class='wp-image-7858 avia-img-lazy-loading-not-7858 avia_image' src=\"https:\/\/radiorevelacionfm.cl\/wp-content\/uploads\/2021\/08\/ALCALDE-Y-DIRECTOR-NACIONAL-SERCOTEC-3-1-1.jpg\" alt='' title='ALCALDE Y DIRECTOR NACIONAL SERCOTEC 3 (1) (1)' height=\"600\" width=\"1231\"  itemprop=\"thumbnailUrl\" srcset=\"https:\/\/radiorevelacionfm.cl\/wp-content\/uploads\/2021\/08\/ALCALDE-Y-DIRECTOR-NACIONAL-SERCOTEC-3-1-1.jpg 1231w, https:\/\/radiorevelacionfm.cl\/wp-content\/uploads\/2021\/08\/ALCALDE-Y-DIRECTOR-NACIONAL-SERCOTEC-3-1-1-300x146.jpg 300w, https:\/\/radiorevelacionfm.cl\/wp-content\/uploads\/2021\/08\/ALCALDE-Y-DIRECTOR-NACIONAL-SERCOTEC-3-1-1-1030x502.jpg 1030w, https:\/\/radiorevelacionfm.cl\/wp-content\/uploads\/2021\/08\/ALCALDE-Y-DIRECTOR-NACIONAL-SERCOTEC-3-1-1-768x374.jpg 768w, https:\/\/radiorevelacionfm.cl\/wp-content\/uploads\/2021\/08\/ALCALDE-Y-DIRECTOR-NACIONAL-SERCOTEC-3-1-1-705x344.jpg 705w, https:\/\/radiorevelacionfm.cl\/wp-content\/uploads\/2021\/08\/ALCALDE-Y-DIRECTOR-NACIONAL-SERCOTEC-3-1-1-600x292.jpg 600w\" sizes=\"(max-width: 1231px) 100vw, 1231px\" \/><\/div><\/div><\/div><\/div><div class=\"flex_column av_one_full  flex_column_div av-zero-column-padding first  avia-builder-el-2  el_after_av_one_full  el_before_av_one_full  column-top-margin\" style='border-radius:0px; '><section class=\"av_textblock_section \"  itemscope=\"itemscope\" itemtype=\"https:\/\/schema.org\/BlogPosting\" itemprop=\"blogPost\" ><div class='avia_textblock  '   itemprop=\"text\" ><p style=\"text-align: center;\"><strong><span style=\"font-size: 18pt;\">Alcalde Opazo solicit\u00f3 a Director Nacional de Sercotec incorporar a Lago Verde en \u201cBarrios Comerciales\u201d<\/span><\/strong><\/p>\n<div id=\"gtx-trans\" style=\"position: absolute; left: -50px; top: 4.31534px;\">\n<div class=\"gtx-trans-icon\"><\/div>\n<\/div>\n<\/div><\/section><\/div><div class=\"flex_column av_one_full  flex_column_div av-zero-column-padding first  avia-builder-el-4  el_after_av_one_full  el_before_av_hr  column-top-margin\" style='border-radius:0px; '><section class=\"av_textblock_section \"  itemscope=\"itemscope\" itemtype=\"https:\/\/schema.org\/BlogPosting\" itemprop=\"blogPost\" ><div class='avia_textblock  '   itemprop=\"text\" ><p style=\"text-align: justify;\">El Alcalde Nelson Opazo L\u00f3pez, viaj\u00f3 hasta la capital del pa\u00eds con el fin de llevar a cabo una serie de gestiones en beneficio de toda la comuna de Lago Verde. Uno de sus primeros encuentros fue con el Director Nacional de Sercotec, Bruno Trisotti.<\/p>\n<p style=\"text-align: justify;\">En la reuni\u00f3n, entre otras instancias que vayan en apoyo a los emprendedores y emprendedoras de la zona, Opazo plante\u00f3 a la autoridad sectorial, la importancia de que el programa \u201cBarrios Comerciales\u201d tambi\u00e9n incluya a quienes trabajan en este rubro en la comuna de Lago Verde.<\/p>\n<p style=\"text-align: justify;\">\u201cLa reuni\u00f3n con el Director Nacional de Sercotec estuvo enfocada b\u00e1sicamente en lo que hemos venido trabajando para la focalizaci\u00f3n de recursos dirigidos a nuestros emprendedores, en este caso, esperamos contar con la postulaci\u00f3n y poder participar directamente en lo que es Barrios Comerciales, que en este caso podr\u00eda beneficiar a un buen n\u00famero de emprendedores de nuestra comuna\u201d.<\/p>\n<p style=\"text-align: justify;\">El Alcalde Nelson Opazo, valor\u00f3 y agradeci\u00f3 la voluntad del Director Nacional de Sercotec en abordar las materias planteadas en la reuni\u00f3n, no descartando prontamente visitar la comuna de Lago Verde.<\/p>\n<p style=\"text-align: justify;\">\u201cEstamos muy agradecidos, valoramos much\u00edsimo el apoyo que nos ha bridado el Director Nacional, esperamos poder contar con su presencia en la comuna dentro de muy poco, dado que, vamos a estar iniciando programas que van a ser de un muy buen impacto, especialmente en la temporada que se viene. As\u00ed es que, muy buenas noticias y muy agradecido de la disposici\u00f3n del Director, don Bruno Trisotti\u201d.<\/p>\n<p style=\"text-align: justify;\">El desarrollo productivo, el emprendimiento y buscar las instancias de apoyo a trav\u00e9s de los organismos del Estado, es parte de las \u00e1reas de acci\u00f3n que ha desarrollado la actual administraci\u00f3n municipal en la comuna de Lago Verde.<\/p>\n<\/div><\/section><\/div><div  style='height:50px' class='hr hr-invisible   avia-builder-el-6  el_after_av_one_full  el_before_av_social_share '><span class='hr-inner ' ><span class='hr-inner-style'><\/span><\/span><\/div><\/p>\n<div  class='av-social-sharing-box  avia-builder-el-7  el_after_av_hr  el_before_av_hr  '><div class='av-share-box'><h5 class='av-share-link-description av-no-toc '>Compartir esta noticia<\/h5><ul class='av-share-box-list noLightbox'><li class='av-share-link av-social-link-facebook' ><a target=\"_blank\" aria-label=\"Compartir en Facebook\" href='https:\/\/www.facebook.com\/sharer.php?u=https:\/\/radiorevelacionfm.cl\/?p=7857&#038;t=Alcalde%20Opazo%20solicit%C3%B3%20a%20Director%20Nacional%20de%20Sercotec%20incorporar%20a%20Lago%20Verde%20en%20%E2%80%9CBarrios%20Comerciales%E2%80%9D' aria-hidden='false' data-av_icon='\ue8f3' data-av_iconfont='entypo-fontello' title='' data-avia-related-tooltip='Compartir en Facebook' rel=\"noopener\"><span class='avia_hidden_link_text'>Compartir en Facebook<\/span><\/a><\/li><li class='av-share-link av-social-link-twitter' ><a target=\"_blank\" aria-label=\"Compartir en Twitter\" href='https:\/\/twitter.com\/share?text=Alcalde%20Opazo%20solicit%C3%B3%20a%20Director%20Nacional%20de%20Sercotec%20incorporar%20a%20Lago%20Verde%20en%20%E2%80%9CBarrios%20Comerciales%E2%80%9D&#038;url=https:\/\/radiorevelacionfm.cl\/?p=7857' aria-hidden='false' data-av_icon='\ue8f1' data-av_iconfont='entypo-fontello' title='' data-avia-related-tooltip='Compartir en Twitter' rel=\"noopener\"><span class='avia_hidden_link_text'>Compartir en Twitter<\/span><\/a><\/li><li class='av-share-link av-social-link-whatsapp' ><a target=\"_blank\" aria-label=\"Compartir en Whatsapp\" href='https:\/\/api.whatsapp.com\/send?text=https:\/\/radiorevelacionfm.cl\/?p=7857' aria-hidden='false' data-av_icon='\uf232' data-av_iconfont='entypo-fontello' title='' data-avia-related-tooltip='Compartir en Whatsapp' rel=\"noopener\"><span class='avia_hidden_link_text'>Compartir en Whatsapp<\/span><\/a><\/li><li class='av-share-link av-social-link-linkedin' ><a target=\"_blank\" aria-label=\"Compartir en LinkedIn\" href='https:\/\/linkedin.com\/shareArticle?mini=true&#038;title=Alcalde%20Opazo%20solicit%C3%B3%20a%20Director%20Nacional%20de%20Sercotec%20incorporar%20a%20Lago%20Verde%20en%20%E2%80%9CBarrios%20Comerciales%E2%80%9D&#038;url=https:\/\/radiorevelacionfm.cl\/?p=7857' aria-hidden='false' data-av_icon='\ue8fc' data-av_iconfont='entypo-fontello' title='' data-avia-related-tooltip='Compartir en LinkedIn' rel=\"noopener\"><span class='avia_hidden_link_text'>Compartir en LinkedIn<\/span><\/a><\/li><li class='av-share-link av-social-link-mail' ><a  aria-label=\"Compartir por correo\" href='mailto:?subject=Alcalde%20Opazo%20solicit%C3%B3%20a%20Director%20Nacional%20de%20Sercotec%20incorporar%20a%20Lago%20Verde%20en%20%E2%80%9CBarrios%20Comerciales%E2%80%9D&#038;body=https:\/\/radiorevelacionfm.cl\/?p=7857' aria-hidden='false' data-av_icon='\ue805' data-av_iconfont='entypo-fontello' title='' data-avia-related-tooltip='Compartir por correo'><span class='avia_hidden_link_text'>Compartir por correo<\/span><\/a><\/li><\/ul><\/div><\/div>\n<div  style='height:50px' class='hr hr-invisible   avia-builder-el-8  el_after_av_social_share  el_before_av_comments_list '><span class='hr-inner ' ><span class='hr-inner-style'><\/span><\/span><\/div>\n<div  class='av-buildercomment  av-blog-meta-html-info-disabled av-blog-meta-tag-disabled  '><\/div>\n","protected":false},"excerpt":{"rendered":"","protected":false},"author":1,"featured_media":7858,"comment_status":"open","ping_status":"open","sticky":false,"template":"","format":"standard","meta":{"footnotes":""},"categories":[38],"tags":[],"class_list":["post-7857","post","type-post","status-publish","format-standard","has-post-thumbnail","hentry","category-regional"],"jetpack_featured_media_url":"https:\/\/radiorevelacionfm.cl\/wp-content\/uploads\/2021\/08\/ALCALDE-Y-DIRECTOR-NACIONAL-SERCOTEC-3-1-1.jpg","_links":{"self":[{"href":"https:\/\/radiorevelacionfm.cl\/index.php?rest_route=\/wp\/v2\/posts\/7857","targetHints":{"allow":["GET"]}}],"collection":[{"href":"https:\/\/radiorevelacionfm.cl\/index.php?rest_route=\/wp\/v2\/posts"}],"about":[{"href":"https:\/\/radiorevelacionfm.cl\/index.php?rest_route=\/wp\/v2\/types\/post"}],"author":[{"embeddable":true,"href":"https:\/\/radiorevelacionfm.cl\/index.php?rest_route=\/wp\/v2\/users\/1"}],"replies":[{"embeddable":true,"href":"https:\/\/radiorevelacionfm.cl\/index.php?rest_route=%2Fwp%2Fv2%2Fcomments&post=7857"}],"version-history":[{"count":1,"href":"https:\/\/radiorevelacionfm.cl\/index.php?rest_route=\/wp\/v2\/posts\/7857\/revisions"}],"predecessor-version":[{"id":7859,"href":"https:\/\/radiorevelacionfm.cl\/index.php?rest_route=\/wp\/v2\/posts\/7857\/revisions\/7859"}],"wp:featuredmedia":[{"embeddable":true,"href":"https:\/\/radiorevelacionfm.cl\/index.php?rest_route=\/wp\/v2\/media\/7858"}],"wp:attachment":[{"href":"https:\/\/radiorevelacionfm.cl\/index.php?rest_route=%2Fwp%2Fv2%2Fmedia&parent=7857"}],"wp:term":[{"taxonomy":"category","embeddable":true,"href":"https:\/\/radiorevelacionfm.cl\/index.php?rest_route=%2Fwp%2Fv2%2Fcategories&post=7857"},{"taxonomy":"post_tag","embeddable":true,"href":"https:\/\/radiorevelacionfm.cl\/index.php?rest_route=%2Fwp%2Fv2%2Ftags&post=7857"}],"curies":[{"name":"wp","href":"https:\/\/api.w.org\/{rel}","templated":true}]}}