{"id":7852,"date":"2021-08-24T19:59:32","date_gmt":"2021-08-24T22:59:32","guid":{"rendered":"https:\/\/radiorevelacionfm.cl\/?p=7852"},"modified":"2021-08-24T20:10:39","modified_gmt":"2021-08-24T23:10:39","slug":"calisto-tras-confirmarse-que-ira-a-la-reeleccion-conoci-la-peor-cara-de-la-politica-ahora-vamos-con-mas-fuerza-a-la-reeleccion-en-noviembre","status":"publish","type":"post","link":"https:\/\/radiorevelacionfm.cl\/?p=7852","title":{"rendered":"Calisto tras confirmarse que ir\u00e1 a la reelecci\u00f3n \u201cConoc\u00ed la peor cara de la pol\u00edtica, ahora vamos con m\u00e1s fuerza a la reelecci\u00f3n en noviembre\u201d"},"content":{"rendered":"<div class=\"flex_column av_one_full  flex_column_div av-zero-column-padding first  avia-builder-el-0  el_before_av_one_full  avia-builder-el-first  \" style='border-radius:0px; '><div  class='avia-image-container  av-styling-    avia-builder-el-1  avia-builder-el-no-sibling  avia-align-center '  itemprop=\"image\" itemscope=\"itemscope\" itemtype=\"https:\/\/schema.org\/ImageObject\"  ><div class='avia-image-container-inner'><div class='avia-image-overlay-wrap'><img decoding=\"async\" class='wp-image-7855 avia-img-lazy-loading-not-7855 avia_image' src=\"https:\/\/radiorevelacionfm.cl\/wp-content\/uploads\/2021\/08\/FOTO-ARCHIVOnew-1-1.jpg\" alt='' title='FOTO ARCHIVOnew (1) (1)' height=\"600\" width=\"789\"  itemprop=\"thumbnailUrl\" srcset=\"https:\/\/radiorevelacionfm.cl\/wp-content\/uploads\/2021\/08\/FOTO-ARCHIVOnew-1-1.jpg 789w, https:\/\/radiorevelacionfm.cl\/wp-content\/uploads\/2021\/08\/FOTO-ARCHIVOnew-1-1-300x228.jpg 300w, https:\/\/radiorevelacionfm.cl\/wp-content\/uploads\/2021\/08\/FOTO-ARCHIVOnew-1-1-768x584.jpg 768w, https:\/\/radiorevelacionfm.cl\/wp-content\/uploads\/2021\/08\/FOTO-ARCHIVOnew-1-1-705x536.jpg 705w, https:\/\/radiorevelacionfm.cl\/wp-content\/uploads\/2021\/08\/FOTO-ARCHIVOnew-1-1-600x456.jpg 600w\" sizes=\"(max-width: 789px) 100vw, 789px\" \/><\/div><\/div><\/div><\/div><div class=\"flex_column av_one_full  flex_column_div av-zero-column-padding first  avia-builder-el-2  el_after_av_one_full  el_before_av_one_full  column-top-margin\" style='border-radius:0px; '><section class=\"av_textblock_section \"  itemscope=\"itemscope\" itemtype=\"https:\/\/schema.org\/BlogPosting\" itemprop=\"blogPost\" ><div class='avia_textblock  '   itemprop=\"text\" ><p style=\"text-align: center;\"><strong><span style=\"font-size: 18pt;\">Calisto tras confirmarse que ir\u00e1 a la reelecci\u00f3n \u201cConoc\u00ed la peor cara de la pol\u00edtica, ahora vamos con m\u00e1s fuerza a la reelecci\u00f3n en noviembre\u201d<\/span><\/strong><\/p>\n<div id=\"gtx-trans\" style=\"position: absolute; left: -50px; top: 4.31534px;\">\n<div class=\"gtx-trans-icon\"><\/div>\n<\/div>\n<\/div><\/section><\/div><\/p>\n<div class=\"flex_column av_one_full  flex_column_div av-zero-column-padding first  avia-builder-el-4  el_after_av_one_full  el_before_av_hr  column-top-margin\" style='border-radius:0px; '><section class=\"av_textblock_section \"  itemscope=\"itemscope\" itemtype=\"https:\/\/schema.org\/BlogPosting\" itemprop=\"blogPost\" ><div class='avia_textblock  '   itemprop=\"text\" ><p style=\"font-weight: 400; text-align: justify;\">Luego de un par de semanas de incertidumbre, finalmente el diputado Miguel \u00c1ngel Calisto confirm\u00f3 que ir\u00e1 a la reelecci\u00f3n en las elecciones parlamentarias de noviembre, luego que la Directiva Nacional de su partido lo inscribiera en el Servel, dejando sin campo de acci\u00f3n a Patricio Aylwin, quien en un fraudulento proceso fue elegido a puertas cerradas por un peque\u00f1o grupo de militantes de la DC regional.<\/p>\n<p style=\"font-weight: 400; text-align: justify;\">El legislador se mostr\u00f3 bastante afectado por la situaci\u00f3n vivida, acusando una serie de hechos que apuntaban a bajarlo del proceso eleccionario, aunque se\u00f1al\u00f3 que despu\u00e9s de lo vivido tendr\u00e1 m\u00e1s fuerzas para enfrentar las elecciones de noviembre de este a\u00f1o.<\/p>\n<p style=\"font-weight: 400; text-align: justify;\">Seg\u00fan el legislador, \u201cquiero agradecer todas las muestras de apoyo que he recibido durante este \u00faltimo tiempo, que ha sido bastante dif\u00edcil, donde conoc\u00ed la peor cara de la pol\u00edtica. Fui v\u00edctima de muchos hechos, primero por un proceso irregular en la Junta Regional que tuvo la finalidad de bajarme, al permitirse la votaci\u00f3n de personas que no deber\u00edan haber votado\u201d.<\/p>\n<p style=\"font-weight: 400; text-align: justify;\">\u201cTambi\u00e9n fui v\u00edctima de un hackeo de mi correo electr\u00f3nico y de m\u00faltiples infamias y calumnias que se difundieron, con la finalidad principal de bajar mi candidatura a diputado por Ays\u00e9n. Siento que fue bueno conocer esta cara negra de la pol\u00edtica, para as\u00ed poder volver a levantarse con m\u00e1s fuerza y enfrentar las elecciones de noviembre\u201d, indic\u00f3.<\/p>\n<p style=\"font-weight: 400; text-align: justify;\">Calisto agreg\u00f3 que \u201cmi objetivo en la pol\u00edtica sin duda es trabajar por las personas, m\u00e1s all\u00e1 de los colores pol\u00edticos, m\u00e1s all\u00e1 de los conglomerados, pensar siempre en las personas, que debiera ser el centro de atenci\u00f3n de un diputado\u201d.<\/p>\n<p style=\"font-weight: 400; text-align: justify;\">\u201cLogramos que se revierta la decisi\u00f3n y se haga justicia. Agradezco sin duda al Consejo Nacional de mi partido, a la Directiva Nacional, quien tom\u00f3 la decisi\u00f3n m\u00e1s juiciosa y razonable, tomando en cuenta la forma en c\u00f3mo se hab\u00eda generado este proceso, de manera absolutamente irregular e injusta\u201d, indic\u00f3.<\/p>\n<p style=\"font-weight: 400; text-align: justify;\">Finalmente, el legislador se\u00f1al\u00f3 que \u201creitero mis agradecimientos por todo el apoyo de las dirigentes, los dirigentes sociales y de los comit\u00e9s de vivienda, con quienes venimos trabajando hace bastante tiempo, y de vecinas y vecinos que me han parado en la calle o me han apoyado en redes sociales. Estamos con toda la energ\u00eda para este proceso de campa\u00f1a, a m\u00ed en lo personal me llena de orgullo y me honra poder representarlos en el Congreso Nacional\u201d.<\/p>\n<\/div><\/section><\/div>\n<div  style='height:50px' class='hr hr-invisible   avia-builder-el-6  el_after_av_one_full  el_before_av_social_share '><span class='hr-inner ' ><span class='hr-inner-style'><\/span><\/span><\/div>\n<div  class='av-social-sharing-box  avia-builder-el-7  el_after_av_hr  el_before_av_hr  '><div class='av-share-box'><h5 class='av-share-link-description av-no-toc '>Compartir esta noticia<\/h5><ul class='av-share-box-list noLightbox'><li class='av-share-link av-social-link-facebook' ><a target=\"_blank\" aria-label=\"Compartir en Facebook\" href='https:\/\/www.facebook.com\/sharer.php?u=https:\/\/radiorevelacionfm.cl\/?p=7852&#038;t=Calisto%20tras%20confirmarse%20que%20ir%C3%A1%20a%20la%20reelecci%C3%B3n%20%E2%80%9CConoc%C3%AD%20la%20peor%20cara%20de%20la%20pol%C3%ADtica%2C%20ahora%20vamos%20con%20m%C3%A1s%20fuerza%20a%20la%20reelecci%C3%B3n%20en%20noviembre%E2%80%9D' aria-hidden='false' data-av_icon='\ue8f3' data-av_iconfont='entypo-fontello' title='' data-avia-related-tooltip='Compartir en Facebook' rel=\"noopener\"><span class='avia_hidden_link_text'>Compartir en Facebook<\/span><\/a><\/li><li class='av-share-link av-social-link-twitter' ><a target=\"_blank\" aria-label=\"Compartir en Twitter\" href='https:\/\/twitter.com\/share?text=Calisto%20tras%20confirmarse%20que%20ir%C3%A1%20a%20la%20reelecci%C3%B3n%20%E2%80%9CConoc%C3%AD%20la%20peor%20cara%20de%20la%20pol%C3%ADtica%2C%20ahora%20vamos%20con%20m%C3%A1s%20fuerza%20a%20la%20reelecci%C3%B3n%20en%20noviembre%E2%80%9D&#038;url=https:\/\/radiorevelacionfm.cl\/?p=7852' aria-hidden='false' data-av_icon='\ue8f1' data-av_iconfont='entypo-fontello' title='' data-avia-related-tooltip='Compartir en Twitter' rel=\"noopener\"><span class='avia_hidden_link_text'>Compartir en Twitter<\/span><\/a><\/li><li class='av-share-link av-social-link-whatsapp' ><a target=\"_blank\" aria-label=\"Compartir en Whatsapp\" href='https:\/\/api.whatsapp.com\/send?text=https:\/\/radiorevelacionfm.cl\/?p=7852' aria-hidden='false' data-av_icon='\uf232' data-av_iconfont='entypo-fontello' title='' data-avia-related-tooltip='Compartir en Whatsapp' rel=\"noopener\"><span class='avia_hidden_link_text'>Compartir en Whatsapp<\/span><\/a><\/li><li class='av-share-link av-social-link-linkedin' ><a target=\"_blank\" aria-label=\"Compartir en LinkedIn\" href='https:\/\/linkedin.com\/shareArticle?mini=true&#038;title=Calisto%20tras%20confirmarse%20que%20ir%C3%A1%20a%20la%20reelecci%C3%B3n%20%E2%80%9CConoc%C3%AD%20la%20peor%20cara%20de%20la%20pol%C3%ADtica%2C%20ahora%20vamos%20con%20m%C3%A1s%20fuerza%20a%20la%20reelecci%C3%B3n%20en%20noviembre%E2%80%9D&#038;url=https:\/\/radiorevelacionfm.cl\/?p=7852' aria-hidden='false' data-av_icon='\ue8fc' data-av_iconfont='entypo-fontello' title='' data-avia-related-tooltip='Compartir en LinkedIn' rel=\"noopener\"><span class='avia_hidden_link_text'>Compartir en LinkedIn<\/span><\/a><\/li><li class='av-share-link av-social-link-mail' ><a  aria-label=\"Compartir por correo\" href='mailto:?subject=Calisto%20tras%20confirmarse%20que%20ir%C3%A1%20a%20la%20reelecci%C3%B3n%20%E2%80%9CConoc%C3%AD%20la%20peor%20cara%20de%20la%20pol%C3%ADtica%2C%20ahora%20vamos%20con%20m%C3%A1s%20fuerza%20a%20la%20reelecci%C3%B3n%20en%20noviembre%E2%80%9D&#038;body=https:\/\/radiorevelacionfm.cl\/?p=7852' aria-hidden='false' data-av_icon='\ue805' data-av_iconfont='entypo-fontello' title='' data-avia-related-tooltip='Compartir por correo'><span class='avia_hidden_link_text'>Compartir por correo<\/span><\/a><\/li><\/ul><\/div><\/div>\n<div  style='height:50px' class='hr hr-invisible   avia-builder-el-8  el_after_av_social_share  el_before_av_comments_list '><span class='hr-inner ' ><span class='hr-inner-style'><\/span><\/span><\/div>\n<div  class='av-buildercomment  av-blog-meta-html-info-disabled av-blog-meta-tag-disabled  '><\/div>\n","protected":false},"excerpt":{"rendered":"","protected":false},"author":1,"featured_media":7855,"comment_status":"open","ping_status":"open","sticky":false,"template":"","format":"standard","meta":{"footnotes":""},"categories":[35],"tags":[],"class_list":["post-7852","post","type-post","status-publish","format-standard","has-post-thumbnail","hentry","category-politica"],"jetpack_featured_media_url":"https:\/\/radiorevelacionfm.cl\/wp-content\/uploads\/2021\/08\/FOTO-ARCHIVOnew-1-1.jpg","_links":{"self":[{"href":"https:\/\/radiorevelacionfm.cl\/index.php?rest_route=\/wp\/v2\/posts\/7852","targetHints":{"allow":["GET"]}}],"collection":[{"href":"https:\/\/radiorevelacionfm.cl\/index.php?rest_route=\/wp\/v2\/posts"}],"about":[{"href":"https:\/\/radiorevelacionfm.cl\/index.php?rest_route=\/wp\/v2\/types\/post"}],"author":[{"embeddable":true,"href":"https:\/\/radiorevelacionfm.cl\/index.php?rest_route=\/wp\/v2\/users\/1"}],"replies":[{"embeddable":true,"href":"https:\/\/radiorevelacionfm.cl\/index.php?rest_route=%2Fwp%2Fv2%2Fcomments&post=7852"}],"version-history":[{"count":2,"href":"https:\/\/radiorevelacionfm.cl\/index.php?rest_route=\/wp\/v2\/posts\/7852\/revisions"}],"predecessor-version":[{"id":7856,"href":"https:\/\/radiorevelacionfm.cl\/index.php?rest_route=\/wp\/v2\/posts\/7852\/revisions\/7856"}],"wp:featuredmedia":[{"embeddable":true,"href":"https:\/\/radiorevelacionfm.cl\/index.php?rest_route=\/wp\/v2\/media\/7855"}],"wp:attachment":[{"href":"https:\/\/radiorevelacionfm.cl\/index.php?rest_route=%2Fwp%2Fv2%2Fmedia&parent=7852"}],"wp:term":[{"taxonomy":"category","embeddable":true,"href":"https:\/\/radiorevelacionfm.cl\/index.php?rest_route=%2Fwp%2Fv2%2Fcategories&post=7852"},{"taxonomy":"post_tag","embeddable":true,"href":"https:\/\/radiorevelacionfm.cl\/index.php?rest_route=%2Fwp%2Fv2%2Ftags&post=7852"}],"curies":[{"name":"wp","href":"https:\/\/api.w.org\/{rel}","templated":true}]}}