{"id":7849,"date":"2021-08-24T19:50:19","date_gmt":"2021-08-24T22:50:19","guid":{"rendered":"https:\/\/radiorevelacionfm.cl\/?p=7849"},"modified":"2021-08-24T19:50:19","modified_gmt":"2021-08-24T22:50:19","slug":"impulsan-programa-de-capacitacion-en-linea-para-personas-mayores-adulto-digital","status":"publish","type":"post","link":"https:\/\/radiorevelacionfm.cl\/?p=7849","title":{"rendered":"Impulsan programa de capacitaci\u00f3n en l\u00ednea para personas mayores \u00abAdulto Digital\u00bb"},"content":{"rendered":"<div class=\"flex_column av_one_full  flex_column_div av-zero-column-padding first  avia-builder-el-0  el_before_av_one_full  avia-builder-el-first  \" style='border-radius:0px; '><div  class='avia-image-container  av-styling-    avia-builder-el-1  avia-builder-el-no-sibling  avia-align-center '  itemprop=\"image\" itemscope=\"itemscope\" itemtype=\"https:\/\/schema.org\/ImageObject\"  ><div class='avia-image-container-inner'><div class='avia-image-overlay-wrap'><img decoding=\"async\" class='wp-image-7850 avia-img-lazy-loading-not-7850 avia_image' src=\"https:\/\/radiorevelacionfm.cl\/wp-content\/uploads\/2021\/08\/FOTO-cursos-adulto-digital-sence-2-1-1.jpeg\" alt='' title='FOTO cursos adulto digital sence 2 (1) (1)' height=\"600\" width=\"893\"  itemprop=\"thumbnailUrl\" srcset=\"https:\/\/radiorevelacionfm.cl\/wp-content\/uploads\/2021\/08\/FOTO-cursos-adulto-digital-sence-2-1-1.jpeg 893w, https:\/\/radiorevelacionfm.cl\/wp-content\/uploads\/2021\/08\/FOTO-cursos-adulto-digital-sence-2-1-1-300x202.jpeg 300w, https:\/\/radiorevelacionfm.cl\/wp-content\/uploads\/2021\/08\/FOTO-cursos-adulto-digital-sence-2-1-1-768x516.jpeg 768w, https:\/\/radiorevelacionfm.cl\/wp-content\/uploads\/2021\/08\/FOTO-cursos-adulto-digital-sence-2-1-1-705x474.jpeg 705w, https:\/\/radiorevelacionfm.cl\/wp-content\/uploads\/2021\/08\/FOTO-cursos-adulto-digital-sence-2-1-1-600x403.jpeg 600w\" sizes=\"(max-width: 893px) 100vw, 893px\" \/><\/div><\/div><\/div><\/div><div class=\"flex_column av_one_full  flex_column_div av-zero-column-padding first  avia-builder-el-2  el_after_av_one_full  el_before_av_one_full  column-top-margin\" style='border-radius:0px; '><section class=\"av_textblock_section \"  itemscope=\"itemscope\" itemtype=\"https:\/\/schema.org\/BlogPosting\" itemprop=\"blogPost\" ><div class='avia_textblock  '   itemprop=\"text\" ><p style=\"text-align: center;\"><strong><span style=\"font-size: 18pt;\">Impulsan programa de capacitaci\u00f3n en l\u00ednea para personas mayores \u00abAdulto Digital\u00bb<\/span><\/strong><\/p>\n<div id=\"gtx-trans\" style=\"position: absolute; left: -50px; top: 4.31534px;\">\n<div class=\"gtx-trans-icon\"><\/div>\n<\/div>\n<\/div><\/section><\/div><div class=\"flex_column av_one_full  flex_column_div av-zero-column-padding first  avia-builder-el-4  el_after_av_one_full  el_before_av_hr  column-top-margin\" style='border-radius:0px; '><section class=\"av_textblock_section \"  itemscope=\"itemscope\" itemtype=\"https:\/\/schema.org\/BlogPosting\" itemprop=\"blogPost\" ><div class='avia_textblock  '   itemprop=\"text\" ><p style=\"font-weight: 400; text-align: justify;\">Esta ma\u00f1ana, la primera dama y quien lidera el programa \u201cAdulto Mejor\u201d, Cecilia Morel, junto al ministro del Trabajo y Previsi\u00f3n Social, Patricio Melero, el subsecretario del Trabajo, Fernando Arab, el director nacional del Sence, Ricardo Ruiz de Vi\u00f1aspre, el director nacional de Senama, Octavio Vergara, y la Alcaldesa de Providencia, Evelyn Matthei, participaron del lanzamiento de los cursos de capacitaci\u00f3n en l\u00ednea \u201cAdulto Digital\u201d, orientados a promover la digitalizaci\u00f3n de los adultos mayores de todo el pa\u00eds.<\/p>\n<p style=\"font-weight: 400; text-align: justify;\">La primera dama y quien lidera el programa \u201cAdulto Mejor\u201d, Cecilia Morel, destac\u00f3 que \u201cuna de las premisas de nuestro programa \u201cAdulto Mejor\u201d es que nuestras personas mayores se integren a la sociedad, que hagan redes, que no se a\u00edslen, que est\u00e9n conectadas. Y este programa \u2013Adulto Digital\u2013 busca justamente eso, que no se queden atr\u00e1s y que la tecnolog\u00eda los ayude a mejorar su calidad de vida. Llamamos a los adultos mayores a informarse y atreverse en estos cursos de Sence que son gratuitos y simples; nunca es tarde para aprender. La tecnolog\u00eda nos inserta y nos facilita la vida, no podemos quedarnos atr\u00e1s\u201d.<\/p>\n<p style=\"font-weight: 400; text-align: justify;\">El ministro del Trabajo y Previsi\u00f3n Social, Patricio Melero, explic\u00f3 que, de acuerdo a los an\u00e1lisis de las inscripciones a cursos en l\u00ednea de Sence, hoy la participaci\u00f3n de personas mayores de 60 a\u00f1os representa solamente el 1,19% del total, con 8.754 inscripciones, de las cuales un 63,5% pertenecen a hombres y un 36,5% a mujeres.<\/p>\n<p style=\"font-weight: 400; text-align: justify;\">\u201cNuestro objetivo es incrementar esa cifra llegando a m\u00e1s adultos mayores con estos cursos que son gratuitos e ilimitados y est\u00e1n disponibles para todas las personas mayores de 60 a\u00f1os que cuenten con un computador, tablet o smatrphone, para conectarse y realizar las capacitaciones los d\u00edas y horarios que m\u00e1s les acomode\u201d, resalt\u00f3 el ministro.<\/p>\n<p style=\"font-weight: 400; text-align: justify;\">Por su parte, el subsecretario del Trabajo, Fernando Arab, enfatiz\u00f3 que \u201clas personas mayores est\u00e1n plenamente vigentes en el mundo laboral, pero a veces no cuentan con las competencias digitales y tecnol\u00f3gicas para mantenerse activos, por lo que estos cursos buscan terminar con dicha brecha. Queremos que no exista ninguna excusa para que los adultos mayores puedan sentirse y mantenerse activos si as\u00ed lo desean\u201d.<\/p>\n<p style=\"font-weight: 400; text-align: justify;\">Los cursos son ciberseguridad en entornos de aprendizaje digital: computaci\u00f3n b\u00e1sica; comunicaci\u00f3n en entornos digitales; formulaci\u00f3n y evaluaci\u00f3n de proyectos; ideas para crecer tu negocio; liderazgo, marketing digital y trabajo en equipo. En la selecci\u00f3n se consideraron los cursos con mayor n\u00famero de inscripciones en personas mayores de 60 a\u00f1os, y tambi\u00e9n cursos ligados al desarrollo de habilidades esenciales para desenvolverse en un ambiente digital<\/p>\n<p style=\"font-weight: 400; text-align: justify;\"><strong>Inscripci\u00f3n<\/strong><\/p>\n<p style=\"font-weight: 400; text-align: justify;\">Los cursos ya se encuentran disponibles en la plataforma\u00a0<a href=\"http:\/\/www.sence.cl\/\" data-saferedirecturl=\"https:\/\/www.google.com\/url?q=http:\/\/www.sence.cl&amp;source=gmail&amp;ust=1629929834564000&amp;usg=AFQjCNED1f-iibN5n6LkIp9FbSV6U_ronA\">www.sence.cl<\/a>\u00a0de f\u00e1cil acceso y r\u00e1pida inscripci\u00f3n, donde tambi\u00e9n las personas podr\u00e1n llamar al 800 80 10 30 para resolver sus dudas. \u201cLos adultos mayores solo deben buscar, en\u00a0<a href=\"http:\/\/sence.cl\/\" data-saferedirecturl=\"https:\/\/www.google.com\/url?q=http:\/\/sence.cl&amp;source=gmail&amp;ust=1629929834564000&amp;usg=AFQjCNENEnpuOXwnOjMe5PeyvOBtG7ajxg\">sence.cl<\/a>, los cursos Adulto Digital. Se inscriben y pueden comenzar r\u00e1pidamente los cursos, en el momento y lugar que ellos estimen. La idea, desde Sence, es hacerlos parte de cada uno de nuestros beneficios y cursos\u201d, explic\u00f3 el director nacional del Sence, Ricardo Ruiz de Vi\u00f1aspre.<\/p>\n<p style=\"font-weight: 400; text-align: justify;\">Cabe destacar que el programa \u201cAdulto Digital\u201d de Sence, busca precisamente entregar competencias que ayuden a mejorar la educaci\u00f3n digital de los adultos mayores, a trav\u00e9s de capacitaciones en \u00e1reas como tecnolog\u00eda de la Informaci\u00f3n, emprendimiento, idiomas, deberes, derechos e inclusi\u00f3n, habilidades socioemocionales, entre otras.<\/p>\n<\/div><\/section><\/div><div  style='height:50px' class='hr hr-invisible   avia-builder-el-6  el_after_av_one_full  el_before_av_social_share '><span class='hr-inner ' ><span class='hr-inner-style'><\/span><\/span><\/div><\/p>\n<div  class='av-social-sharing-box  avia-builder-el-7  el_after_av_hr  el_before_av_hr  '><div class='av-share-box'><h5 class='av-share-link-description av-no-toc '>Compartir esta noticia<\/h5><ul class='av-share-box-list noLightbox'><li class='av-share-link av-social-link-facebook' ><a target=\"_blank\" aria-label=\"Compartir en Facebook\" href='https:\/\/www.facebook.com\/sharer.php?u=https:\/\/radiorevelacionfm.cl\/?p=7849&#038;t=Impulsan%20programa%20de%20capacitaci%C3%B3n%20en%20l%C3%ADnea%20para%20personas%20mayores%20%C2%ABAdulto%20Digital%C2%BB' aria-hidden='false' data-av_icon='\ue8f3' data-av_iconfont='entypo-fontello' title='' data-avia-related-tooltip='Compartir en Facebook' rel=\"noopener\"><span class='avia_hidden_link_text'>Compartir en Facebook<\/span><\/a><\/li><li class='av-share-link av-social-link-twitter' ><a target=\"_blank\" aria-label=\"Compartir en Twitter\" href='https:\/\/twitter.com\/share?text=Impulsan%20programa%20de%20capacitaci%C3%B3n%20en%20l%C3%ADnea%20para%20personas%20mayores%20%C2%ABAdulto%20Digital%C2%BB&#038;url=https:\/\/radiorevelacionfm.cl\/?p=7849' aria-hidden='false' data-av_icon='\ue8f1' data-av_iconfont='entypo-fontello' title='' data-avia-related-tooltip='Compartir en Twitter' rel=\"noopener\"><span class='avia_hidden_link_text'>Compartir en Twitter<\/span><\/a><\/li><li class='av-share-link av-social-link-whatsapp' ><a target=\"_blank\" aria-label=\"Compartir en Whatsapp\" href='https:\/\/api.whatsapp.com\/send?text=https:\/\/radiorevelacionfm.cl\/?p=7849' aria-hidden='false' data-av_icon='\uf232' data-av_iconfont='entypo-fontello' title='' data-avia-related-tooltip='Compartir en Whatsapp' rel=\"noopener\"><span class='avia_hidden_link_text'>Compartir en Whatsapp<\/span><\/a><\/li><li class='av-share-link av-social-link-linkedin' ><a target=\"_blank\" aria-label=\"Compartir en LinkedIn\" href='https:\/\/linkedin.com\/shareArticle?mini=true&#038;title=Impulsan%20programa%20de%20capacitaci%C3%B3n%20en%20l%C3%ADnea%20para%20personas%20mayores%20%C2%ABAdulto%20Digital%C2%BB&#038;url=https:\/\/radiorevelacionfm.cl\/?p=7849' aria-hidden='false' data-av_icon='\ue8fc' data-av_iconfont='entypo-fontello' title='' data-avia-related-tooltip='Compartir en LinkedIn' rel=\"noopener\"><span class='avia_hidden_link_text'>Compartir en LinkedIn<\/span><\/a><\/li><li class='av-share-link av-social-link-mail' ><a  aria-label=\"Compartir por correo\" href='mailto:?subject=Impulsan%20programa%20de%20capacitaci%C3%B3n%20en%20l%C3%ADnea%20para%20personas%20mayores%20%C2%ABAdulto%20Digital%C2%BB&#038;body=https:\/\/radiorevelacionfm.cl\/?p=7849' aria-hidden='false' data-av_icon='\ue805' data-av_iconfont='entypo-fontello' title='' data-avia-related-tooltip='Compartir por correo'><span class='avia_hidden_link_text'>Compartir por correo<\/span><\/a><\/li><\/ul><\/div><\/div>\n<div  style='height:50px' class='hr hr-invisible   avia-builder-el-8  el_after_av_social_share  el_before_av_comments_list '><span class='hr-inner ' ><span class='hr-inner-style'><\/span><\/span><\/div>\n<div  class='av-buildercomment  av-blog-meta-html-info-disabled av-blog-meta-tag-disabled  '><\/div>\n","protected":false},"excerpt":{"rendered":"","protected":false},"author":1,"featured_media":7850,"comment_status":"open","ping_status":"open","sticky":false,"template":"","format":"standard","meta":{"footnotes":""},"categories":[61,41],"tags":[],"class_list":["post-7849","post","type-post","status-publish","format-standard","has-post-thumbnail","hentry","category-nacional","category-tecnologia"],"jetpack_featured_media_url":"https:\/\/radiorevelacionfm.cl\/wp-content\/uploads\/2021\/08\/FOTO-cursos-adulto-digital-sence-2-1-1.jpeg","_links":{"self":[{"href":"https:\/\/radiorevelacionfm.cl\/index.php?rest_route=\/wp\/v2\/posts\/7849","targetHints":{"allow":["GET"]}}],"collection":[{"href":"https:\/\/radiorevelacionfm.cl\/index.php?rest_route=\/wp\/v2\/posts"}],"about":[{"href":"https:\/\/radiorevelacionfm.cl\/index.php?rest_route=\/wp\/v2\/types\/post"}],"author":[{"embeddable":true,"href":"https:\/\/radiorevelacionfm.cl\/index.php?rest_route=\/wp\/v2\/users\/1"}],"replies":[{"embeddable":true,"href":"https:\/\/radiorevelacionfm.cl\/index.php?rest_route=%2Fwp%2Fv2%2Fcomments&post=7849"}],"version-history":[{"count":1,"href":"https:\/\/radiorevelacionfm.cl\/index.php?rest_route=\/wp\/v2\/posts\/7849\/revisions"}],"predecessor-version":[{"id":7851,"href":"https:\/\/radiorevelacionfm.cl\/index.php?rest_route=\/wp\/v2\/posts\/7849\/revisions\/7851"}],"wp:featuredmedia":[{"embeddable":true,"href":"https:\/\/radiorevelacionfm.cl\/index.php?rest_route=\/wp\/v2\/media\/7850"}],"wp:attachment":[{"href":"https:\/\/radiorevelacionfm.cl\/index.php?rest_route=%2Fwp%2Fv2%2Fmedia&parent=7849"}],"wp:term":[{"taxonomy":"category","embeddable":true,"href":"https:\/\/radiorevelacionfm.cl\/index.php?rest_route=%2Fwp%2Fv2%2Fcategories&post=7849"},{"taxonomy":"post_tag","embeddable":true,"href":"https:\/\/radiorevelacionfm.cl\/index.php?rest_route=%2Fwp%2Fv2%2Ftags&post=7849"}],"curies":[{"name":"wp","href":"https:\/\/api.w.org\/{rel}","templated":true}]}}