{"id":7846,"date":"2021-08-24T19:32:52","date_gmt":"2021-08-24T22:32:52","guid":{"rendered":"https:\/\/radiorevelacionfm.cl\/?p=7846"},"modified":"2021-08-24T19:32:52","modified_gmt":"2021-08-24T22:32:52","slug":"destacan-importancia-de-oficina-chileatiende-para-apoyar-a-usuarios-en-la-provincia-de-capitan-prat","status":"publish","type":"post","link":"https:\/\/radiorevelacionfm.cl\/?p=7846","title":{"rendered":"Destacan importancia de oficina ChileAtiende para apoyar a usuarios en la Provincia de Capit\u00e1n Prat"},"content":{"rendered":"<div class=\"flex_column av_one_full  flex_column_div av-zero-column-padding first  avia-builder-el-0  el_before_av_one_full  avia-builder-el-first  \" style='border-radius:0px; '><div  class='avia-image-container  av-styling-    avia-builder-el-1  avia-builder-el-no-sibling  avia-align-center '  itemprop=\"image\" itemscope=\"itemscope\" itemtype=\"https:\/\/schema.org\/ImageObject\"  ><div class='avia-image-container-inner'><div class='avia-image-overlay-wrap'><img decoding=\"async\" class='wp-image-7847 avia-img-lazy-loading-not-7847 avia_image' src=\"https:\/\/radiorevelacionfm.cl\/wp-content\/uploads\/2021\/08\/chileatiende_provcapprat-1_optimized.jpg\" alt='' title='chileatiende_provcapprat-(1)_optimized' height=\"600\" width=\"913\"  itemprop=\"thumbnailUrl\" srcset=\"https:\/\/radiorevelacionfm.cl\/wp-content\/uploads\/2021\/08\/chileatiende_provcapprat-1_optimized.jpg 913w, https:\/\/radiorevelacionfm.cl\/wp-content\/uploads\/2021\/08\/chileatiende_provcapprat-1_optimized-300x197.jpg 300w, https:\/\/radiorevelacionfm.cl\/wp-content\/uploads\/2021\/08\/chileatiende_provcapprat-1_optimized-768x505.jpg 768w, https:\/\/radiorevelacionfm.cl\/wp-content\/uploads\/2021\/08\/chileatiende_provcapprat-1_optimized-705x463.jpg 705w, https:\/\/radiorevelacionfm.cl\/wp-content\/uploads\/2021\/08\/chileatiende_provcapprat-1_optimized-600x394.jpg 600w\" sizes=\"(max-width: 913px) 100vw, 913px\" \/><\/div><\/div><\/div><\/div><div class=\"flex_column av_one_full  flex_column_div av-zero-column-padding first  avia-builder-el-2  el_after_av_one_full  el_before_av_one_full  column-top-margin\" style='border-radius:0px; '><section class=\"av_textblock_section \"  itemscope=\"itemscope\" itemtype=\"https:\/\/schema.org\/BlogPosting\" itemprop=\"blogPost\" ><div class='avia_textblock  '   itemprop=\"text\" ><p style=\"text-align: center;\"><strong><span style=\"font-size: 18pt;\">Destacan importancia de oficina ChileAtiende para apoyar a usuarios en la Provincia de Capit\u00e1n Prat<\/span><\/strong><\/p>\n<div id=\"gtx-trans\" style=\"position: absolute; left: -50px; top: 4.31534px;\">\n<div class=\"gtx-trans-icon\"><\/div>\n<\/div>\n<\/div><\/section><\/div><div class=\"flex_column av_one_full  flex_column_div av-zero-column-padding first  avia-builder-el-4  el_after_av_one_full  el_before_av_hr  column-top-margin\" style='border-radius:0px; '><section class=\"av_textblock_section \"  itemscope=\"itemscope\" itemtype=\"https:\/\/schema.org\/BlogPosting\" itemprop=\"blogPost\" ><div class='avia_textblock  '   itemprop=\"text\" ><p style=\"text-align: justify;\">Parte del Instituto de Previsi\u00f3n Social, IPS, ChileAtiende es una red que busca acercar los servicios del Estado a las personas, entregando un conjunto de tr\u00e1mites de diferentes instituciones p\u00fablicas, en un solo lugar. La sucursal de Cochrane, que abarca la atenci\u00f3n a todos los usuarios de la Provincia de Capit\u00e1n Prat, traslad\u00f3 sus dependencias en la ciudad a una oficina m\u00e1s c\u00e9ntrica e informa una nueva jefatura.<\/p>\n<p style=\"text-align: justify;\">El Delegado Presidencial Provincial de Capit\u00e1n Prat, relev\u00f3 estos dos temas, \u00abAgradecidos del trabajo del Instituto de Previsi\u00f3n Social, de su Director Regional y del equipo, liderado por la Seremi del trabajo, Andrea Ponce Olivares, nos va a permitir tener una oficina remozada y renovada del Instituto de Previsi\u00f3n Social, que entrega un sinn\u00famero de prestaciones y que adem\u00e1s de eso hoy d\u00eda tambi\u00e9n ha llegado una funcionaria con mucha vocaci\u00f3n y ganas de aportar al desarrollo de la comunidad de Cochrane. Por tanto, le damos la bienvenida y le decimos a la comunidad que estas nuevas instalaciones est\u00e1n ubicadas cerca de la Fiscal\u00eda, est\u00e1n disponibles todas las prestaciones con el mejor servicio y disposici\u00f3n\u00bb, afirm\u00f3 Gustavo M\u00e1rquez.<\/p>\n<p style=\"text-align: justify;\">\u00abEl Instituto de Previsi\u00f3n Social, buscando mejorar las condiciones con las que da servicio a la ciudadan\u00eda y poder resolver sus consultas, durante el mes de junio cambi\u00f3 sus oficinas de ChileAtiende en la ciudad de Cochrane, a una nueva direcci\u00f3n, a R\u00edo Mait\u00e9n 518, a un costado de la Fiscal\u00eda. Estamos muy contentos que a partir del d\u00eda 16 de agosto tenemos una nueva encargada de la sucursal, la Sra. Wilma Mar\u00edn, una funcionaria que nos acompa\u00f1a desde Temuco, despu\u00e9s de haber ganado un concurso interno, de esta manera desarrollando su carrera y pudiendo entregar una mejor atenci\u00f3n a toda la ciudadan\u00eda\u00bb, inform\u00f3 el Director Regional de IPS ChileAtiende, Carlos Rodr\u00edguez.<\/p>\n<p style=\"text-align: justify;\">Sobre la importancia de ChileAtiende en el territorio, la Seremi del Trabajo y Previsi\u00f3n Social, Andrea Ponce, detall\u00f3, \u00abEn nuestra Regi\u00f3n de Ays\u00e9n, son cinco las sucursales existentes de ChileAtiende: Coyhaique, Puerto Ays\u00e9n, Puerto Cisnes, Chile Chico y Cochrane. ChileAtiende se ha convertido en un espacio fundamental para las localidades m\u00e1s alejadas de nuestra regi\u00f3n, donde la comunidad puede acceder a gran parte de los tr\u00e1mites del Estado, en un solo lugar. En el caso de la oficina de Cochrane, estamos hablando de manera pr\u00e1ctica, que alguien de Tortel que se demora 10 horas en llegar a Coyhaique o m\u00e1s de 12 en el caso de Villa O\u00b4Higgins, pueda acceder en Cochrane a la oficina ChileAtiende para recibir orientaci\u00f3n y realizar muchos tr\u00e1mites, ah\u00ed radica su vital importancia para la comunidad y la vigencia de esta sucursal, limitando los desplazamientos y acercando los servicios del Estado de forma descentralizada. Entre los tr\u00e1mites que se pueden realizar est\u00e1n las pensiones b\u00e1sicas solidarias y aporte previsional, pensiones de invalidez, obtenci\u00f3n de la Clave \u00danica, inscripci\u00f3n para la obtenci\u00f3n del Ingreso Familiar de Emergencia, del Bono Bodas de Oro, entre muchos otros\u00bb.<\/p>\n<p style=\"text-align: justify;\">Finalmente, la nueva jefa de la sucursal, Wilma Mar\u00edn, coment\u00f3 sobre su rol, \u00abMe siento muy contenta de estar en esta nueva oficina, es una oficina muy acogedora, la gente es muy agradable. Espero entregarle a la comunidad la mejor prestaci\u00f3n de los servicios que entrega el Estado. Voy a estar dispuesta a responder cualquier duda o consulta que tengan en cuanto a todos los beneficios que entrega el IPS\u00bb, se\u00f1al\u00f3.<\/p>\n<p style=\"text-align: justify;\">Las autoridades mencionadas, junto a los concejales y los directores regionales del Servicio Nacional de Capacitaci\u00f3n y Empleo, Sence, Katherine Kingma y del Instituto de Seguridad Laboral, ISL, Mario Garay y funcionarios, recorrieron las dependencias, destacando que ChileAtiende posee un compromiso con la integraci\u00f3n de las personas con discapacidad, contando con acceso universal, adem\u00e1s de rinc\u00f3n infantil y espacio de lactancia. Cabe mencionar que en dicha oficina tambi\u00e9n opera el ISL, para los usuarios de la Provincia de Capit\u00e1n Prat.<\/p>\n<p style=\"text-align: justify;\">El horario de atenci\u00f3n es seg\u00fan la fase en que se encuentre la localidad, en el Paso 4 actual, es de lunes a viernes, de 8:30 a 14:00 hrs. Junto a ello, tambi\u00e9n est\u00e1n las plataformas virtuales de atenci\u00f3n a trav\u00e9s de\u00a0<a href=\"http:\/\/www.chileatiende.cl\/\" target=\"_blank\" rel=\"noopener noreferrer\">www.chileatiende.cl<\/a>\u00a0y en el tel\u00e9fono call center 101.<\/p>\n<\/div><\/section><\/div><div  style='height:50px' class='hr hr-invisible   avia-builder-el-6  el_after_av_one_full  el_before_av_social_share '><span class='hr-inner ' ><span class='hr-inner-style'><\/span><\/span><\/div><\/p>\n<div  class='av-social-sharing-box  avia-builder-el-7  el_after_av_hr  el_before_av_hr  '><div class='av-share-box'><h5 class='av-share-link-description av-no-toc '>Compartir esta noticia<\/h5><ul class='av-share-box-list noLightbox'><li class='av-share-link av-social-link-facebook' ><a target=\"_blank\" aria-label=\"Compartir en Facebook\" href='https:\/\/www.facebook.com\/sharer.php?u=https:\/\/radiorevelacionfm.cl\/?p=7846&#038;t=Destacan%20importancia%20de%20oficina%20ChileAtiende%20para%20apoyar%20a%20usuarios%20en%20la%20Provincia%20de%20Capit%C3%A1n%20Prat' aria-hidden='false' data-av_icon='\ue8f3' data-av_iconfont='entypo-fontello' title='' data-avia-related-tooltip='Compartir en Facebook' rel=\"noopener\"><span class='avia_hidden_link_text'>Compartir en Facebook<\/span><\/a><\/li><li class='av-share-link av-social-link-twitter' ><a target=\"_blank\" aria-label=\"Compartir en Twitter\" href='https:\/\/twitter.com\/share?text=Destacan%20importancia%20de%20oficina%20ChileAtiende%20para%20apoyar%20a%20usuarios%20en%20la%20Provincia%20de%20Capit%C3%A1n%20Prat&#038;url=https:\/\/radiorevelacionfm.cl\/?p=7846' aria-hidden='false' data-av_icon='\ue8f1' data-av_iconfont='entypo-fontello' title='' data-avia-related-tooltip='Compartir en Twitter' rel=\"noopener\"><span class='avia_hidden_link_text'>Compartir en Twitter<\/span><\/a><\/li><li class='av-share-link av-social-link-whatsapp' ><a target=\"_blank\" aria-label=\"Compartir en Whatsapp\" href='https:\/\/api.whatsapp.com\/send?text=https:\/\/radiorevelacionfm.cl\/?p=7846' aria-hidden='false' data-av_icon='\uf232' data-av_iconfont='entypo-fontello' title='' data-avia-related-tooltip='Compartir en Whatsapp' rel=\"noopener\"><span class='avia_hidden_link_text'>Compartir en Whatsapp<\/span><\/a><\/li><li class='av-share-link av-social-link-linkedin' ><a target=\"_blank\" aria-label=\"Compartir en LinkedIn\" href='https:\/\/linkedin.com\/shareArticle?mini=true&#038;title=Destacan%20importancia%20de%20oficina%20ChileAtiende%20para%20apoyar%20a%20usuarios%20en%20la%20Provincia%20de%20Capit%C3%A1n%20Prat&#038;url=https:\/\/radiorevelacionfm.cl\/?p=7846' aria-hidden='false' data-av_icon='\ue8fc' data-av_iconfont='entypo-fontello' title='' data-avia-related-tooltip='Compartir en LinkedIn' rel=\"noopener\"><span class='avia_hidden_link_text'>Compartir en LinkedIn<\/span><\/a><\/li><li class='av-share-link av-social-link-mail' ><a  aria-label=\"Compartir por correo\" href='mailto:?subject=Destacan%20importancia%20de%20oficina%20ChileAtiende%20para%20apoyar%20a%20usuarios%20en%20la%20Provincia%20de%20Capit%C3%A1n%20Prat&#038;body=https:\/\/radiorevelacionfm.cl\/?p=7846' aria-hidden='false' data-av_icon='\ue805' data-av_iconfont='entypo-fontello' title='' data-avia-related-tooltip='Compartir por correo'><span class='avia_hidden_link_text'>Compartir por correo<\/span><\/a><\/li><\/ul><\/div><\/div>\n<div  style='height:50px' class='hr hr-invisible   avia-builder-el-8  el_after_av_social_share  el_before_av_comments_list '><span class='hr-inner ' ><span class='hr-inner-style'><\/span><\/span><\/div>\n<div  class='av-buildercomment  av-blog-meta-html-info-disabled av-blog-meta-tag-disabled  '><\/div>\n","protected":false},"excerpt":{"rendered":"","protected":false},"author":1,"featured_media":7847,"comment_status":"open","ping_status":"open","sticky":false,"template":"","format":"standard","meta":{"footnotes":""},"categories":[56],"tags":[],"class_list":["post-7846","post","type-post","status-publish","format-standard","has-post-thumbnail","hentry","category-trabajo"],"jetpack_featured_media_url":"https:\/\/radiorevelacionfm.cl\/wp-content\/uploads\/2021\/08\/chileatiende_provcapprat-1_optimized.jpg","_links":{"self":[{"href":"https:\/\/radiorevelacionfm.cl\/index.php?rest_route=\/wp\/v2\/posts\/7846","targetHints":{"allow":["GET"]}}],"collection":[{"href":"https:\/\/radiorevelacionfm.cl\/index.php?rest_route=\/wp\/v2\/posts"}],"about":[{"href":"https:\/\/radiorevelacionfm.cl\/index.php?rest_route=\/wp\/v2\/types\/post"}],"author":[{"embeddable":true,"href":"https:\/\/radiorevelacionfm.cl\/index.php?rest_route=\/wp\/v2\/users\/1"}],"replies":[{"embeddable":true,"href":"https:\/\/radiorevelacionfm.cl\/index.php?rest_route=%2Fwp%2Fv2%2Fcomments&post=7846"}],"version-history":[{"count":1,"href":"https:\/\/radiorevelacionfm.cl\/index.php?rest_route=\/wp\/v2\/posts\/7846\/revisions"}],"predecessor-version":[{"id":7848,"href":"https:\/\/radiorevelacionfm.cl\/index.php?rest_route=\/wp\/v2\/posts\/7846\/revisions\/7848"}],"wp:featuredmedia":[{"embeddable":true,"href":"https:\/\/radiorevelacionfm.cl\/index.php?rest_route=\/wp\/v2\/media\/7847"}],"wp:attachment":[{"href":"https:\/\/radiorevelacionfm.cl\/index.php?rest_route=%2Fwp%2Fv2%2Fmedia&parent=7846"}],"wp:term":[{"taxonomy":"category","embeddable":true,"href":"https:\/\/radiorevelacionfm.cl\/index.php?rest_route=%2Fwp%2Fv2%2Fcategories&post=7846"},{"taxonomy":"post_tag","embeddable":true,"href":"https:\/\/radiorevelacionfm.cl\/index.php?rest_route=%2Fwp%2Fv2%2Ftags&post=7846"}],"curies":[{"name":"wp","href":"https:\/\/api.w.org\/{rel}","templated":true}]}}