{"id":7843,"date":"2021-08-24T17:50:59","date_gmt":"2021-08-24T20:50:59","guid":{"rendered":"https:\/\/radiorevelacionfm.cl\/?p=7843"},"modified":"2021-08-24T17:50:59","modified_gmt":"2021-08-24T20:50:59","slug":"fiscalia-de-cochrane-logra-condena-para-abogado-por-abuso-sexual-contra-nina-de-14-anos","status":"publish","type":"post","link":"https:\/\/radiorevelacionfm.cl\/?p=7843","title":{"rendered":"Fiscal\u00eda de Cochrane logra condena para abogado por abuso sexual contra ni\u00f1a de 14 a\u00f1os"},"content":{"rendered":"<div class=\"flex_column av_one_full  flex_column_div av-zero-column-padding first  avia-builder-el-0  el_before_av_one_full  avia-builder-el-first  \" style='border-radius:0px; '><div  class='avia-image-container  av-styling-    avia-builder-el-1  avia-builder-el-no-sibling  avia-align-center '  itemprop=\"image\" itemscope=\"itemscope\" itemtype=\"https:\/\/schema.org\/ImageObject\"  ><div class='avia-image-container-inner'><div class='avia-image-overlay-wrap'><img decoding=\"async\" class='wp-image-7844 avia-img-lazy-loading-not-7844 avia_image' src=\"https:\/\/radiorevelacionfm.cl\/wp-content\/uploads\/2021\/08\/Fiscalia-Cochrane-2-1-1.jpg\" alt='' title='Fiscalia Cochrane (2) (1) (1)' height=\"600\" width=\"900\"  itemprop=\"thumbnailUrl\" srcset=\"https:\/\/radiorevelacionfm.cl\/wp-content\/uploads\/2021\/08\/Fiscalia-Cochrane-2-1-1.jpg 900w, https:\/\/radiorevelacionfm.cl\/wp-content\/uploads\/2021\/08\/Fiscalia-Cochrane-2-1-1-300x200.jpg 300w, https:\/\/radiorevelacionfm.cl\/wp-content\/uploads\/2021\/08\/Fiscalia-Cochrane-2-1-1-768x512.jpg 768w, https:\/\/radiorevelacionfm.cl\/wp-content\/uploads\/2021\/08\/Fiscalia-Cochrane-2-1-1-705x470.jpg 705w, https:\/\/radiorevelacionfm.cl\/wp-content\/uploads\/2021\/08\/Fiscalia-Cochrane-2-1-1-600x400.jpg 600w\" sizes=\"(max-width: 900px) 100vw, 900px\" \/><\/div><\/div><\/div><\/div><div class=\"flex_column av_one_full  flex_column_div av-zero-column-padding first  avia-builder-el-2  el_after_av_one_full  el_before_av_one_full  column-top-margin\" style='border-radius:0px; '><section class=\"av_textblock_section \"  itemscope=\"itemscope\" itemtype=\"https:\/\/schema.org\/BlogPosting\" itemprop=\"blogPost\" ><div class='avia_textblock  '   itemprop=\"text\" ><p style=\"text-align: center;\"><strong><span style=\"font-size: 18pt;\">Fiscal\u00eda de Cochrane logra condena para abogado por abuso sexual contra ni\u00f1a de 14 a\u00f1os<\/span><\/strong><\/p>\n<div id=\"gtx-trans\" style=\"position: absolute; left: -50px; top: 4.31534px;\">\n<div class=\"gtx-trans-icon\"><\/div>\n<\/div>\n<\/div><\/section><\/div><div class=\"flex_column av_one_full  flex_column_div av-zero-column-padding first  avia-builder-el-4  el_after_av_one_full  el_before_av_hr  column-top-margin\" style='border-radius:0px; '><section class=\"av_textblock_section \"  itemscope=\"itemscope\" itemtype=\"https:\/\/schema.org\/BlogPosting\" itemprop=\"blogPost\" ><div class='avia_textblock  '   itemprop=\"text\" ><p style=\"text-align: justify;\">Tras una investigaci\u00f3n dirigida por la Fiscal\u00eda Local de Cochrane, con diligencias solicitadas a Carabineros de Caleta Tortel, Brigada de Delitos Sexuales y Lacrim de la PDI sumado a peritajes del Servicio M\u00e9dico Legal y DAM, fue condenado un abogado de la Regi\u00f3n Metropolitana de 49 a\u00f1os como autor del delito de abuso sexual en contra de una ni\u00f1a de 14 a\u00f1os, hechos ocurridos en enero del a\u00f1o 2019.<\/p>\n<p style=\"text-align: justify;\">Tras escuchar y ponderar las pruebas expuestas por la fiscal Lorena Barudi Labr\u00edn, el Tribunal de Juicio Oral en Lo Penal de Coyhaique dict\u00f3 veredicto condenatorio en contra del imputado y este mi\u00e9rcoles a las 15.30 horas dar\u00e1 lectura a la sentencia donde se conocer\u00e1n los a\u00f1os de la pena.<\/p>\n<p style=\"text-align: justify;\">De acuerdo a la acusaci\u00f3n presentada por la Fiscal\u00eda, el 16 de enero del a\u00f1o 2019, en horas de la tarde, el imputado -quien estaba de vacaciones en la zona- profiri\u00f3 diversos comentarios obscenos y acos\u00f3 verbal y f\u00edsicamente a la joven en un local de venta de comida, haciendo adem\u00e1s ostentaci\u00f3n de su profesi\u00f3n y situaci\u00f3n econ\u00f3mica. De acuerdo al testimonio de la v\u00edctima, incluso le dijo \u201cmira, olfatea la plata\u201d, pasando el dinero por su cara.<\/p>\n<p style=\"text-align: justify;\">Posteriormente en las pasarelas de Tortel, tras quitarle el celular e introducir un fajo de dinero en en uno de sus bolsillos, realiz\u00f3 actos de relevancia y significaci\u00f3n sexual en contra de la ni\u00f1a. Luego de la agresi\u00f3n, mientras la v\u00edctima ped\u00eda ayuda a viva voz, fue escuchada por vecinos del sector que la auxiliaron y llamaron a Carabineros de Caleta Tortel.<\/p>\n<p style=\"text-align: justify;\">Debido a este hecho traum\u00e1tico, la menor ha debido ser sometida a tratamiento psicol\u00f3gico y psiqui\u00e1trico para apoyar su recuperaci\u00f3n tras el grave da\u00f1o emocional sufrido. En este caso, tambi\u00e9n la Unidad de V\u00edctimas y Testigos de la Fiscal\u00eda Regional de Ays\u00e9n prest\u00f3 colaboraci\u00f3n y orientaci\u00f3n a la v\u00edctima.<\/p>\n<p style=\"text-align: justify;\">En el juicio, la Fiscal\u00eda Lorena Barudi present\u00f3 diversos testigos, informes psicol\u00f3gicos, planim\u00e9tricos, fotogr\u00e1ficos y declaraciones de peritos, adem\u00e1s de documentos y otros medios de prueba. La v\u00edctima tambi\u00e9n declar\u00f3 durante el juicio oral, detallando lo ocurrido.<\/p>\n<p style=\"text-align: justify;\">Como querellante en esta causa, concurri\u00f3 al juicio el abogado Jaime Dagnino Mart\u00ednez, del Centro de Atenci\u00f3n a V\u00edctimas de Delitos Violentos de la Corporaci\u00f3n de Asistencia Judicial.<\/p>\n<\/div><\/section><\/div><div  style='height:50px' class='hr hr-invisible   avia-builder-el-6  el_after_av_one_full  el_before_av_social_share '><span class='hr-inner ' ><span class='hr-inner-style'><\/span><\/span><\/div><\/p>\n<div  class='av-social-sharing-box  avia-builder-el-7  el_after_av_hr  el_before_av_hr  '><div class='av-share-box'><h5 class='av-share-link-description av-no-toc '>Compartir esta noticia<\/h5><ul class='av-share-box-list noLightbox'><li class='av-share-link av-social-link-facebook' ><a target=\"_blank\" aria-label=\"Compartir en Facebook\" href='https:\/\/www.facebook.com\/sharer.php?u=https:\/\/radiorevelacionfm.cl\/?p=7843&#038;t=Fiscal%C3%ADa%20de%20Cochrane%20logra%20condena%20para%20abogado%20por%20abuso%20sexual%20contra%20ni%C3%B1a%20de%2014%20a%C3%B1os' aria-hidden='false' data-av_icon='\ue8f3' data-av_iconfont='entypo-fontello' title='' data-avia-related-tooltip='Compartir en Facebook' rel=\"noopener\"><span class='avia_hidden_link_text'>Compartir en Facebook<\/span><\/a><\/li><li class='av-share-link av-social-link-twitter' ><a target=\"_blank\" aria-label=\"Compartir en Twitter\" href='https:\/\/twitter.com\/share?text=Fiscal%C3%ADa%20de%20Cochrane%20logra%20condena%20para%20abogado%20por%20abuso%20sexual%20contra%20ni%C3%B1a%20de%2014%20a%C3%B1os&#038;url=https:\/\/radiorevelacionfm.cl\/?p=7843' aria-hidden='false' data-av_icon='\ue8f1' data-av_iconfont='entypo-fontello' title='' data-avia-related-tooltip='Compartir en Twitter' rel=\"noopener\"><span class='avia_hidden_link_text'>Compartir en Twitter<\/span><\/a><\/li><li class='av-share-link av-social-link-whatsapp' ><a target=\"_blank\" aria-label=\"Compartir en Whatsapp\" href='https:\/\/api.whatsapp.com\/send?text=https:\/\/radiorevelacionfm.cl\/?p=7843' aria-hidden='false' data-av_icon='\uf232' data-av_iconfont='entypo-fontello' title='' data-avia-related-tooltip='Compartir en Whatsapp' rel=\"noopener\"><span class='avia_hidden_link_text'>Compartir en Whatsapp<\/span><\/a><\/li><li class='av-share-link av-social-link-linkedin' ><a target=\"_blank\" aria-label=\"Compartir en LinkedIn\" href='https:\/\/linkedin.com\/shareArticle?mini=true&#038;title=Fiscal%C3%ADa%20de%20Cochrane%20logra%20condena%20para%20abogado%20por%20abuso%20sexual%20contra%20ni%C3%B1a%20de%2014%20a%C3%B1os&#038;url=https:\/\/radiorevelacionfm.cl\/?p=7843' aria-hidden='false' data-av_icon='\ue8fc' data-av_iconfont='entypo-fontello' title='' data-avia-related-tooltip='Compartir en LinkedIn' rel=\"noopener\"><span class='avia_hidden_link_text'>Compartir en LinkedIn<\/span><\/a><\/li><li class='av-share-link av-social-link-mail' ><a  aria-label=\"Compartir por correo\" href='mailto:?subject=Fiscal%C3%ADa%20de%20Cochrane%20logra%20condena%20para%20abogado%20por%20abuso%20sexual%20contra%20ni%C3%B1a%20de%2014%20a%C3%B1os&#038;body=https:\/\/radiorevelacionfm.cl\/?p=7843' aria-hidden='false' data-av_icon='\ue805' data-av_iconfont='entypo-fontello' title='' data-avia-related-tooltip='Compartir por correo'><span class='avia_hidden_link_text'>Compartir por correo<\/span><\/a><\/li><\/ul><\/div><\/div>\n<div  style='height:50px' class='hr hr-invisible   avia-builder-el-8  el_after_av_social_share  el_before_av_comments_list '><span class='hr-inner ' ><span class='hr-inner-style'><\/span><\/span><\/div>\n<div  class='av-buildercomment  av-blog-meta-html-info-disabled av-blog-meta-tag-disabled  '><\/div>\n","protected":false},"excerpt":{"rendered":"","protected":false},"author":1,"featured_media":7844,"comment_status":"open","ping_status":"open","sticky":false,"template":"","format":"standard","meta":{"footnotes":""},"categories":[55],"tags":[],"class_list":["post-7843","post","type-post","status-publish","format-standard","has-post-thumbnail","hentry","category-justicia"],"jetpack_featured_media_url":"https:\/\/radiorevelacionfm.cl\/wp-content\/uploads\/2021\/08\/Fiscalia-Cochrane-2-1-1.jpg","_links":{"self":[{"href":"https:\/\/radiorevelacionfm.cl\/index.php?rest_route=\/wp\/v2\/posts\/7843","targetHints":{"allow":["GET"]}}],"collection":[{"href":"https:\/\/radiorevelacionfm.cl\/index.php?rest_route=\/wp\/v2\/posts"}],"about":[{"href":"https:\/\/radiorevelacionfm.cl\/index.php?rest_route=\/wp\/v2\/types\/post"}],"author":[{"embeddable":true,"href":"https:\/\/radiorevelacionfm.cl\/index.php?rest_route=\/wp\/v2\/users\/1"}],"replies":[{"embeddable":true,"href":"https:\/\/radiorevelacionfm.cl\/index.php?rest_route=%2Fwp%2Fv2%2Fcomments&post=7843"}],"version-history":[{"count":1,"href":"https:\/\/radiorevelacionfm.cl\/index.php?rest_route=\/wp\/v2\/posts\/7843\/revisions"}],"predecessor-version":[{"id":7845,"href":"https:\/\/radiorevelacionfm.cl\/index.php?rest_route=\/wp\/v2\/posts\/7843\/revisions\/7845"}],"wp:featuredmedia":[{"embeddable":true,"href":"https:\/\/radiorevelacionfm.cl\/index.php?rest_route=\/wp\/v2\/media\/7844"}],"wp:attachment":[{"href":"https:\/\/radiorevelacionfm.cl\/index.php?rest_route=%2Fwp%2Fv2%2Fmedia&parent=7843"}],"wp:term":[{"taxonomy":"category","embeddable":true,"href":"https:\/\/radiorevelacionfm.cl\/index.php?rest_route=%2Fwp%2Fv2%2Fcategories&post=7843"},{"taxonomy":"post_tag","embeddable":true,"href":"https:\/\/radiorevelacionfm.cl\/index.php?rest_route=%2Fwp%2Fv2%2Ftags&post=7843"}],"curies":[{"name":"wp","href":"https:\/\/api.w.org\/{rel}","templated":true}]}}