{"id":7841,"date":"2021-08-24T16:05:35","date_gmt":"2021-08-24T19:05:35","guid":{"rendered":"https:\/\/radiorevelacionfm.cl\/?p=7841"},"modified":"2021-08-24T16:05:35","modified_gmt":"2021-08-24T19:05:35","slug":"corte-rechazo-recurso-de-proteccion-presentado-por-ex-trabajadora-y-diputado-alinco-en-contra-de-la-municipalidad-de-chile-chico","status":"publish","type":"post","link":"https:\/\/radiorevelacionfm.cl\/?p=7841","title":{"rendered":"Corte rechaz\u00f3 recurso de protecci\u00f3n presentado por ex trabajadora y diputado Alinco en contra de la Municipalidad de Chile Chico"},"content":{"rendered":"<div class=\"flex_column av_one_full  flex_column_div av-zero-column-padding first  avia-builder-el-0  el_before_av_one_full  avia-builder-el-first  \" style='border-radius:0px; '><div  class='avia-image-container  av-styling-    avia-builder-el-1  avia-builder-el-no-sibling  avia-align-center '  itemprop=\"image\" itemscope=\"itemscope\" itemtype=\"https:\/\/schema.org\/ImageObject\"  ><div class='avia-image-container-inner'><div class='avia-image-overlay-wrap'><img decoding=\"async\" class='wp-image-6539 avia-img-lazy-loading-not-6539 avia_image' src=\"https:\/\/radiorevelacionfm.cl\/wp-content\/uploads\/2021\/07\/municipalidad_de_chile_chico-1_optimized.jpg\" alt='' title='municipalidad_de_chile_chico-(1)_optimized' height=\"600\" width=\"1141\"  itemprop=\"thumbnailUrl\" srcset=\"https:\/\/radiorevelacionfm.cl\/wp-content\/uploads\/2021\/07\/municipalidad_de_chile_chico-1_optimized.jpg 1141w, https:\/\/radiorevelacionfm.cl\/wp-content\/uploads\/2021\/07\/municipalidad_de_chile_chico-1_optimized-300x158.jpg 300w, https:\/\/radiorevelacionfm.cl\/wp-content\/uploads\/2021\/07\/municipalidad_de_chile_chico-1_optimized-1030x542.jpg 1030w, https:\/\/radiorevelacionfm.cl\/wp-content\/uploads\/2021\/07\/municipalidad_de_chile_chico-1_optimized-768x404.jpg 768w, https:\/\/radiorevelacionfm.cl\/wp-content\/uploads\/2021\/07\/municipalidad_de_chile_chico-1_optimized-705x371.jpg 705w, https:\/\/radiorevelacionfm.cl\/wp-content\/uploads\/2021\/07\/municipalidad_de_chile_chico-1_optimized-600x316.jpg 600w\" sizes=\"(max-width: 1141px) 100vw, 1141px\" \/><\/div><\/div><\/div><\/div><div class=\"flex_column av_one_full  flex_column_div av-zero-column-padding first  avia-builder-el-2  el_after_av_one_full  el_before_av_one_full  column-top-margin\" style='border-radius:0px; '><section class=\"av_textblock_section \"  itemscope=\"itemscope\" itemtype=\"https:\/\/schema.org\/BlogPosting\" itemprop=\"blogPost\" ><div class='avia_textblock  '   itemprop=\"text\" ><p style=\"text-align: center;\"><strong><span style=\"font-size: 18pt;\">Corte rechaz\u00f3 recurso de protecci\u00f3n presentado por ex trabajadora y diputado Alinco en contra de la Municipalidad de Chile Chico<\/span><\/strong><\/p>\n<div id=\"gtx-trans\" style=\"position: absolute; left: -50px; top: 4.31534px;\">\n<div class=\"gtx-trans-icon\"><\/div>\n<\/div>\n<\/div><\/section><\/div><div class=\"flex_column av_one_full  flex_column_div av-zero-column-padding first  avia-builder-el-4  el_after_av_one_full  el_before_av_hr  column-top-margin\" style='border-radius:0px; '><section class=\"av_textblock_section \"  itemscope=\"itemscope\" itemtype=\"https:\/\/schema.org\/BlogPosting\" itemprop=\"blogPost\" ><div class='avia_textblock  '   itemprop=\"text\" ><p style=\"text-align: justify;\">La Primera Sala de la Corte de Apelaciones de Coyhaique rechaz\u00f3 en forma un\u00e1nime el recurso de protecci\u00f3n interpuesto por Ver\u00f3nica Pinto y el diputado Ren\u00e9 Alinco, en contra de la Municipalidad de Chile Chico, a ra\u00edz de la desvinculaci\u00f3n de la primera el pasado 01 de julio, debido a la compleja situaci\u00f3n financiera que presenta el municipio, generada por la anterior administraci\u00f3n.<\/p>\n<p style=\"text-align: justify;\">El fallo del tribunal se sustenta en que el v\u00ednculo entre las partes no afect\u00f3 los derechos constitucionales reclamados, porque era un contrato del cual no se derivan relaciones de dependencia ni de subordinaci\u00f3n, y por no ser un contrato de trabajo, como afirmaba la recurrente. Por el contrario, de acuerdo a los hechos asentados y a las disposiciones legales, la Corte afirm\u00f3 que se est\u00e1 en presencia un contrato civil, a honorarios, celebrado entre las partes, por tanto dicho v\u00ednculo se rige por las estipulaciones que ambas partes consensuaron.<\/p>\n<p style=\"text-align: justify;\">En consecuencia, se\u00f1ala el fallo, no se advierte el actuar ilegal o arbitrario de la parte recurrida que se ha reclamado por la presente acci\u00f3n cautelar, esto es, la decisi\u00f3n de poner t\u00e9rmino a la relaci\u00f3n laboral con do\u00f1a Ver\u00f3nica Pinto, con fundamentos caprichosos o ilegales, toda vez que, en principio, de acuerdo a la ley de contrato de prestaci\u00f3n de servicios a honorarios celebrado entre las partes, se encuentran la cl\u00e1usula que establece la facultad de la Municipalidad de desahuciar el contrato sin previo aviso de anticipaci\u00f3n y sin expresi\u00f3n de causa, agregando, que igualmente, podr\u00e1 el prestador ejercer unilateralmente este derecho, acept\u00e1ndolo, en este caso, expresamente el prestador de servicios y renunciando desde ya, al ejercicio de cualquier acci\u00f3n destinada a revertir esta situaci\u00f3n, de modo que no se requiere mayor fundamentaci\u00f3n para concluir tal v\u00ednculo, lo que es materia de un procedimiento de lato conocimiento.<\/p>\n<p style=\"text-align: justify;\">De esta forma, concluy\u00f3 la Corte, \u201cno habi\u00e9ndose justificado el acto arbitrario o ilegal que motiva la presente acci\u00f3n, de deber\u00e1 rechazar el recurso de protecci\u00f3n que se conoce (\u2026) sin que se advierta una vulneraci\u00f3n del art\u00edculo 19 de la Constituci\u00f3n Pol\u00edtica en sus n\u00fameros 2, 3, 9 y 16, cuyo an\u00e1lisis pormenorizado resulta inoficioso al faltar un requisito previo de procedencia de la acci\u00f3n, como lo es la ilegalidad y\/o arbitrariedad del acto denunciado\u201d.<\/p>\n<\/div><\/section><\/div><div  style='height:50px' class='hr hr-invisible   avia-builder-el-6  el_after_av_one_full  el_before_av_social_share '><span class='hr-inner ' ><span class='hr-inner-style'><\/span><\/span><\/div><\/p>\n<div  class='av-social-sharing-box  avia-builder-el-7  el_after_av_hr  el_before_av_hr  '><div class='av-share-box'><h5 class='av-share-link-description av-no-toc '>Compartir esta noticia<\/h5><ul class='av-share-box-list noLightbox'><li class='av-share-link av-social-link-facebook' ><a target=\"_blank\" aria-label=\"Compartir en Facebook\" href='https:\/\/www.facebook.com\/sharer.php?u=https:\/\/radiorevelacionfm.cl\/?p=7841&#038;t=Corte%20rechaz%C3%B3%20recurso%20de%20protecci%C3%B3n%20presentado%20por%20ex%20trabajadora%20y%20diputado%20Alinco%20en%20contra%20de%20la%20Municipalidad%20de%20Chile%20Chico' aria-hidden='false' data-av_icon='\ue8f3' data-av_iconfont='entypo-fontello' title='' data-avia-related-tooltip='Compartir en Facebook' rel=\"noopener\"><span class='avia_hidden_link_text'>Compartir en Facebook<\/span><\/a><\/li><li class='av-share-link av-social-link-twitter' ><a target=\"_blank\" aria-label=\"Compartir en Twitter\" href='https:\/\/twitter.com\/share?text=Corte%20rechaz%C3%B3%20recurso%20de%20protecci%C3%B3n%20presentado%20por%20ex%20trabajadora%20y%20diputado%20Alinco%20en%20contra%20de%20la%20Municipalidad%20de%20Chile%20Chico&#038;url=https:\/\/radiorevelacionfm.cl\/?p=7841' aria-hidden='false' data-av_icon='\ue8f1' data-av_iconfont='entypo-fontello' title='' data-avia-related-tooltip='Compartir en Twitter' rel=\"noopener\"><span class='avia_hidden_link_text'>Compartir en Twitter<\/span><\/a><\/li><li class='av-share-link av-social-link-whatsapp' ><a target=\"_blank\" aria-label=\"Compartir en Whatsapp\" href='https:\/\/api.whatsapp.com\/send?text=https:\/\/radiorevelacionfm.cl\/?p=7841' aria-hidden='false' data-av_icon='\uf232' data-av_iconfont='entypo-fontello' title='' data-avia-related-tooltip='Compartir en Whatsapp' rel=\"noopener\"><span class='avia_hidden_link_text'>Compartir en Whatsapp<\/span><\/a><\/li><li class='av-share-link av-social-link-linkedin' ><a target=\"_blank\" aria-label=\"Compartir en LinkedIn\" href='https:\/\/linkedin.com\/shareArticle?mini=true&#038;title=Corte%20rechaz%C3%B3%20recurso%20de%20protecci%C3%B3n%20presentado%20por%20ex%20trabajadora%20y%20diputado%20Alinco%20en%20contra%20de%20la%20Municipalidad%20de%20Chile%20Chico&#038;url=https:\/\/radiorevelacionfm.cl\/?p=7841' aria-hidden='false' data-av_icon='\ue8fc' data-av_iconfont='entypo-fontello' title='' data-avia-related-tooltip='Compartir en LinkedIn' rel=\"noopener\"><span class='avia_hidden_link_text'>Compartir en LinkedIn<\/span><\/a><\/li><li class='av-share-link av-social-link-mail' ><a  aria-label=\"Compartir por correo\" href='mailto:?subject=Corte%20rechaz%C3%B3%20recurso%20de%20protecci%C3%B3n%20presentado%20por%20ex%20trabajadora%20y%20diputado%20Alinco%20en%20contra%20de%20la%20Municipalidad%20de%20Chile%20Chico&#038;body=https:\/\/radiorevelacionfm.cl\/?p=7841' aria-hidden='false' data-av_icon='\ue805' data-av_iconfont='entypo-fontello' title='' data-avia-related-tooltip='Compartir por correo'><span class='avia_hidden_link_text'>Compartir por correo<\/span><\/a><\/li><\/ul><\/div><\/div>\n<div  style='height:50px' class='hr hr-invisible   avia-builder-el-8  el_after_av_social_share  el_before_av_comments_list '><span class='hr-inner ' ><span class='hr-inner-style'><\/span><\/span><\/div>\n<div  class='av-buildercomment  av-blog-meta-html-info-disabled av-blog-meta-tag-disabled  '><\/div>\n","protected":false},"excerpt":{"rendered":"","protected":false},"author":1,"featured_media":6539,"comment_status":"open","ping_status":"open","sticky":false,"template":"","format":"standard","meta":{"footnotes":""},"categories":[38],"tags":[],"class_list":["post-7841","post","type-post","status-publish","format-standard","has-post-thumbnail","hentry","category-regional"],"jetpack_featured_media_url":"https:\/\/radiorevelacionfm.cl\/wp-content\/uploads\/2021\/07\/municipalidad_de_chile_chico-1_optimized.jpg","_links":{"self":[{"href":"https:\/\/radiorevelacionfm.cl\/index.php?rest_route=\/wp\/v2\/posts\/7841","targetHints":{"allow":["GET"]}}],"collection":[{"href":"https:\/\/radiorevelacionfm.cl\/index.php?rest_route=\/wp\/v2\/posts"}],"about":[{"href":"https:\/\/radiorevelacionfm.cl\/index.php?rest_route=\/wp\/v2\/types\/post"}],"author":[{"embeddable":true,"href":"https:\/\/radiorevelacionfm.cl\/index.php?rest_route=\/wp\/v2\/users\/1"}],"replies":[{"embeddable":true,"href":"https:\/\/radiorevelacionfm.cl\/index.php?rest_route=%2Fwp%2Fv2%2Fcomments&post=7841"}],"version-history":[{"count":1,"href":"https:\/\/radiorevelacionfm.cl\/index.php?rest_route=\/wp\/v2\/posts\/7841\/revisions"}],"predecessor-version":[{"id":7842,"href":"https:\/\/radiorevelacionfm.cl\/index.php?rest_route=\/wp\/v2\/posts\/7841\/revisions\/7842"}],"wp:featuredmedia":[{"embeddable":true,"href":"https:\/\/radiorevelacionfm.cl\/index.php?rest_route=\/wp\/v2\/media\/6539"}],"wp:attachment":[{"href":"https:\/\/radiorevelacionfm.cl\/index.php?rest_route=%2Fwp%2Fv2%2Fmedia&parent=7841"}],"wp:term":[{"taxonomy":"category","embeddable":true,"href":"https:\/\/radiorevelacionfm.cl\/index.php?rest_route=%2Fwp%2Fv2%2Fcategories&post=7841"},{"taxonomy":"post_tag","embeddable":true,"href":"https:\/\/radiorevelacionfm.cl\/index.php?rest_route=%2Fwp%2Fv2%2Ftags&post=7841"}],"curies":[{"name":"wp","href":"https:\/\/api.w.org\/{rel}","templated":true}]}}