{"id":7835,"date":"2021-08-24T13:13:27","date_gmt":"2021-08-24T16:13:27","guid":{"rendered":"https:\/\/radiorevelacionfm.cl\/?p=7835"},"modified":"2021-08-24T13:13:27","modified_gmt":"2021-08-24T16:13:27","slug":"emprendedoras-es-de-cochrane-buscan-potenciar-sus-negocios-con-apoyo-del-fosis","status":"publish","type":"post","link":"https:\/\/radiorevelacionfm.cl\/?p=7835","title":{"rendered":"Emprendedoras\/es de Cochrane buscan potenciar sus negocios con apoyo del FOSIS"},"content":{"rendered":"<div class=\"flex_column av_one_full  flex_column_div av-zero-column-padding first  avia-builder-el-0  el_before_av_one_full  avia-builder-el-first  \" style='border-radius:0px; '><div  class='avia-image-container  av-styling-    avia-builder-el-1  avia-builder-el-no-sibling  avia-align-center '  itemprop=\"image\" itemscope=\"itemscope\" itemtype=\"https:\/\/schema.org\/ImageObject\"  ><div class='avia-image-container-inner'><div class='avia-image-overlay-wrap'><img decoding=\"async\" class='wp-image-7836 avia-img-lazy-loading-not-7836 avia_image' src=\"https:\/\/radiorevelacionfm.cl\/wp-content\/uploads\/2021\/08\/yeb-cochrane-1_optimized.jpg\" alt='' title='yeb-cochrane-(1)_optimized' height=\"600\" width=\"1361\"  itemprop=\"thumbnailUrl\" srcset=\"https:\/\/radiorevelacionfm.cl\/wp-content\/uploads\/2021\/08\/yeb-cochrane-1_optimized.jpg 1361w, https:\/\/radiorevelacionfm.cl\/wp-content\/uploads\/2021\/08\/yeb-cochrane-1_optimized-300x132.jpg 300w, https:\/\/radiorevelacionfm.cl\/wp-content\/uploads\/2021\/08\/yeb-cochrane-1_optimized-1030x454.jpg 1030w, https:\/\/radiorevelacionfm.cl\/wp-content\/uploads\/2021\/08\/yeb-cochrane-1_optimized-768x339.jpg 768w, https:\/\/radiorevelacionfm.cl\/wp-content\/uploads\/2021\/08\/yeb-cochrane-1_optimized-705x311.jpg 705w, https:\/\/radiorevelacionfm.cl\/wp-content\/uploads\/2021\/08\/yeb-cochrane-1_optimized-600x265.jpg 600w\" sizes=\"(max-width: 1361px) 100vw, 1361px\" \/><\/div><\/div><\/div><\/div><div class=\"flex_column av_one_full  flex_column_div av-zero-column-padding first  avia-builder-el-2  el_after_av_one_full  el_before_av_one_full  column-top-margin\" style='border-radius:0px; '><section class=\"av_textblock_section \"  itemscope=\"itemscope\" itemtype=\"https:\/\/schema.org\/BlogPosting\" itemprop=\"blogPost\" ><div class='avia_textblock  '   itemprop=\"text\" ><p style=\"text-align: center;\"><span style=\"font-size: 18pt;\"><strong>Emprendedoras\/es de Cochrane buscan potenciar sus negocios con apoyo del FOSIS<\/strong><\/span><\/p>\n<div id=\"gtx-trans\" style=\"position: absolute; left: -50px; top: 4.31534px;\">\n<div class=\"gtx-trans-icon\"><\/div>\n<\/div>\n<\/div><\/section><\/div><div class=\"flex_column av_one_full  flex_column_div av-zero-column-padding first  avia-builder-el-4  el_after_av_one_full  el_before_av_hr  column-top-margin\" style='border-radius:0px; '><section class=\"av_textblock_section \"  itemscope=\"itemscope\" itemtype=\"https:\/\/schema.org\/BlogPosting\" itemprop=\"blogPost\" ><div class='avia_textblock  '   itemprop=\"text\" ><p style=\"text-align: justify;\">El programa Yo Emprendo, en sus modalidades Semilla y B\u00e1sico, tiene una intervenci\u00f3n de 8 meses y trabaja con 36 emprendedoras y emprendedores de la comuna de Cochrane, entregando asesor\u00eda, capacitaci\u00f3n y el financiamiento de un plan de negocios para adquirir maquinaria, herramientas o insumos para fortalecer un emprendimiento en desarrollo o concretar una idea de negocio.<\/p>\n<p style=\"text-align: justify;\">Johana Jerez, usuaria del programa Yo Emprendo B\u00e1sico Cochrane, quien se dedica a la topograf\u00eda en Cochrane, coment\u00f3 que \u201cen el anterior proyecto FOSIS tuve la posibilidad de comprar para mi plan de negocios un dron que me permite facilitar mi trabajo, ya que la comuna tiene mucha vegetaci\u00f3n y hay cosas que no se pueden hacer como se har\u00edan tradicionalmente. Espero en este nuevo proyecto poder potenciar el dron, ya sea con bater\u00edas para que las horas de vuelo dure m\u00e1s, ya que la bater\u00eda que tiene dura 20 minutos y ac\u00e1 los terrenos son extensos, as\u00ed que tengo bastantes expectativas de lo que se viene con este nuevo proyecto\u201d.<\/p>\n<p style=\"text-align: justify;\">La usuaria del programa Yo Emprendo Semilla para el Subsistema de Seguridades y Oportunidades, Lutgarda Pizarro, se mostr\u00f3 contenta por haber quedado seleccionada para participar de esta instancia. \u201cPostul\u00e9 para poder emprender y tener una entrada extra al trabajo que estoy realizando en este momento, lo que espero me permita poder seguir manteniendo a mi familia. Mi idea es poder adquirir una m\u00e1quina de coser para hacer cortinas y s\u00e1banas, que es lo que se hacer y tiene harta salida ac\u00e1 por lo menos. Ah\u00ed una va aprendiendo y puedo empezar a reparar ropa y otros servicios de ese tipo\u201d.<\/p>\n<p style=\"text-align: justify;\">Dominique Br\u00e4utigam, Directora Regional del FOSIS en Ays\u00e9n, destac\u00f3 que \u201cvamos a estar acompa\u00f1ando y guiando durante 8 meses de intervenci\u00f3n a quienes participan del programa Yo Emprendo, porque queremos que les vaya bien y puedan apoyar a sus familias. Vamos a potenciar su actividad productiva entregando lo mejor de nosotros para entregarles las herramientas y encausarlos en que su actividad laboral sea lo m\u00e1s exitosa posible. Estamos a su disposici\u00f3n y les agradecemos que hayan ingresado y sean parte de la familia de FOSIS. Bienvenidos y mucho \u00e9xito para lo que se les viene\u201d.<\/p>\n<p style=\"text-align: justify;\">El Seremi de Desarrollo Social y Familia, Marcelo J\u00e9lvez, asegur\u00f3 que \u201cla pandemia nos ha ense\u00f1ado que tenemos que reinventarnos muchas veces, que tenemos que hacer cosas que nunca pensamos hacer con el prop\u00f3sito de salir adelante. FOSIS entrega estas herramientas para que ustedes salgan adelante, hay desaf\u00edos que cumplir, la utilizaci\u00f3n de plataformas digitales para participar de las reuniones, c\u00f3mo hacer efectivo y rentable nuestro negocio a trav\u00e9s de las redes sociales, entre otros. Les deseo el mayor de los \u00e9xitos desde nuestro Ministerio, estamos pendiente de ustedes, queremos ayudarlos y FOSIS es la herramienta m\u00e1s pr\u00f3xima para que ustedes puedan tener esa oportunidad\u201d.<\/p>\n<p style=\"text-align: justify;\">Las usuarias y usuarios de los programas Yo Emprendo que se ejecutan en Cochrane, se encuentran participando en talleres de apresto digital, capacidades emprendedoras, modelo de negocios, elaboraci\u00f3n de un plan de negocios y compras y ventas por internet.<\/p>\n<\/div><\/section><\/div><div  style='height:50px' class='hr hr-invisible   avia-builder-el-6  el_after_av_one_full  el_before_av_social_share '><span class='hr-inner ' ><span class='hr-inner-style'><\/span><\/span><\/div><\/p>\n<div  class='av-social-sharing-box  avia-builder-el-7  el_after_av_hr  el_before_av_hr  '><div class='av-share-box'><h5 class='av-share-link-description av-no-toc '>Compartir esta noticia<\/h5><ul class='av-share-box-list noLightbox'><li class='av-share-link av-social-link-facebook' ><a target=\"_blank\" aria-label=\"Compartir en Facebook\" href='https:\/\/www.facebook.com\/sharer.php?u=https:\/\/radiorevelacionfm.cl\/?p=7835&#038;t=Emprendedoras%2Fes%20de%20Cochrane%20buscan%20potenciar%20sus%20negocios%20con%20apoyo%20del%20FOSIS' aria-hidden='false' data-av_icon='\ue8f3' data-av_iconfont='entypo-fontello' title='' data-avia-related-tooltip='Compartir en Facebook' rel=\"noopener\"><span class='avia_hidden_link_text'>Compartir en Facebook<\/span><\/a><\/li><li class='av-share-link av-social-link-twitter' ><a target=\"_blank\" aria-label=\"Compartir en Twitter\" href='https:\/\/twitter.com\/share?text=Emprendedoras%2Fes%20de%20Cochrane%20buscan%20potenciar%20sus%20negocios%20con%20apoyo%20del%20FOSIS&#038;url=https:\/\/radiorevelacionfm.cl\/?p=7835' aria-hidden='false' data-av_icon='\ue8f1' data-av_iconfont='entypo-fontello' title='' data-avia-related-tooltip='Compartir en Twitter' rel=\"noopener\"><span class='avia_hidden_link_text'>Compartir en Twitter<\/span><\/a><\/li><li class='av-share-link av-social-link-whatsapp' ><a target=\"_blank\" aria-label=\"Compartir en Whatsapp\" href='https:\/\/api.whatsapp.com\/send?text=https:\/\/radiorevelacionfm.cl\/?p=7835' aria-hidden='false' data-av_icon='\uf232' data-av_iconfont='entypo-fontello' title='' data-avia-related-tooltip='Compartir en Whatsapp' rel=\"noopener\"><span class='avia_hidden_link_text'>Compartir en Whatsapp<\/span><\/a><\/li><li class='av-share-link av-social-link-linkedin' ><a target=\"_blank\" aria-label=\"Compartir en LinkedIn\" href='https:\/\/linkedin.com\/shareArticle?mini=true&#038;title=Emprendedoras%2Fes%20de%20Cochrane%20buscan%20potenciar%20sus%20negocios%20con%20apoyo%20del%20FOSIS&#038;url=https:\/\/radiorevelacionfm.cl\/?p=7835' aria-hidden='false' data-av_icon='\ue8fc' data-av_iconfont='entypo-fontello' title='' data-avia-related-tooltip='Compartir en LinkedIn' rel=\"noopener\"><span class='avia_hidden_link_text'>Compartir en LinkedIn<\/span><\/a><\/li><li class='av-share-link av-social-link-mail' ><a  aria-label=\"Compartir por correo\" href='mailto:?subject=Emprendedoras%2Fes%20de%20Cochrane%20buscan%20potenciar%20sus%20negocios%20con%20apoyo%20del%20FOSIS&#038;body=https:\/\/radiorevelacionfm.cl\/?p=7835' aria-hidden='false' data-av_icon='\ue805' data-av_iconfont='entypo-fontello' title='' data-avia-related-tooltip='Compartir por correo'><span class='avia_hidden_link_text'>Compartir por correo<\/span><\/a><\/li><\/ul><\/div><\/div>\n<div  style='height:50px' class='hr hr-invisible   avia-builder-el-8  el_after_av_social_share  el_before_av_comments_list '><span class='hr-inner ' ><span class='hr-inner-style'><\/span><\/span><\/div>\n<div  class='av-buildercomment  av-blog-meta-html-info-disabled av-blog-meta-tag-disabled  '><\/div>\n","protected":false},"excerpt":{"rendered":"","protected":false},"author":1,"featured_media":7836,"comment_status":"open","ping_status":"open","sticky":false,"template":"","format":"standard","meta":{"footnotes":""},"categories":[38],"tags":[],"class_list":["post-7835","post","type-post","status-publish","format-standard","has-post-thumbnail","hentry","category-regional"],"jetpack_featured_media_url":"https:\/\/radiorevelacionfm.cl\/wp-content\/uploads\/2021\/08\/yeb-cochrane-1_optimized.jpg","_links":{"self":[{"href":"https:\/\/radiorevelacionfm.cl\/index.php?rest_route=\/wp\/v2\/posts\/7835","targetHints":{"allow":["GET"]}}],"collection":[{"href":"https:\/\/radiorevelacionfm.cl\/index.php?rest_route=\/wp\/v2\/posts"}],"about":[{"href":"https:\/\/radiorevelacionfm.cl\/index.php?rest_route=\/wp\/v2\/types\/post"}],"author":[{"embeddable":true,"href":"https:\/\/radiorevelacionfm.cl\/index.php?rest_route=\/wp\/v2\/users\/1"}],"replies":[{"embeddable":true,"href":"https:\/\/radiorevelacionfm.cl\/index.php?rest_route=%2Fwp%2Fv2%2Fcomments&post=7835"}],"version-history":[{"count":1,"href":"https:\/\/radiorevelacionfm.cl\/index.php?rest_route=\/wp\/v2\/posts\/7835\/revisions"}],"predecessor-version":[{"id":7837,"href":"https:\/\/radiorevelacionfm.cl\/index.php?rest_route=\/wp\/v2\/posts\/7835\/revisions\/7837"}],"wp:featuredmedia":[{"embeddable":true,"href":"https:\/\/radiorevelacionfm.cl\/index.php?rest_route=\/wp\/v2\/media\/7836"}],"wp:attachment":[{"href":"https:\/\/radiorevelacionfm.cl\/index.php?rest_route=%2Fwp%2Fv2%2Fmedia&parent=7835"}],"wp:term":[{"taxonomy":"category","embeddable":true,"href":"https:\/\/radiorevelacionfm.cl\/index.php?rest_route=%2Fwp%2Fv2%2Fcategories&post=7835"},{"taxonomy":"post_tag","embeddable":true,"href":"https:\/\/radiorevelacionfm.cl\/index.php?rest_route=%2Fwp%2Fv2%2Ftags&post=7835"}],"curies":[{"name":"wp","href":"https:\/\/api.w.org\/{rel}","templated":true}]}}