{"id":7832,"date":"2021-08-24T12:53:27","date_gmt":"2021-08-24T15:53:27","guid":{"rendered":"https:\/\/radiorevelacionfm.cl\/?p=7832"},"modified":"2021-08-24T12:53:27","modified_gmt":"2021-08-24T15:53:27","slug":"convocan-a-primer-encuentro-de-mujeres-guardaparques-de-latinoamerica","status":"publish","type":"post","link":"https:\/\/radiorevelacionfm.cl\/?p=7832","title":{"rendered":"Convocan a Primer Encuentro de Mujeres Guardaparques de Latinoam\u00e9rica"},"content":{"rendered":"<div class=\"flex_column av_one_full  flex_column_div av-zero-column-padding first  avia-builder-el-0  el_before_av_one_full  avia-builder-el-first  \" style='border-radius:0px; '><div  class='avia-image-container  av-styling-    avia-builder-el-1  avia-builder-el-no-sibling  avia-align-center '  itemprop=\"image\" itemscope=\"itemscope\" itemtype=\"https:\/\/schema.org\/ImageObject\"  ><div class='avia-image-container-inner'><div class='avia-image-overlay-wrap'><img decoding=\"async\" class='wp-image-7833 avia-img-lazy-loading-not-7833 avia_image' src=\"https:\/\/radiorevelacionfm.cl\/wp-content\/uploads\/2021\/08\/guardaparques-2_50375429593_o_optimized.jpg\" alt='' title='guardaparques-2_50375429593_o_optimized' height=\"600\" width=\"900\"  itemprop=\"thumbnailUrl\" srcset=\"https:\/\/radiorevelacionfm.cl\/wp-content\/uploads\/2021\/08\/guardaparques-2_50375429593_o_optimized.jpg 900w, https:\/\/radiorevelacionfm.cl\/wp-content\/uploads\/2021\/08\/guardaparques-2_50375429593_o_optimized-300x200.jpg 300w, https:\/\/radiorevelacionfm.cl\/wp-content\/uploads\/2021\/08\/guardaparques-2_50375429593_o_optimized-768x512.jpg 768w, https:\/\/radiorevelacionfm.cl\/wp-content\/uploads\/2021\/08\/guardaparques-2_50375429593_o_optimized-705x470.jpg 705w, https:\/\/radiorevelacionfm.cl\/wp-content\/uploads\/2021\/08\/guardaparques-2_50375429593_o_optimized-600x400.jpg 600w\" sizes=\"(max-width: 900px) 100vw, 900px\" \/><\/div><\/div><\/div><\/div><div class=\"flex_column av_one_full  flex_column_div av-zero-column-padding first  avia-builder-el-2  el_after_av_one_full  el_before_av_one_full  column-top-margin\" style='border-radius:0px; '><section class=\"av_textblock_section \"  itemscope=\"itemscope\" itemtype=\"https:\/\/schema.org\/BlogPosting\" itemprop=\"blogPost\" ><div class='avia_textblock  '   itemprop=\"text\" ><p style=\"text-align: center;\"><strong><span style=\"font-size: 18pt;\">Convocan a Primer Encuentro de Mujeres Guardaparques de Latinoam\u00e9rica<\/span><\/strong><\/p>\n<div id=\"gtx-trans\" style=\"position: absolute; left: -50px; top: 4.31534px;\">\n<div class=\"gtx-trans-icon\"><\/div>\n<\/div>\n<\/div><\/section><\/div><div class=\"flex_column av_one_full  flex_column_div av-zero-column-padding first  avia-builder-el-4  el_after_av_one_full  el_before_av_hr  column-top-margin\" style='border-radius:0px; '><section class=\"av_textblock_section \"  itemscope=\"itemscope\" itemtype=\"https:\/\/schema.org\/BlogPosting\" itemprop=\"blogPost\" ><div class='avia_textblock  '   itemprop=\"text\" ><p style=\"text-align: justify;\">En el marco de la celebraci\u00f3n del D\u00eda Internacional de los Parques Nacionales (24 agosto), el Ministerio de Agricultura y la Corporaci\u00f3n Nacional Forestal (CONAF) anunciaron la apertura de la convocatoria al Primer Encuentro Mujeres Guardaparques de Latinoam\u00e9rica, cumpliendo as\u00ed el compromiso adquirido en el \u00faltimo encuentro latinoamericano de guardaparques, realizado en Ecuador, el 2018.<\/p>\n<p style=\"text-align: justify;\">La cita internacional tiene como como objetivo facilitar un espacio de encuentro para las mujeres guardaparques de esta regi\u00f3n del mundo, que permita abordar la perspectiva de g\u00e9nero de\u00a0 la profesi\u00f3n, teniendo como eslogan \u201cMujeres Guardaparques de Latinoam\u00e9rica, Desaf\u00edos y Oportunidades\u201d.<\/p>\n<p style=\"text-align: justify;\">Como actividad inicial, se desarrollar\u00e1 un webinar abierto, entre el 28 y 30 de septiembre, destacando tambi\u00e9n que el 30 de septiembre se conmemora en Chile el D\u00eda Nacional de las y los Guardaparques. Luego entre octubre y noviembre, se efectuar\u00e1n talleres destinados a co-construir la agenda de Mujeres Guardaparques de Latinoam\u00e9rica (trabajos en grupos); y en diciembre, en fecha a definir, se realizar\u00e1 el cierre de este encuentro, con la lectura de los acuerdos para la Agenda de Mujer Guardaparques de Latinoam\u00e9rica. Todas las personas interesadas pueden inscribirse en la p\u00e1gina web de CONAF (<a href=\"http:\/\/www.conaf.cl\">www.conaf.cl<\/a>) o directamente en el enlace: <a href=\"https:\/\/www.conaf.cl\/primer-encuentro-de-mujeres-guardaparques-de-latinoamerica\/\">https:\/\/www.conaf.cl\/primer-encuentro-de-mujeres-guardaparques-de-latinoamerica\/<\/a><\/p>\n<p style=\"text-align: justify;\">Junto con entregar todo su apoyo a la iniciativa, la Ministra de Agricultura, Mar\u00eda Emilia Undurraga, coment\u00f3 que \u201cqueremos destacar el rol que cumplen las mujeres guardaparques, muchas veces invisibilizado. Por eso invitamos a todas las mujeres ligadas al cuidado y protecci\u00f3n de la naturaleza a participar en el Primer Encuentro de Mujeres Guardaparques de Latinoam\u00e9rica, organizado por CONAF, para conversar sobre esta trascendental labor y c\u00f3mo podemos trabajar de forma colaborativa para impulsar la participaci\u00f3n de las mujeres en el desarrollo de las \u00e1reas silvestres protegidas\u201d.<\/p>\n<p style=\"text-align: justify;\">As\u00ed tambi\u00e9n lo resalt\u00f3 el director ejecutivo de CONAF, Rodrigo Munita, al explicar que \u201casumimos este desaf\u00edo porque creemos muy importante seguir aumentando la participaci\u00f3n de las mujeres en las labores de conservaci\u00f3n, especialmente como guardaparques. Actualmente tenemos 48 mujeres guardaparques, de un universo superior a 440 guardaparques en nuestro Sistema Nacional de \u00c1reas Silvestres Protegidas del Estado (SNASPE). Adem\u00e1s, como Corporaci\u00f3n estamos fortaleciendo nuestra gesti\u00f3n en cuanto a integrar en todos nuestros procesos la inclusi\u00f3n, la igualdad de g\u00e9nero y la no discriminaci\u00f3n\u201d.<\/p>\n<p style=\"text-align: justify;\">Ambas autoridades se\u00f1alaron que se eligi\u00f3 esta fecha correspondiente al D\u00eda Internacional de los Parques Nacionales con el objetivo de dar a conocer la convocatoria y apertura de las inscripciones para participar en este encuentro, y as\u00ed subrayar precisamente la gran importancia que tienen estas \u00e1reas protegidas para la conservaci\u00f3n de la biodiversidad y del patrimonio cultural y el rol de las y los guardaparques como los principales gestores en la preservaci\u00f3n y conservaci\u00f3n de estos espacios territoriales y marinos.<\/p>\n<p style=\"text-align: justify;\">En la organizaci\u00f3n de esta reuni\u00f3n internacional a cargo de CONAF est\u00e1n colaborando la Agencia Chilena Internacional para el Desarrollo (Agcid), The Pew Charitable Trusts, Programa Austral Patagonia de la Universidad Austral de Chile (Proap) y WWF Latinoam\u00e9rica; con el patrocinio de la Federaci\u00f3n Internacional de Guardaparques, Federaci\u00f3n Latinoamericana de Guardaparques, As\u00ed Conserva Chile, Red Parques, UICN, Red de Mujeres en Conservaci\u00f3n de Latinoam\u00e9rica y el Caribe, The Natury Conservation, WCS, PNUD, ONUDC y Center For Protected Area Management of Colorado State University.<\/p>\n<p style=\"text-align: justify;\">El encuentro est\u00e1 dirigido a todas las personas que se identifiquen como mujeres guardaparques de Latinoam\u00e9rica: Argentina, Brasil, Bolivia, Chile, Cuba, Colombia, Costa Rica, Ecuador, El Salvador, Guatemala, Hait\u00ed, Honduras, M\u00e9xico, Nicaragua, Panam\u00e1, Paraguay, Per\u00fa, Puerto Rico, Rep\u00fablica Dominicana, Uruguay y Venezuela.<\/p>\n<p style=\"text-align: justify;\">Los ejes tem\u00e1ticos a tratar son: Reconocimiento y valoraci\u00f3n de las mujeres guardaparques; Cuidando a quienes cuidan, entornos seguros y libres de violencia de g\u00e9nero; Conciliaci\u00f3n de la vida familiar, personal y laboral; Asociatividad; Lecciones aprendidas en organizaciones an\u00e1logas; y Sororidad y Conservaci\u00f3n.<\/p>\n<\/div><\/section><\/div><div  style='height:50px' class='hr hr-invisible   avia-builder-el-6  el_after_av_one_full  el_before_av_social_share '><span class='hr-inner ' ><span class='hr-inner-style'><\/span><\/span><\/div><\/p>\n<div  class='av-social-sharing-box  avia-builder-el-7  el_after_av_hr  el_before_av_hr  '><div class='av-share-box'><h5 class='av-share-link-description av-no-toc '>Compartir esta noticia<\/h5><ul class='av-share-box-list noLightbox'><li class='av-share-link av-social-link-facebook' ><a target=\"_blank\" aria-label=\"Compartir en Facebook\" href='https:\/\/www.facebook.com\/sharer.php?u=https:\/\/radiorevelacionfm.cl\/?p=7832&#038;t=Convocan%20a%20Primer%20Encuentro%20de%20Mujeres%20Guardaparques%20de%20Latinoam%C3%A9rica' aria-hidden='false' data-av_icon='\ue8f3' data-av_iconfont='entypo-fontello' title='' data-avia-related-tooltip='Compartir en Facebook' rel=\"noopener\"><span class='avia_hidden_link_text'>Compartir en Facebook<\/span><\/a><\/li><li class='av-share-link av-social-link-twitter' ><a target=\"_blank\" aria-label=\"Compartir en Twitter\" href='https:\/\/twitter.com\/share?text=Convocan%20a%20Primer%20Encuentro%20de%20Mujeres%20Guardaparques%20de%20Latinoam%C3%A9rica&#038;url=https:\/\/radiorevelacionfm.cl\/?p=7832' aria-hidden='false' data-av_icon='\ue8f1' data-av_iconfont='entypo-fontello' title='' data-avia-related-tooltip='Compartir en Twitter' rel=\"noopener\"><span class='avia_hidden_link_text'>Compartir en Twitter<\/span><\/a><\/li><li class='av-share-link av-social-link-whatsapp' ><a target=\"_blank\" aria-label=\"Compartir en Whatsapp\" href='https:\/\/api.whatsapp.com\/send?text=https:\/\/radiorevelacionfm.cl\/?p=7832' aria-hidden='false' data-av_icon='\uf232' data-av_iconfont='entypo-fontello' title='' data-avia-related-tooltip='Compartir en Whatsapp' rel=\"noopener\"><span class='avia_hidden_link_text'>Compartir en Whatsapp<\/span><\/a><\/li><li class='av-share-link av-social-link-linkedin' ><a target=\"_blank\" aria-label=\"Compartir en LinkedIn\" href='https:\/\/linkedin.com\/shareArticle?mini=true&#038;title=Convocan%20a%20Primer%20Encuentro%20de%20Mujeres%20Guardaparques%20de%20Latinoam%C3%A9rica&#038;url=https:\/\/radiorevelacionfm.cl\/?p=7832' aria-hidden='false' data-av_icon='\ue8fc' data-av_iconfont='entypo-fontello' title='' data-avia-related-tooltip='Compartir en LinkedIn' rel=\"noopener\"><span class='avia_hidden_link_text'>Compartir en LinkedIn<\/span><\/a><\/li><li class='av-share-link av-social-link-mail' ><a  aria-label=\"Compartir por correo\" href='mailto:?subject=Convocan%20a%20Primer%20Encuentro%20de%20Mujeres%20Guardaparques%20de%20Latinoam%C3%A9rica&#038;body=https:\/\/radiorevelacionfm.cl\/?p=7832' aria-hidden='false' data-av_icon='\ue805' data-av_iconfont='entypo-fontello' title='' data-avia-related-tooltip='Compartir por correo'><span class='avia_hidden_link_text'>Compartir por correo<\/span><\/a><\/li><\/ul><\/div><\/div>\n<div  style='height:50px' class='hr hr-invisible   avia-builder-el-8  el_after_av_social_share  el_before_av_comments_list '><span class='hr-inner ' ><span class='hr-inner-style'><\/span><\/span><\/div>\n<div  class='av-buildercomment  av-blog-meta-html-info-disabled av-blog-meta-tag-disabled  '><\/div>\n","protected":false},"excerpt":{"rendered":"","protected":false},"author":1,"featured_media":7833,"comment_status":"open","ping_status":"open","sticky":false,"template":"","format":"standard","meta":{"footnotes":""},"categories":[38],"tags":[],"class_list":["post-7832","post","type-post","status-publish","format-standard","has-post-thumbnail","hentry","category-regional"],"jetpack_featured_media_url":"https:\/\/radiorevelacionfm.cl\/wp-content\/uploads\/2021\/08\/guardaparques-2_50375429593_o_optimized.jpg","_links":{"self":[{"href":"https:\/\/radiorevelacionfm.cl\/index.php?rest_route=\/wp\/v2\/posts\/7832","targetHints":{"allow":["GET"]}}],"collection":[{"href":"https:\/\/radiorevelacionfm.cl\/index.php?rest_route=\/wp\/v2\/posts"}],"about":[{"href":"https:\/\/radiorevelacionfm.cl\/index.php?rest_route=\/wp\/v2\/types\/post"}],"author":[{"embeddable":true,"href":"https:\/\/radiorevelacionfm.cl\/index.php?rest_route=\/wp\/v2\/users\/1"}],"replies":[{"embeddable":true,"href":"https:\/\/radiorevelacionfm.cl\/index.php?rest_route=%2Fwp%2Fv2%2Fcomments&post=7832"}],"version-history":[{"count":1,"href":"https:\/\/radiorevelacionfm.cl\/index.php?rest_route=\/wp\/v2\/posts\/7832\/revisions"}],"predecessor-version":[{"id":7834,"href":"https:\/\/radiorevelacionfm.cl\/index.php?rest_route=\/wp\/v2\/posts\/7832\/revisions\/7834"}],"wp:featuredmedia":[{"embeddable":true,"href":"https:\/\/radiorevelacionfm.cl\/index.php?rest_route=\/wp\/v2\/media\/7833"}],"wp:attachment":[{"href":"https:\/\/radiorevelacionfm.cl\/index.php?rest_route=%2Fwp%2Fv2%2Fmedia&parent=7832"}],"wp:term":[{"taxonomy":"category","embeddable":true,"href":"https:\/\/radiorevelacionfm.cl\/index.php?rest_route=%2Fwp%2Fv2%2Fcategories&post=7832"},{"taxonomy":"post_tag","embeddable":true,"href":"https:\/\/radiorevelacionfm.cl\/index.php?rest_route=%2Fwp%2Fv2%2Ftags&post=7832"}],"curies":[{"name":"wp","href":"https:\/\/api.w.org\/{rel}","templated":true}]}}