{"id":7824,"date":"2021-08-24T11:05:32","date_gmt":"2021-08-24T14:05:32","guid":{"rendered":"https:\/\/radiorevelacionfm.cl\/?p=7824"},"modified":"2021-08-24T11:28:32","modified_gmt":"2021-08-24T14:28:32","slug":"dan-inicio-a-la-postulacion-para-fondos-de-desarrollo-vecinal-2021-en-la-comuna-de-aysen","status":"publish","type":"post","link":"https:\/\/radiorevelacionfm.cl\/?p=7824","title":{"rendered":"Dan inicio a la postulaci\u00f3n para Fondos de Desarrollo Vecinal 2021 en la comuna de Ays\u00e9n"},"content":{"rendered":"<div class=\"flex_column av_one_full  flex_column_div av-zero-column-padding first  avia-builder-el-0  el_before_av_one_full  avia-builder-el-first  \" style='border-radius:0px; '><div  class='avia-image-container  av-styling-    avia-builder-el-1  avia-builder-el-no-sibling  avia-align-center '  itemprop=\"image\" itemscope=\"itemscope\" itemtype=\"https:\/\/schema.org\/ImageObject\"  ><div class='avia-image-container-inner'><div class='avia-image-overlay-wrap'><img decoding=\"async\" class='wp-image-7829 avia-img-lazy-loading-not-7829 avia_image' src=\"https:\/\/radiorevelacionfm.cl\/wp-content\/uploads\/2021\/08\/img-fondeve215i-1_optimized.jpg\" alt='' title='img-fondeve215i-(1)_optimized' height=\"600\" width=\"980\"  itemprop=\"thumbnailUrl\" srcset=\"https:\/\/radiorevelacionfm.cl\/wp-content\/uploads\/2021\/08\/img-fondeve215i-1_optimized.jpg 980w, https:\/\/radiorevelacionfm.cl\/wp-content\/uploads\/2021\/08\/img-fondeve215i-1_optimized-300x184.jpg 300w, https:\/\/radiorevelacionfm.cl\/wp-content\/uploads\/2021\/08\/img-fondeve215i-1_optimized-768x470.jpg 768w, https:\/\/radiorevelacionfm.cl\/wp-content\/uploads\/2021\/08\/img-fondeve215i-1_optimized-705x432.jpg 705w, https:\/\/radiorevelacionfm.cl\/wp-content\/uploads\/2021\/08\/img-fondeve215i-1_optimized-600x367.jpg 600w\" sizes=\"(max-width: 980px) 100vw, 980px\" \/><\/div><\/div><\/div><\/div><div class=\"flex_column av_one_full  flex_column_div av-zero-column-padding first  avia-builder-el-2  el_after_av_one_full  el_before_av_one_full  column-top-margin\" style='border-radius:0px; '><section class=\"av_textblock_section \"  itemscope=\"itemscope\" itemtype=\"https:\/\/schema.org\/BlogPosting\" itemprop=\"blogPost\" ><div class='avia_textblock  '   itemprop=\"text\" ><p style=\"text-align: center;\"><strong><span style=\"font-size: 18pt;\">Dan inicio a la postulaci\u00f3n para Fondos de Desarrollo Vecinal 2021 en la comuna de Ays\u00e9n <\/span><\/strong><\/p>\n<div id=\"gtx-trans\" style=\"position: absolute; left: -50px; top: 4.31534px;\">\n<div class=\"gtx-trans-icon\"><\/div>\n<\/div>\n<\/div><\/section><\/div><\/p>\n<div class=\"flex_column av_one_full  flex_column_div av-zero-column-padding first  avia-builder-el-4  el_after_av_one_full  el_before_av_hr  column-top-margin\" style='border-radius:0px; '><section class=\"av_textblock_section \"  itemscope=\"itemscope\" itemtype=\"https:\/\/schema.org\/BlogPosting\" itemprop=\"blogPost\" ><div class='avia_textblock  '   itemprop=\"text\" ><p style=\"text-align: justify;\">A trav\u00e9s de una ceremonia desarrollada en el Polideportivo 21 de Abril y transmitida en las redes sociales. La Casa Edilicia de Ays\u00e9n, en compa\u00f1\u00eda de diversos representantes de Juntas de Vecinos efectu\u00f3 la ceremonia de inicio al proceso contemplado para los Fondos de Desarrollo Vecinal (Fondeve) 2021. En este sentido, las organizaciones podr\u00e1n formular proyectos orientados al fortalecimiento de sus funciones y\/o la promoci\u00f3n de la cultura, deporte y recreaci\u00f3n por un monto m\u00e1ximo de $750.000 pesos. El plazo para la presentaci\u00f3n de antecedentes rige desde el 31 de agosto hasta el 16 de septiembre en la ORIS Municipal o en su defecto en las Delegaciones de Villa Ma\u00f1ihuales e Islas Huichas.<\/p>\n<p style=\"text-align: justify;\">Al respecto, el alcalde de Ays\u00e9n, Julio Uribe Alvarado, coment\u00f3 que \u201ces un hito dentro de los recursos del municipio, el poder hacer la bajada a nuestras juntas de vecinos para que puedan ellos hacer proyectos para sus diferentes necesidades y que nosotros las podamos cubrir. Tiene un monto de 700 mil pesos por cada unidad vecinal, nosotros vamos a estar apoy\u00e1ndolos a que realicen buenos proyectos para que se lo puedan adjudicar. As\u00ed es que, muy contento tambi\u00e9n por la participaci\u00f3n de todos los presidentes de la JJ.VV\u201d.<\/p>\n<p style=\"text-align: justify;\">Por su parte, la concejala Tatiana Villarroel, relev\u00f3 que con anterioridad ha participado de estas instancias en el ejercicio de la dirigencia social por lo que \u201cs\u00e9 lo importante que es esta cantidad de dinero que se le entrega a cada junta de vecino, que lo pueden ocupar en implementaci\u00f3n, en alg\u00fan curso, alg\u00fan taller para los mismos vecinos de la poblaci\u00f3n es sin duda este el trabajo que se quiere seguir realizando y la comunicaci\u00f3n que debe existir entre el municipio y las organizaciones sociales\u201d, donde a su juicio, se debe seguir avanzando en formular una participaci\u00f3n ciudadana junto a los actores sociales de todos los rincones de la comuna.<\/p>\n<p style=\"text-align: justify;\">Quien tambi\u00e9n abord\u00f3 el desarrollo esta actividad de lanzamiento fue el director de Desarrollo Comunitario del municipio aysenino, Mauricio Jaque, quien explic\u00f3 principalmente las l\u00edneas de acci\u00f3n que contempla el Fondo de Desarrollo Vecinal y que permiten a las juntas de vecino continuar su importante contribuci\u00f3n en la comunidad. Adem\u00e1s, el personero municipal, realiz\u00f3 un llamado a las unidades vecinales que a\u00fan no se encuentran regularizadas a causa de la pandemia a realizarlo con el apoyo de los profesionales de la unidad que \u00e9l representa.<\/p>\n<p style=\"text-align: justify;\">En tanto, desde el mundo social, Carlos D\u00edaz, quien es el representante de la Uni\u00f3n Comunal de Juntas de Vecinos destac\u00f3 lo positivo de esta postulaci\u00f3n de fondos considerando el aumento producido con su versi\u00f3n anterior, con ello, el tambi\u00e9n dirigente de la JJ.VV. de Litoral Austral, coment\u00f3 la importancia y contribuci\u00f3n que tienen estos dineros que se\u00f1ala \u201clos hacemos estirar\u201d para ir en ayuda de los vecinos y que se traducen en mejoras. Por lo que dio las gracias al municipio por el lanzamiento de los mismos.<\/p>\n<p style=\"text-align: justify;\">Finalmente, la dirigenta del emblem\u00e1tico sector de Camino Viejo, Gladys Mar\u00edn Barr\u00eda, con mucho entusiasmo enfatiz\u00f3 en lo entretenido de la jornada que se encontr\u00f3 amenizada por un conjunto folcl\u00f3rico local y la m\u00fasica de un artista aysenino. En su caso, ellos buscar\u00e1n revisar en las bases de postulaci\u00f3n alguna l\u00ednea de acci\u00f3n que les permita equipar su pr\u00f3xima sede comunitaria, la cual se encuentra en construcci\u00f3n. \u201cMuy feliz, contenta y agradecida de todas las autoridades, los concejales, el se\u00f1ora alcalde, pero es bien aprovechada la platita y parece que se aument\u00f3, as\u00ed es que feliz\u201d, sentenci\u00f3 Mar\u00edn Barr\u00eda.<\/p>\n<\/div><\/section><\/div>\n<div  style='height:50px' class='hr hr-invisible   avia-builder-el-6  el_after_av_one_full  el_before_av_social_share '><span class='hr-inner ' ><span class='hr-inner-style'><\/span><\/span><\/div>\n<div  class='av-social-sharing-box  avia-builder-el-7  el_after_av_hr  el_before_av_hr  '><div class='av-share-box'><h5 class='av-share-link-description av-no-toc '>Compartir esta noticia<\/h5><ul class='av-share-box-list noLightbox'><li class='av-share-link av-social-link-facebook' ><a target=\"_blank\" aria-label=\"Compartir en Facebook\" href='https:\/\/www.facebook.com\/sharer.php?u=https:\/\/radiorevelacionfm.cl\/?p=7824&#038;t=Dan%20inicio%20a%20la%20postulaci%C3%B3n%20para%20Fondos%20de%20Desarrollo%20Vecinal%202021%20en%20la%20comuna%20de%20Ays%C3%A9n' aria-hidden='false' data-av_icon='\ue8f3' data-av_iconfont='entypo-fontello' title='' data-avia-related-tooltip='Compartir en Facebook' rel=\"noopener\"><span class='avia_hidden_link_text'>Compartir en Facebook<\/span><\/a><\/li><li class='av-share-link av-social-link-twitter' ><a target=\"_blank\" aria-label=\"Compartir en Twitter\" href='https:\/\/twitter.com\/share?text=Dan%20inicio%20a%20la%20postulaci%C3%B3n%20para%20Fondos%20de%20Desarrollo%20Vecinal%202021%20en%20la%20comuna%20de%20Ays%C3%A9n&#038;url=https:\/\/radiorevelacionfm.cl\/?p=7824' aria-hidden='false' data-av_icon='\ue8f1' data-av_iconfont='entypo-fontello' title='' data-avia-related-tooltip='Compartir en Twitter' rel=\"noopener\"><span class='avia_hidden_link_text'>Compartir en Twitter<\/span><\/a><\/li><li class='av-share-link av-social-link-whatsapp' ><a target=\"_blank\" aria-label=\"Compartir en Whatsapp\" href='https:\/\/api.whatsapp.com\/send?text=https:\/\/radiorevelacionfm.cl\/?p=7824' aria-hidden='false' data-av_icon='\uf232' data-av_iconfont='entypo-fontello' title='' data-avia-related-tooltip='Compartir en Whatsapp' rel=\"noopener\"><span class='avia_hidden_link_text'>Compartir en Whatsapp<\/span><\/a><\/li><li class='av-share-link av-social-link-linkedin' ><a target=\"_blank\" aria-label=\"Compartir en LinkedIn\" href='https:\/\/linkedin.com\/shareArticle?mini=true&#038;title=Dan%20inicio%20a%20la%20postulaci%C3%B3n%20para%20Fondos%20de%20Desarrollo%20Vecinal%202021%20en%20la%20comuna%20de%20Ays%C3%A9n&#038;url=https:\/\/radiorevelacionfm.cl\/?p=7824' aria-hidden='false' data-av_icon='\ue8fc' data-av_iconfont='entypo-fontello' title='' data-avia-related-tooltip='Compartir en LinkedIn' rel=\"noopener\"><span class='avia_hidden_link_text'>Compartir en LinkedIn<\/span><\/a><\/li><li class='av-share-link av-social-link-mail' ><a  aria-label=\"Compartir por correo\" href='mailto:?subject=Dan%20inicio%20a%20la%20postulaci%C3%B3n%20para%20Fondos%20de%20Desarrollo%20Vecinal%202021%20en%20la%20comuna%20de%20Ays%C3%A9n&#038;body=https:\/\/radiorevelacionfm.cl\/?p=7824' aria-hidden='false' data-av_icon='\ue805' data-av_iconfont='entypo-fontello' title='' data-avia-related-tooltip='Compartir por correo'><span class='avia_hidden_link_text'>Compartir por correo<\/span><\/a><\/li><\/ul><\/div><\/div>\n<div  style='height:50px' class='hr hr-invisible   avia-builder-el-8  el_after_av_social_share  el_before_av_comments_list '><span class='hr-inner ' ><span class='hr-inner-style'><\/span><\/span><\/div>\n<div  class='av-buildercomment  av-blog-meta-html-info-disabled av-blog-meta-tag-disabled  '><\/div>\n","protected":false},"excerpt":{"rendered":"","protected":false},"author":1,"featured_media":7829,"comment_status":"open","ping_status":"open","sticky":false,"template":"","format":"standard","meta":{"footnotes":""},"categories":[38],"tags":[],"class_list":["post-7824","post","type-post","status-publish","format-standard","has-post-thumbnail","hentry","category-regional"],"jetpack_featured_media_url":"https:\/\/radiorevelacionfm.cl\/wp-content\/uploads\/2021\/08\/img-fondeve215i-1_optimized.jpg","_links":{"self":[{"href":"https:\/\/radiorevelacionfm.cl\/index.php?rest_route=\/wp\/v2\/posts\/7824","targetHints":{"allow":["GET"]}}],"collection":[{"href":"https:\/\/radiorevelacionfm.cl\/index.php?rest_route=\/wp\/v2\/posts"}],"about":[{"href":"https:\/\/radiorevelacionfm.cl\/index.php?rest_route=\/wp\/v2\/types\/post"}],"author":[{"embeddable":true,"href":"https:\/\/radiorevelacionfm.cl\/index.php?rest_route=\/wp\/v2\/users\/1"}],"replies":[{"embeddable":true,"href":"https:\/\/radiorevelacionfm.cl\/index.php?rest_route=%2Fwp%2Fv2%2Fcomments&post=7824"}],"version-history":[{"count":2,"href":"https:\/\/radiorevelacionfm.cl\/index.php?rest_route=\/wp\/v2\/posts\/7824\/revisions"}],"predecessor-version":[{"id":7830,"href":"https:\/\/radiorevelacionfm.cl\/index.php?rest_route=\/wp\/v2\/posts\/7824\/revisions\/7830"}],"wp:featuredmedia":[{"embeddable":true,"href":"https:\/\/radiorevelacionfm.cl\/index.php?rest_route=\/wp\/v2\/media\/7829"}],"wp:attachment":[{"href":"https:\/\/radiorevelacionfm.cl\/index.php?rest_route=%2Fwp%2Fv2%2Fmedia&parent=7824"}],"wp:term":[{"taxonomy":"category","embeddable":true,"href":"https:\/\/radiorevelacionfm.cl\/index.php?rest_route=%2Fwp%2Fv2%2Fcategories&post=7824"},{"taxonomy":"post_tag","embeddable":true,"href":"https:\/\/radiorevelacionfm.cl\/index.php?rest_route=%2Fwp%2Fv2%2Ftags&post=7824"}],"curies":[{"name":"wp","href":"https:\/\/api.w.org\/{rel}","templated":true}]}}