{"id":7822,"date":"2021-08-23T21:02:41","date_gmt":"2021-08-24T00:02:41","guid":{"rendered":"https:\/\/radiorevelacionfm.cl\/?p=7822"},"modified":"2021-08-23T21:02:41","modified_gmt":"2021-08-24T00:02:41","slug":"corte-de-apelaciones-de-coyhaique-se-refiere-a-querella-contra-magistrada-cecilia-urbina","status":"publish","type":"post","link":"https:\/\/radiorevelacionfm.cl\/?p=7822","title":{"rendered":"Corte de Apelaciones de Coyhaique se refiere a querella contra magistrada Cecilia Urbina"},"content":{"rendered":"<div class=\"flex_column av_one_full  flex_column_div av-zero-column-padding first  avia-builder-el-0  el_before_av_one_full  avia-builder-el-first  \" style='border-radius:0px; '><div  class='avia-image-container  av-styling-    avia-builder-el-1  avia-builder-el-no-sibling  avia-align-center '  itemprop=\"image\" itemscope=\"itemscope\" itemtype=\"https:\/\/schema.org\/ImageObject\"  ><div class='avia-image-container-inner'><div class='avia-image-overlay-wrap'><img decoding=\"async\" class='wp-image-6281 avia-img-lazy-loading-not-6281 avia_image' src=\"https:\/\/radiorevelacionfm.cl\/wp-content\/uploads\/2021\/07\/Foto-02-Corte-Coyhaique-1-1.jpg\" alt='' title='Foto 02 Corte Coyhaique (1) (1)' height=\"600\" width=\"900\"  itemprop=\"thumbnailUrl\" srcset=\"https:\/\/radiorevelacionfm.cl\/wp-content\/uploads\/2021\/07\/Foto-02-Corte-Coyhaique-1-1.jpg 900w, https:\/\/radiorevelacionfm.cl\/wp-content\/uploads\/2021\/07\/Foto-02-Corte-Coyhaique-1-1-300x200.jpg 300w, https:\/\/radiorevelacionfm.cl\/wp-content\/uploads\/2021\/07\/Foto-02-Corte-Coyhaique-1-1-768x512.jpg 768w, https:\/\/radiorevelacionfm.cl\/wp-content\/uploads\/2021\/07\/Foto-02-Corte-Coyhaique-1-1-705x470.jpg 705w, https:\/\/radiorevelacionfm.cl\/wp-content\/uploads\/2021\/07\/Foto-02-Corte-Coyhaique-1-1-600x400.jpg 600w\" sizes=\"(max-width: 900px) 100vw, 900px\" \/><\/div><\/div><\/div><\/div><div class=\"flex_column av_one_full  flex_column_div av-zero-column-padding first  avia-builder-el-2  el_after_av_one_full  el_before_av_one_full  column-top-margin\" style='border-radius:0px; '><section class=\"av_textblock_section \"  itemscope=\"itemscope\" itemtype=\"https:\/\/schema.org\/BlogPosting\" itemprop=\"blogPost\" ><div class='avia_textblock  '   itemprop=\"text\" ><p style=\"text-align: center;\"><strong><span style=\"font-size: 18pt;\">Corte de Apelaciones de Coyhaique se refiere a querella contra magistrada Cecilia Urbina <\/span><\/strong><\/p>\n<div id=\"gtx-trans\" style=\"position: absolute; left: -50px; top: 4.31534px;\">\n<div class=\"gtx-trans-icon\"><\/div>\n<\/div>\n<\/div><\/section><\/div><div class=\"flex_column av_one_full  flex_column_div av-zero-column-padding first  avia-builder-el-4  el_after_av_one_full  el_before_av_hr  column-top-margin\" style='border-radius:0px; '><section class=\"av_textblock_section \"  itemscope=\"itemscope\" itemtype=\"https:\/\/schema.org\/BlogPosting\" itemprop=\"blogPost\" ><div class='avia_textblock  '   itemprop=\"text\" ><p>A trav\u00e9s de un comunicado de prensa, la Corte de Apelaciones de Coyhaique se\u00f1al\u00f3 lo siguiente:<\/p>\n<p style=\"text-align: justify;\">Atendido el principio de transparencia que informa la actuaci\u00f3n del Poder Judicial, esta Corte de Apelaciones comunica que el pasado s\u00e1bado 21 de agosto de 2021, ingres\u00f3 a este tribunal una querella de cap\u00edtulos, presentada por el Ministerio P\u00fablico en contra de la magistrada titular del Juzgado de Garant\u00eda de Coyhaique, Cecilia Eliana Urbina Pinto. Que luego del examen del escrito y conforme la normativa que regula la materia,\u00a0 prevista en el C\u00f3digo Org\u00e1nico de Tribunales y C\u00f3digo Procesal Penal, se dio curso a su tramitaci\u00f3n en forma inmediata, a fin de resolver la petici\u00f3n del ente persecutor y definir su admisibilidad.<\/p>\n<p style=\"text-align: justify;\">La querella de cap\u00edtulos constituye un antejuicio, cuyo objeto es obtener la autorizaci\u00f3n, que en ciertos casos exige la ley, como requisito previo para iniciar un proceso criminal en contra de determinados funcionarios y, a la vez tiene el prop\u00f3sito de resguardar de acusaciones infundadas o arbitrarias de que puedan ser objeto, producto de las resoluciones o actuaciones que adopten en el ejercicio de sus funciones, jueces, fiscales judiciales o fiscales del Ministerio P\u00fablico.<\/p>\n<p style=\"text-align: justify;\">Respecto de la magistrada aludida, se puede informar que el Tribunal Pleno de esta Corte ha obrado en forma oportuna, en cuanto, con fecha 27 de julio del presente a\u00f1o, al tomar conocimiento de ciertos hechos relacionados con la conducta funcionaria de la jueza Cecilia Urbina, se instruy\u00f3 una investigaci\u00f3n sumaria administrativa, de acuerdo al Acta 108-2020 de la E. Corte Suprema de Justicia, siendo designado como Instructor el ministro Pedro Alejandro Castro Espinoza, quien en uso de sus facultades, con fecha 3 de agosto de 2021 suspendi\u00f3 de funciones a dicha magistrada, con el objetivo de resguardar el \u00e9xito de la investigaci\u00f3n y el buen funcionamiento del Tribunal de Garant\u00eda. En tanto, el 8 de agosto del presente, se procedi\u00f3 a formular cargos en contra de la funcionaria investigada.<\/p>\n<p style=\"text-align: justify;\">En la actualidad, el proceso disciplinario se encuentra en etapa de rendici\u00f3n de pruebas, ajust\u00e1ndose su tramitaci\u00f3n a las formalidades \u00a0y plazos previstos en \u00a0el Acta\u00a0antes mencionada.<\/p>\n<\/div><\/section><\/div><div  style='height:50px' class='hr hr-invisible   avia-builder-el-6  el_after_av_one_full  el_before_av_social_share '><span class='hr-inner ' ><span class='hr-inner-style'><\/span><\/span><\/div><\/p>\n<div  class='av-social-sharing-box  avia-builder-el-7  el_after_av_hr  el_before_av_hr  '><div class='av-share-box'><h5 class='av-share-link-description av-no-toc '>Compartir esta noticia<\/h5><ul class='av-share-box-list noLightbox'><li class='av-share-link av-social-link-facebook' ><a target=\"_blank\" aria-label=\"Compartir en Facebook\" href='https:\/\/www.facebook.com\/sharer.php?u=https:\/\/radiorevelacionfm.cl\/?p=7822&#038;t=Corte%20de%20Apelaciones%20de%20Coyhaique%20se%20refiere%20a%20querella%20contra%20magistrada%20Cecilia%20Urbina' aria-hidden='false' data-av_icon='\ue8f3' data-av_iconfont='entypo-fontello' title='' data-avia-related-tooltip='Compartir en Facebook' rel=\"noopener\"><span class='avia_hidden_link_text'>Compartir en Facebook<\/span><\/a><\/li><li class='av-share-link av-social-link-twitter' ><a target=\"_blank\" aria-label=\"Compartir en Twitter\" href='https:\/\/twitter.com\/share?text=Corte%20de%20Apelaciones%20de%20Coyhaique%20se%20refiere%20a%20querella%20contra%20magistrada%20Cecilia%20Urbina&#038;url=https:\/\/radiorevelacionfm.cl\/?p=7822' aria-hidden='false' data-av_icon='\ue8f1' data-av_iconfont='entypo-fontello' title='' data-avia-related-tooltip='Compartir en Twitter' rel=\"noopener\"><span class='avia_hidden_link_text'>Compartir en Twitter<\/span><\/a><\/li><li class='av-share-link av-social-link-whatsapp' ><a target=\"_blank\" aria-label=\"Compartir en Whatsapp\" href='https:\/\/api.whatsapp.com\/send?text=https:\/\/radiorevelacionfm.cl\/?p=7822' aria-hidden='false' data-av_icon='\uf232' data-av_iconfont='entypo-fontello' title='' data-avia-related-tooltip='Compartir en Whatsapp' rel=\"noopener\"><span class='avia_hidden_link_text'>Compartir en Whatsapp<\/span><\/a><\/li><li class='av-share-link av-social-link-linkedin' ><a target=\"_blank\" aria-label=\"Compartir en LinkedIn\" href='https:\/\/linkedin.com\/shareArticle?mini=true&#038;title=Corte%20de%20Apelaciones%20de%20Coyhaique%20se%20refiere%20a%20querella%20contra%20magistrada%20Cecilia%20Urbina&#038;url=https:\/\/radiorevelacionfm.cl\/?p=7822' aria-hidden='false' data-av_icon='\ue8fc' data-av_iconfont='entypo-fontello' title='' data-avia-related-tooltip='Compartir en LinkedIn' rel=\"noopener\"><span class='avia_hidden_link_text'>Compartir en LinkedIn<\/span><\/a><\/li><li class='av-share-link av-social-link-mail' ><a  aria-label=\"Compartir por correo\" href='mailto:?subject=Corte%20de%20Apelaciones%20de%20Coyhaique%20se%20refiere%20a%20querella%20contra%20magistrada%20Cecilia%20Urbina&#038;body=https:\/\/radiorevelacionfm.cl\/?p=7822' aria-hidden='false' data-av_icon='\ue805' data-av_iconfont='entypo-fontello' title='' data-avia-related-tooltip='Compartir por correo'><span class='avia_hidden_link_text'>Compartir por correo<\/span><\/a><\/li><\/ul><\/div><\/div>\n<div  style='height:50px' class='hr hr-invisible   avia-builder-el-8  el_after_av_social_share  el_before_av_comments_list '><span class='hr-inner ' ><span class='hr-inner-style'><\/span><\/span><\/div>\n<div  class='av-buildercomment  av-blog-meta-html-info-disabled av-blog-meta-tag-disabled  '><\/div>\n","protected":false},"excerpt":{"rendered":"","protected":false},"author":1,"featured_media":6281,"comment_status":"open","ping_status":"open","sticky":false,"template":"","format":"standard","meta":{"footnotes":""},"categories":[55],"tags":[],"class_list":["post-7822","post","type-post","status-publish","format-standard","has-post-thumbnail","hentry","category-justicia"],"jetpack_featured_media_url":"https:\/\/radiorevelacionfm.cl\/wp-content\/uploads\/2021\/07\/Foto-02-Corte-Coyhaique-1-1.jpg","_links":{"self":[{"href":"https:\/\/radiorevelacionfm.cl\/index.php?rest_route=\/wp\/v2\/posts\/7822","targetHints":{"allow":["GET"]}}],"collection":[{"href":"https:\/\/radiorevelacionfm.cl\/index.php?rest_route=\/wp\/v2\/posts"}],"about":[{"href":"https:\/\/radiorevelacionfm.cl\/index.php?rest_route=\/wp\/v2\/types\/post"}],"author":[{"embeddable":true,"href":"https:\/\/radiorevelacionfm.cl\/index.php?rest_route=\/wp\/v2\/users\/1"}],"replies":[{"embeddable":true,"href":"https:\/\/radiorevelacionfm.cl\/index.php?rest_route=%2Fwp%2Fv2%2Fcomments&post=7822"}],"version-history":[{"count":1,"href":"https:\/\/radiorevelacionfm.cl\/index.php?rest_route=\/wp\/v2\/posts\/7822\/revisions"}],"predecessor-version":[{"id":7823,"href":"https:\/\/radiorevelacionfm.cl\/index.php?rest_route=\/wp\/v2\/posts\/7822\/revisions\/7823"}],"wp:featuredmedia":[{"embeddable":true,"href":"https:\/\/radiorevelacionfm.cl\/index.php?rest_route=\/wp\/v2\/media\/6281"}],"wp:attachment":[{"href":"https:\/\/radiorevelacionfm.cl\/index.php?rest_route=%2Fwp%2Fv2%2Fmedia&parent=7822"}],"wp:term":[{"taxonomy":"category","embeddable":true,"href":"https:\/\/radiorevelacionfm.cl\/index.php?rest_route=%2Fwp%2Fv2%2Fcategories&post=7822"},{"taxonomy":"post_tag","embeddable":true,"href":"https:\/\/radiorevelacionfm.cl\/index.php?rest_route=%2Fwp%2Fv2%2Ftags&post=7822"}],"curies":[{"name":"wp","href":"https:\/\/api.w.org\/{rel}","templated":true}]}}