{"id":7819,"date":"2021-08-24T10:31:57","date_gmt":"2021-08-24T13:31:57","guid":{"rendered":"https:\/\/radiorevelacionfm.cl\/?p=7819"},"modified":"2021-08-24T10:31:57","modified_gmt":"2021-08-24T13:31:57","slug":"entregan-reconocimiento-a-ninos-as-que-participaron-en-desafio-virtual-de-baile","status":"publish","type":"post","link":"https:\/\/radiorevelacionfm.cl\/?p=7819","title":{"rendered":"Entregan reconocimiento a ni\u00f1os\/as que participaron en desaf\u00edo virtual de baile"},"content":{"rendered":"<div class=\"flex_column av_one_full  flex_column_div av-zero-column-padding first  avia-builder-el-0  el_before_av_one_full  avia-builder-el-first  \" style='border-radius:0px; '><div  class='avia-image-container  av-styling-    avia-builder-el-1  avia-builder-el-no-sibling  avia-align-center '  itemprop=\"image\" itemscope=\"itemscope\" itemtype=\"https:\/\/schema.org\/ImageObject\"  ><div class='avia-image-container-inner'><div class='avia-image-overlay-wrap'><img decoding=\"async\" class='wp-image-7820 avia-img-lazy-loading-not-7820 avia_image' src=\"https:\/\/radiorevelacionfm.cl\/wp-content\/uploads\/2021\/08\/2-16-1.jpeg\" alt='' title='2 (16) (1)' height=\"600\" width=\"800\"  itemprop=\"thumbnailUrl\" srcset=\"https:\/\/radiorevelacionfm.cl\/wp-content\/uploads\/2021\/08\/2-16-1.jpeg 800w, https:\/\/radiorevelacionfm.cl\/wp-content\/uploads\/2021\/08\/2-16-1-300x225.jpeg 300w, https:\/\/radiorevelacionfm.cl\/wp-content\/uploads\/2021\/08\/2-16-1-768x576.jpeg 768w, https:\/\/radiorevelacionfm.cl\/wp-content\/uploads\/2021\/08\/2-16-1-705x529.jpeg 705w, https:\/\/radiorevelacionfm.cl\/wp-content\/uploads\/2021\/08\/2-16-1-600x450.jpeg 600w\" sizes=\"(max-width: 800px) 100vw, 800px\" \/><\/div><\/div><\/div><\/div><div class=\"flex_column av_one_full  flex_column_div av-zero-column-padding first  avia-builder-el-2  el_after_av_one_full  el_before_av_one_full  column-top-margin\" style='border-radius:0px; '><section class=\"av_textblock_section \"  itemscope=\"itemscope\" itemtype=\"https:\/\/schema.org\/BlogPosting\" itemprop=\"blogPost\" ><div class='avia_textblock  '   itemprop=\"text\" ><p style=\"text-align: center;\"><strong><span style=\"font-size: 18pt;\">Entregan reconocimiento a ni\u00f1os\/as que participaron en desaf\u00edo virtual de baile<\/span><\/strong><\/p>\n<div id=\"gtx-trans\" style=\"position: absolute; left: -50px; top: 4.31534px;\">\n<div class=\"gtx-trans-icon\"><\/div>\n<\/div>\n<\/div><\/section><\/div><div class=\"flex_column av_one_full  flex_column_div av-zero-column-padding first  avia-builder-el-4  el_after_av_one_full  el_before_av_hr  column-top-margin\" style='border-radius:0px; '><section class=\"av_textblock_section \"  itemscope=\"itemscope\" itemtype=\"https:\/\/schema.org\/BlogPosting\" itemprop=\"blogPost\" ><div class='avia_textblock  '   itemprop=\"text\" ><p class=\"v1MsoNormal\" style=\"text-align: justify;\">Este lunes, la Junta Nacional de Jardines Infantiles (JUNJI) en alianza con el Ministerio del Deporte (Mindep) e Instituto Nacional de Deportes (IND) regi\u00f3n de Ays\u00e9n, realizaron la ceremonia de reconocimiento a los menores que participaron en el desaf\u00edo enviado videos con sus coreograf\u00edas favoritas.<\/p>\n<p class=\"v1MsoNormal\" style=\"text-align: justify;\">A la actividad realizada en el Centro de Entrenamiento Regional de Coyhaique asisti\u00f3 la Directora Regional (s) Junji Ays\u00e9n, Francisca Sandoval quien se\u00f1al\u00f3 \u00abestamos muy contentos de esta alianza con la Serem\u00eda del Deporte e IND\u00a0 ya que como instituci\u00f3n abocados a la educaci\u00f3n inicial estamos muy preocupados de fomentar las actividades deportivas a trav\u00e9s del juego y el baile y tambi\u00e9n estamos muy agradecidos de la participaci\u00f3n de las familias en este desaf\u00edo donde los ni\u00f1os y ni\u00f1as son protagonistas de su propio aprendizaje\u00bb.<\/p>\n<p class=\"v1MsoNormal\" style=\"text-align: justify;\">Por su parte, el Seremi del Deporte Rodrigo Cubilla Retamal precis\u00f3 \u00abponer a los ni\u00f1os primero en la fila es el compromiso del Gobierno y hoy estamos reconociendo no s\u00f3lo a los ni\u00f1os y ni\u00f1as de nuestra regi\u00f3n sino que tambi\u00e9n a sus padres y a todos los profesionales y t\u00e9cnicos de los jardines infantiles quienes los motivaron a participar de este desaf\u00edo para fomentar desde peque\u00f1os la actividad f\u00edsica y as\u00ed combatir el sedentarismo y la obesidad infantil\u00bb.<\/p>\n<p class=\"v1MsoNormal\" style=\"text-align: justify;\">\u00abPrimero que todo felicitar a los ni\u00f1os y a sus\u00a0 familias por responder a esta convocatoria en la que participaron menores de entre 2 y 10 a\u00f1os de edad, actividad que esperamos replicar, creando h\u00e1bitos y estilos de vida saludables trav\u00e9s del juego y la danza\u00bb, se\u00f1al\u00f3 el Director Regional del IND Jos\u00e9 Manuel Sep\u00falveda.<\/p>\n<p class=\"v1MsoNormal\" style=\"text-align: justify;\">Durante la ceremonia de reconocimiento, los menores recibieron kits deportivos consistentes en morral institucional, poleras, jockey, caramayolas, lentes para nataci\u00f3n y cuerdas para saltar.<\/p>\n<\/div><\/section><\/div><div  style='height:50px' class='hr hr-invisible   avia-builder-el-6  el_after_av_one_full  el_before_av_social_share '><span class='hr-inner ' ><span class='hr-inner-style'><\/span><\/span><\/div><\/p>\n<div  class='av-social-sharing-box  avia-builder-el-7  el_after_av_hr  el_before_av_hr  '><div class='av-share-box'><h5 class='av-share-link-description av-no-toc '>Compartir esta noticia<\/h5><ul class='av-share-box-list noLightbox'><li class='av-share-link av-social-link-facebook' ><a target=\"_blank\" aria-label=\"Compartir en Facebook\" href='https:\/\/www.facebook.com\/sharer.php?u=https:\/\/radiorevelacionfm.cl\/?p=7819&#038;t=Entregan%20reconocimiento%20a%20ni%C3%B1os%2Fas%20que%20participaron%20en%20desaf%C3%ADo%20virtual%20de%20baile' aria-hidden='false' data-av_icon='\ue8f3' data-av_iconfont='entypo-fontello' title='' data-avia-related-tooltip='Compartir en Facebook' rel=\"noopener\"><span class='avia_hidden_link_text'>Compartir en Facebook<\/span><\/a><\/li><li class='av-share-link av-social-link-twitter' ><a target=\"_blank\" aria-label=\"Compartir en Twitter\" href='https:\/\/twitter.com\/share?text=Entregan%20reconocimiento%20a%20ni%C3%B1os%2Fas%20que%20participaron%20en%20desaf%C3%ADo%20virtual%20de%20baile&#038;url=https:\/\/radiorevelacionfm.cl\/?p=7819' aria-hidden='false' data-av_icon='\ue8f1' data-av_iconfont='entypo-fontello' title='' data-avia-related-tooltip='Compartir en Twitter' rel=\"noopener\"><span class='avia_hidden_link_text'>Compartir en Twitter<\/span><\/a><\/li><li class='av-share-link av-social-link-whatsapp' ><a target=\"_blank\" aria-label=\"Compartir en Whatsapp\" href='https:\/\/api.whatsapp.com\/send?text=https:\/\/radiorevelacionfm.cl\/?p=7819' aria-hidden='false' data-av_icon='\uf232' data-av_iconfont='entypo-fontello' title='' data-avia-related-tooltip='Compartir en Whatsapp' rel=\"noopener\"><span class='avia_hidden_link_text'>Compartir en Whatsapp<\/span><\/a><\/li><li class='av-share-link av-social-link-linkedin' ><a target=\"_blank\" aria-label=\"Compartir en LinkedIn\" href='https:\/\/linkedin.com\/shareArticle?mini=true&#038;title=Entregan%20reconocimiento%20a%20ni%C3%B1os%2Fas%20que%20participaron%20en%20desaf%C3%ADo%20virtual%20de%20baile&#038;url=https:\/\/radiorevelacionfm.cl\/?p=7819' aria-hidden='false' data-av_icon='\ue8fc' data-av_iconfont='entypo-fontello' title='' data-avia-related-tooltip='Compartir en LinkedIn' rel=\"noopener\"><span class='avia_hidden_link_text'>Compartir en LinkedIn<\/span><\/a><\/li><li class='av-share-link av-social-link-mail' ><a  aria-label=\"Compartir por correo\" href='mailto:?subject=Entregan%20reconocimiento%20a%20ni%C3%B1os%2Fas%20que%20participaron%20en%20desaf%C3%ADo%20virtual%20de%20baile&#038;body=https:\/\/radiorevelacionfm.cl\/?p=7819' aria-hidden='false' data-av_icon='\ue805' data-av_iconfont='entypo-fontello' title='' data-avia-related-tooltip='Compartir por correo'><span class='avia_hidden_link_text'>Compartir por correo<\/span><\/a><\/li><\/ul><\/div><\/div>\n<div  style='height:50px' class='hr hr-invisible   avia-builder-el-8  el_after_av_social_share  el_before_av_comments_list '><span class='hr-inner ' ><span class='hr-inner-style'><\/span><\/span><\/div>\n<div  class='av-buildercomment  av-blog-meta-html-info-disabled av-blog-meta-tag-disabled  '><\/div>\n","protected":false},"excerpt":{"rendered":"","protected":false},"author":1,"featured_media":7820,"comment_status":"open","ping_status":"open","sticky":false,"template":"","format":"standard","meta":{"footnotes":""},"categories":[40],"tags":[],"class_list":["post-7819","post","type-post","status-publish","format-standard","has-post-thumbnail","hentry","category-deportes"],"jetpack_featured_media_url":"https:\/\/radiorevelacionfm.cl\/wp-content\/uploads\/2021\/08\/2-16-1.jpeg","_links":{"self":[{"href":"https:\/\/radiorevelacionfm.cl\/index.php?rest_route=\/wp\/v2\/posts\/7819","targetHints":{"allow":["GET"]}}],"collection":[{"href":"https:\/\/radiorevelacionfm.cl\/index.php?rest_route=\/wp\/v2\/posts"}],"about":[{"href":"https:\/\/radiorevelacionfm.cl\/index.php?rest_route=\/wp\/v2\/types\/post"}],"author":[{"embeddable":true,"href":"https:\/\/radiorevelacionfm.cl\/index.php?rest_route=\/wp\/v2\/users\/1"}],"replies":[{"embeddable":true,"href":"https:\/\/radiorevelacionfm.cl\/index.php?rest_route=%2Fwp%2Fv2%2Fcomments&post=7819"}],"version-history":[{"count":1,"href":"https:\/\/radiorevelacionfm.cl\/index.php?rest_route=\/wp\/v2\/posts\/7819\/revisions"}],"predecessor-version":[{"id":7821,"href":"https:\/\/radiorevelacionfm.cl\/index.php?rest_route=\/wp\/v2\/posts\/7819\/revisions\/7821"}],"wp:featuredmedia":[{"embeddable":true,"href":"https:\/\/radiorevelacionfm.cl\/index.php?rest_route=\/wp\/v2\/media\/7820"}],"wp:attachment":[{"href":"https:\/\/radiorevelacionfm.cl\/index.php?rest_route=%2Fwp%2Fv2%2Fmedia&parent=7819"}],"wp:term":[{"taxonomy":"category","embeddable":true,"href":"https:\/\/radiorevelacionfm.cl\/index.php?rest_route=%2Fwp%2Fv2%2Fcategories&post=7819"},{"taxonomy":"post_tag","embeddable":true,"href":"https:\/\/radiorevelacionfm.cl\/index.php?rest_route=%2Fwp%2Fv2%2Ftags&post=7819"}],"curies":[{"name":"wp","href":"https:\/\/api.w.org\/{rel}","templated":true}]}}