{"id":7816,"date":"2021-08-24T10:41:37","date_gmt":"2021-08-24T13:41:37","guid":{"rendered":"https:\/\/radiorevelacionfm.cl\/?p=7816"},"modified":"2021-08-24T11:23:08","modified_gmt":"2021-08-24T14:23:08","slug":"senda-avanza-en-la-implementacion-del-programa-de-parentalidad","status":"publish","type":"post","link":"https:\/\/radiorevelacionfm.cl\/?p=7816","title":{"rendered":"SENDA avanza en la implementaci\u00f3n del Programa de Parentalidad"},"content":{"rendered":"<div class=\"flex_column av_one_full  flex_column_div av-zero-column-padding first  avia-builder-el-0  el_before_av_one_full  avia-builder-el-first  \" style='border-radius:0px; '><div  class='avia-image-container  av-styling-    avia-builder-el-1  avia-builder-el-no-sibling  avia-align-center '  itemprop=\"image\" itemscope=\"itemscope\" itemtype=\"https:\/\/schema.org\/ImageObject\"  ><div class='avia-image-container-inner'><div class='avia-image-overlay-wrap'><img decoding=\"async\" class='wp-image-7817 avia-img-lazy-loading-not-7817 avia_image' src=\"https:\/\/radiorevelacionfm.cl\/wp-content\/uploads\/2021\/08\/Parentalidad-3-1.jpg\" alt='' title='Parentalidad 3 (1)' height=\"376\" width=\"548\"  itemprop=\"thumbnailUrl\" srcset=\"https:\/\/radiorevelacionfm.cl\/wp-content\/uploads\/2021\/08\/Parentalidad-3-1.jpg 548w, https:\/\/radiorevelacionfm.cl\/wp-content\/uploads\/2021\/08\/Parentalidad-3-1-300x206.jpg 300w\" sizes=\"(max-width: 548px) 100vw, 548px\" \/><\/div><\/div><\/div><\/div><div class=\"flex_column av_one_full  flex_column_div av-zero-column-padding first  avia-builder-el-2  el_after_av_one_full  el_before_av_one_full  column-top-margin\" style='border-radius:0px; '><section class=\"av_textblock_section \"  itemscope=\"itemscope\" itemtype=\"https:\/\/schema.org\/BlogPosting\" itemprop=\"blogPost\" ><div class='avia_textblock  '   itemprop=\"text\" ><p style=\"text-align: center;\"><strong><span style=\"font-size: 18pt;\">SENDA avanza en la implementaci\u00f3n del Programa de Parentalidad<\/span><\/strong><\/p>\n<div id=\"gtx-trans\" style=\"position: absolute; left: -50px; top: 4.31534px;\">\n<div class=\"gtx-trans-icon\"><\/div>\n<\/div>\n<\/div><\/section><\/div><div class=\"flex_column av_one_full  flex_column_div av-zero-column-padding first  avia-builder-el-4  el_after_av_one_full  el_before_av_hr  column-top-margin\" style='border-radius:0px; '><section class=\"av_textblock_section \"  itemscope=\"itemscope\" itemtype=\"https:\/\/schema.org\/BlogPosting\" itemprop=\"blogPost\" ><div class='avia_textblock  '   itemprop=\"text\" ><p style=\"text-align: justify;\">Como parte del trabajo t\u00e9cnico que realizan los equipos comunales de Coyhaique y Ays\u00e9n del SENDA con la asesor\u00eda de la Direcci\u00f3n Regional, se sigue avanzando en la implementaci\u00f3n del Programa de Parentalidad, programa basado en la evidencia que busca fortalecer el involucramiento parental de padres, madres y adultos cuidadores en b\u00fasqueda de aumentar factores protectores que permitan prevenir el consumo de alcohol y otras drogas en ni\u00f1os, ni\u00f1as y adolescentes y disminuir los factores de riesgo.<\/p>\n<p style=\"text-align: justify;\">Tanto en la comuna de Coyhaique como la comuna de Ays\u00e9n, en donde el SENDA implementa oferta por medio de convenios de transferencia t\u00e9cnica y financiera, los profesionales del Programa de Parentalidad ya dieron inicio a las sesiones de trabajo grupal que contempla el modelo de intervenci\u00f3n, tras haber concluido las etapas iniciales de implementaci\u00f3n exigidas por las orientaciones t\u00e9cnicas del programa y se espera tener cerrado el proceso para el mes de noviembre del a\u00f1o en curso.<\/p>\n<p style=\"text-align: justify;\">La Directora Regional de Senda, Annie Katherine Hunter Guti\u00e9rrez refiri\u00e9ndose al respecto se\u00f1al\u00f3: \u201cAl igual que el a\u00f1o pasado, en pleno per\u00edodo pand\u00e9mico hemos logrado hacer eco de las palabras de nuestro Director Nacional Carlos Charme Fuentes en el sentido de poner a las personas en el centro del trabajo de SENDA y es as\u00ed, como a pesar de las circunstancias, se han duplicado los esfuerzos por seguir avanzando en el importante trabajo preventivo, adapt\u00e1ndonos a las necesidad de los padres, madres y adultos cuidadores que han querido acceder al programa; estamos satisfechos por lo logrado hasta el momento y esperanzados en que el proceso concluya satisfactoriamente a finales de este a\u00f1o, al igual que los a\u00f1os anteriores.<\/p>\n<p style=\"text-align: justify;\">El Programa de Parentalidad del SENDA y su ejecuci\u00f3n, aporta a la implementaci\u00f3n del pilar familia del Plan Nacional de Prevenci\u00f3n del consumo de Drogas en ni\u00f1os, ni\u00f1as y adolescentes Elige Vivir Sin Drogas, plan que se implementa en la regi\u00f3n de Ays\u00e9n por el SENDA en convenio con los Municipios de Coyhaique y Ays\u00e9n.<\/p>\n<\/div><\/section><\/div><div  style='height:50px' class='hr hr-invisible   avia-builder-el-6  el_after_av_one_full  el_before_av_social_share '><span class='hr-inner ' ><span class='hr-inner-style'><\/span><\/span><\/div><\/p>\n<div  class='av-social-sharing-box  avia-builder-el-7  el_after_av_hr  el_before_av_hr  '><div class='av-share-box'><h5 class='av-share-link-description av-no-toc '>Compartir esta noticia<\/h5><ul class='av-share-box-list noLightbox'><li class='av-share-link av-social-link-facebook' ><a target=\"_blank\" aria-label=\"Compartir en Facebook\" href='https:\/\/www.facebook.com\/sharer.php?u=https:\/\/radiorevelacionfm.cl\/?p=7816&#038;t=SENDA%20avanza%20en%20la%20implementaci%C3%B3n%20del%20Programa%20de%20Parentalidad' aria-hidden='false' data-av_icon='\ue8f3' data-av_iconfont='entypo-fontello' title='' data-avia-related-tooltip='Compartir en Facebook' rel=\"noopener\"><span class='avia_hidden_link_text'>Compartir en Facebook<\/span><\/a><\/li><li class='av-share-link av-social-link-twitter' ><a target=\"_blank\" aria-label=\"Compartir en Twitter\" href='https:\/\/twitter.com\/share?text=SENDA%20avanza%20en%20la%20implementaci%C3%B3n%20del%20Programa%20de%20Parentalidad&#038;url=https:\/\/radiorevelacionfm.cl\/?p=7816' aria-hidden='false' data-av_icon='\ue8f1' data-av_iconfont='entypo-fontello' title='' data-avia-related-tooltip='Compartir en Twitter' rel=\"noopener\"><span class='avia_hidden_link_text'>Compartir en Twitter<\/span><\/a><\/li><li class='av-share-link av-social-link-whatsapp' ><a target=\"_blank\" aria-label=\"Compartir en Whatsapp\" href='https:\/\/api.whatsapp.com\/send?text=https:\/\/radiorevelacionfm.cl\/?p=7816' aria-hidden='false' data-av_icon='\uf232' data-av_iconfont='entypo-fontello' title='' data-avia-related-tooltip='Compartir en Whatsapp' rel=\"noopener\"><span class='avia_hidden_link_text'>Compartir en Whatsapp<\/span><\/a><\/li><li class='av-share-link av-social-link-linkedin' ><a target=\"_blank\" aria-label=\"Compartir en LinkedIn\" href='https:\/\/linkedin.com\/shareArticle?mini=true&#038;title=SENDA%20avanza%20en%20la%20implementaci%C3%B3n%20del%20Programa%20de%20Parentalidad&#038;url=https:\/\/radiorevelacionfm.cl\/?p=7816' aria-hidden='false' data-av_icon='\ue8fc' data-av_iconfont='entypo-fontello' title='' data-avia-related-tooltip='Compartir en LinkedIn' rel=\"noopener\"><span class='avia_hidden_link_text'>Compartir en LinkedIn<\/span><\/a><\/li><li class='av-share-link av-social-link-mail' ><a  aria-label=\"Compartir por correo\" href='mailto:?subject=SENDA%20avanza%20en%20la%20implementaci%C3%B3n%20del%20Programa%20de%20Parentalidad&#038;body=https:\/\/radiorevelacionfm.cl\/?p=7816' aria-hidden='false' data-av_icon='\ue805' data-av_iconfont='entypo-fontello' title='' data-avia-related-tooltip='Compartir por correo'><span class='avia_hidden_link_text'>Compartir por correo<\/span><\/a><\/li><\/ul><\/div><\/div>\n<div  style='height:50px' class='hr hr-invisible   avia-builder-el-8  el_after_av_social_share  el_before_av_comments_list '><span class='hr-inner ' ><span class='hr-inner-style'><\/span><\/span><\/div>\n<div  class='av-buildercomment  av-blog-meta-html-info-disabled av-blog-meta-tag-disabled  '><\/div>\n","protected":false},"excerpt":{"rendered":"","protected":false},"author":1,"featured_media":7828,"comment_status":"open","ping_status":"open","sticky":false,"template":"","format":"standard","meta":{"footnotes":""},"categories":[38],"tags":[],"class_list":["post-7816","post","type-post","status-publish","format-standard","has-post-thumbnail","hentry","category-regional"],"jetpack_featured_media_url":"https:\/\/radiorevelacionfm.cl\/wp-content\/uploads\/2021\/08\/Parentalidad-1-1.jpg","_links":{"self":[{"href":"https:\/\/radiorevelacionfm.cl\/index.php?rest_route=\/wp\/v2\/posts\/7816","targetHints":{"allow":["GET"]}}],"collection":[{"href":"https:\/\/radiorevelacionfm.cl\/index.php?rest_route=\/wp\/v2\/posts"}],"about":[{"href":"https:\/\/radiorevelacionfm.cl\/index.php?rest_route=\/wp\/v2\/types\/post"}],"author":[{"embeddable":true,"href":"https:\/\/radiorevelacionfm.cl\/index.php?rest_route=\/wp\/v2\/users\/1"}],"replies":[{"embeddable":true,"href":"https:\/\/radiorevelacionfm.cl\/index.php?rest_route=%2Fwp%2Fv2%2Fcomments&post=7816"}],"version-history":[{"count":1,"href":"https:\/\/radiorevelacionfm.cl\/index.php?rest_route=\/wp\/v2\/posts\/7816\/revisions"}],"predecessor-version":[{"id":7818,"href":"https:\/\/radiorevelacionfm.cl\/index.php?rest_route=\/wp\/v2\/posts\/7816\/revisions\/7818"}],"wp:featuredmedia":[{"embeddable":true,"href":"https:\/\/radiorevelacionfm.cl\/index.php?rest_route=\/wp\/v2\/media\/7828"}],"wp:attachment":[{"href":"https:\/\/radiorevelacionfm.cl\/index.php?rest_route=%2Fwp%2Fv2%2Fmedia&parent=7816"}],"wp:term":[{"taxonomy":"category","embeddable":true,"href":"https:\/\/radiorevelacionfm.cl\/index.php?rest_route=%2Fwp%2Fv2%2Fcategories&post=7816"},{"taxonomy":"post_tag","embeddable":true,"href":"https:\/\/radiorevelacionfm.cl\/index.php?rest_route=%2Fwp%2Fv2%2Ftags&post=7816"}],"curies":[{"name":"wp","href":"https:\/\/api.w.org\/{rel}","templated":true}]}}