{"id":7813,"date":"2021-08-23T20:19:21","date_gmt":"2021-08-23T23:19:21","guid":{"rendered":"https:\/\/radiorevelacionfm.cl\/?p=7813"},"modified":"2021-08-23T20:19:21","modified_gmt":"2021-08-23T23:19:21","slug":"hasta-el-miercoles-25-se-extiende-inscripcion-a-la-prueba-de-transicion","status":"publish","type":"post","link":"https:\/\/radiorevelacionfm.cl\/?p=7813","title":{"rendered":"Hasta el mi\u00e9rcoles 25 se extiende inscripci\u00f3n a la Prueba de Transici\u00f3n"},"content":{"rendered":"<div class=\"flex_column av_one_full  flex_column_div av-zero-column-padding first  avia-builder-el-0  el_before_av_one_full  avia-builder-el-first  \" style='border-radius:0px; '><div  class='avia-image-container  av-styling-    avia-builder-el-1  avia-builder-el-no-sibling  avia-align-center '  itemprop=\"image\" itemscope=\"itemscope\" itemtype=\"https:\/\/schema.org\/ImageObject\"  ><div class='avia-image-container-inner'><div class='avia-image-overlay-wrap'><img decoding=\"async\" class='wp-image-7814 avia-img-lazy-loading-not-7814 avia_image' src=\"https:\/\/radiorevelacionfm.cl\/wp-content\/uploads\/2021\/08\/extension-plazo-inscripcion-PDT-1.jpeg\" alt='' title='extensi\u00f3n plazo inscripci\u00f3n PDT (1)' height=\"454\" width=\"768\"  itemprop=\"thumbnailUrl\" srcset=\"https:\/\/radiorevelacionfm.cl\/wp-content\/uploads\/2021\/08\/extension-plazo-inscripcion-PDT-1.jpeg 768w, https:\/\/radiorevelacionfm.cl\/wp-content\/uploads\/2021\/08\/extension-plazo-inscripcion-PDT-1-300x177.jpeg 300w, https:\/\/radiorevelacionfm.cl\/wp-content\/uploads\/2021\/08\/extension-plazo-inscripcion-PDT-1-705x417.jpeg 705w, https:\/\/radiorevelacionfm.cl\/wp-content\/uploads\/2021\/08\/extension-plazo-inscripcion-PDT-1-600x355.jpeg 600w\" sizes=\"(max-width: 768px) 100vw, 768px\" \/><\/div><\/div><\/div><\/div><div class=\"flex_column av_one_full  flex_column_div av-zero-column-padding first  avia-builder-el-2  el_after_av_one_full  el_before_av_one_full  column-top-margin\" style='border-radius:0px; '><section class=\"av_textblock_section \"  itemscope=\"itemscope\" itemtype=\"https:\/\/schema.org\/BlogPosting\" itemprop=\"blogPost\" ><div class='avia_textblock  '   itemprop=\"text\" ><p style=\"text-align: center;\"><strong><span style=\"font-size: 18pt;\">Hasta el mi\u00e9rcoles 25 se extiende inscripci\u00f3n a la Prueba de Transici\u00f3n<\/span><\/strong><\/p>\n<div id=\"gtx-trans\" style=\"position: absolute; left: -50px; top: 4.31534px;\">\n<div class=\"gtx-trans-icon\"><\/div>\n<\/div>\n<\/div><\/section><\/div><div class=\"flex_column av_one_full  flex_column_div av-zero-column-padding first  avia-builder-el-4  el_after_av_one_full  el_before_av_hr  column-top-margin\" style='border-radius:0px; '><section class=\"av_textblock_section \"  itemscope=\"itemscope\" itemtype=\"https:\/\/schema.org\/BlogPosting\" itemprop=\"blogPost\" ><div class='avia_textblock  '   itemprop=\"text\" ><p class=\"v1MsoNormal\" style=\"text-align: justify;\">Con el objetivo de que ning\u00fan postulante quede fuera del proceso, el Sistema de Acceso a la Educaci\u00f3n Superior ampli\u00f3 el plazo de inscripci\u00f3n hasta las 18:00 horas de este mi\u00e9rcoles en el portal acceso.mineduc.cl. La inscripci\u00f3n no tiene costo para los estudiantes de IV medio de colegios p\u00fablicos y subvencionados.<\/p>\n<p class=\"v1MsoNormal\" style=\"text-align: justify;\">Luego de que m\u00e1s de 261 mil j\u00f3venes se inscribieran a la Prueba de Transici\u00f3n, hoy el Sistema de Acceso a la Educaci\u00f3n Superior anunci\u00f3 una \u00faltima ampliaci\u00f3n del plazo de inscripci\u00f3n, el que se extender\u00e1 hasta este mi\u00e9rcoles 25 de agosto a las 18:00 horas. As\u00ed, a trav\u00e9s del portal acceso.mineduc.cl se pueden inscribir tanto los estudiantes de IV Medio como los alumnos de generaciones anteriores que quieran rendir la prueba la semana del 6 de diciembre y, con ello, postular a las 45 universidades adscritas al Sistema de Acceso.<\/p>\n<p class=\"v1MsoNormal\" style=\"text-align: justify;\">Es importante recordar que los alumnos que est\u00e1n cursando IV Medio en establecimientos municipales, de servicios locales de educaci\u00f3n, particulares subvencionados y de administraci\u00f3n delegada quedar\u00e1n exentos de pago, sum\u00e1ndose as\u00ed a los m\u00e1s de 157 mil estudiantes que ya accedieron al beneficio otorgado por la Subsecretar\u00eda de Educaci\u00f3n Superior.<\/p>\n<p class=\"v1MsoNormal\" style=\"text-align: justify;\">\u201cNuestro Sistema de Acceso tiene como pilar trabajar por los estudiantes y es por eso que, junto al DEMRE de la Universidad de Chile, hemos abierto un \u00faltimo proceso de dos d\u00edas para que aquellos interesados que por diversos motivos a\u00fan no se han inscrito puedan hacerlo en esta \u00faltima oportunidad que estamos entregando. El proceso es muy simple y toda la informaci\u00f3n para hacerlo est\u00e1 en el portal acceso.mineduc.cl\u201d, explic\u00f3 el subsecretario de Educaci\u00f3n Superior, Juan Eduardo Vargas.<\/p>\n<p class=\"v1MsoNormal\" style=\"text-align: justify;\">Leonor Varas, directora del DEMRE de la Universidad de Chile, destac\u00f3 que se est\u00e1 trabajando en mejorar las pruebas y el sistema de admisi\u00f3n en general, para hacerlo m\u00e1s justo e inclusivo. \u201cHace unos d\u00edas, adem\u00e1s, inauguramos de manera online cuatro nuevas sedes de rendici\u00f3n. Ah\u00ed, las y los postulantes de Quintero, Los Lagos, Tir\u00faa y Villa O\u2019Higgins se mostraron muy contentos de poder dar la PDT en sus comunas y no tener que trasladarse a otros lugares, lo que significaba mayor ansiedad\u201d.<\/p>\n<p class=\"v1MsoNormal\" style=\"text-align: justify;\">El subsecretario Vargas record\u00f3 que, para apoyar a los j\u00f3venes en el contexto de la pandemia, el Ministerio de Educaci\u00f3n ha puesto a disposici\u00f3n de los postulantes la oportunidad de acceder de forma gratuita a dos preuniversitarios online, a los que se pueden inscribir a trav\u00e9s del portal aprendoenlinea.mineduc.cl. Asimismo, en los portales de Acceso y DEMRE los j\u00f3venes podr\u00e1n acceder a los ensayos oficiales de la Prueba de Transici\u00f3n -de los cuales uno, junto al preuniversitario CPECH ya tiene m\u00e1s de 70 mil inscritos- y a las gu\u00edas de resoluci\u00f3n de cada una de ellas para complementar su proceso de preparaci\u00f3n.<\/p>\n<p class=\"v1MsoNormal\" style=\"text-align: justify;\">El Seremi de Educaci\u00f3n de Ays\u00e9n Sergio Becerra Mera inform\u00f3 que a la fecha se han inscrito 1763 j\u00f3venes para rendir el examen de admisi\u00f3n a las universidades chilenas.<\/p>\n<p class=\"v1MsoNormal\" style=\"text-align: justify;\"><b>C\u00f3mo inscribirse<\/b><\/p>\n<p class=\"v1MsoNormal\" style=\"text-align: justify;\">El formulario de inscripci\u00f3n se encuentra disponible en acceso.mineduc.cl. En ese portal y en www.demre.cl, los j\u00f3venes podr\u00e1n encontrar material para prepararse para la Prueba de Transici\u00f3n e informaci\u00f3n con las instrucciones generales para inscribirse de manera adecuada. Para inscribirse es necesario contar con C\u00e9dula de Identidad Chilena (aunque est\u00e9 vencida), Pasaporte o Identificador Provisorio Escolar (IPE). Aquellas personas chilenas que a la fecha de cierre del per\u00edodo extraordinario (25 de agosto) no cuenten con su C\u00e9dula de Identidad o esta se encuentre en tr\u00e1mite o bloqueada, podr\u00e1n inscribirse siguiendo el procedimiento correspondiente que estar\u00e1 disponible en los portales ya mencionados.<\/p>\n<p class=\"v1MsoNormal\" style=\"text-align: justify;\">Adicionalmente, quienes tengan problemas respecto de sus notas de ense\u00f1anza media, podr\u00e1n inscribirse, debiendo regularizar de igual forma sus antecedentes en MINEDUC. Y ante cualquier duda, pueden comunicarse con Ayuda Mineduc, al 600 600 26 26 (desde celulares, al 224066600), o a la Mesa de Ayuda DEMRE, al 229783806.<\/p>\n<\/div><\/section><\/div><div  style='height:50px' class='hr hr-invisible   avia-builder-el-6  el_after_av_one_full  el_before_av_social_share '><span class='hr-inner ' ><span class='hr-inner-style'><\/span><\/span><\/div><\/p>\n<div  class='av-social-sharing-box  avia-builder-el-7  el_after_av_hr  el_before_av_hr  '><div class='av-share-box'><h5 class='av-share-link-description av-no-toc '>Compartir esta noticia<\/h5><ul class='av-share-box-list noLightbox'><li class='av-share-link av-social-link-facebook' ><a target=\"_blank\" aria-label=\"Compartir en Facebook\" href='https:\/\/www.facebook.com\/sharer.php?u=https:\/\/radiorevelacionfm.cl\/?p=7813&#038;t=Hasta%20el%20mi%C3%A9rcoles%2025%20se%20extiende%20inscripci%C3%B3n%20a%20la%20Prueba%20de%20Transici%C3%B3n' aria-hidden='false' data-av_icon='\ue8f3' data-av_iconfont='entypo-fontello' title='' data-avia-related-tooltip='Compartir en Facebook' rel=\"noopener\"><span class='avia_hidden_link_text'>Compartir en Facebook<\/span><\/a><\/li><li class='av-share-link av-social-link-twitter' ><a target=\"_blank\" aria-label=\"Compartir en Twitter\" href='https:\/\/twitter.com\/share?text=Hasta%20el%20mi%C3%A9rcoles%2025%20se%20extiende%20inscripci%C3%B3n%20a%20la%20Prueba%20de%20Transici%C3%B3n&#038;url=https:\/\/radiorevelacionfm.cl\/?p=7813' aria-hidden='false' data-av_icon='\ue8f1' data-av_iconfont='entypo-fontello' title='' data-avia-related-tooltip='Compartir en Twitter' rel=\"noopener\"><span class='avia_hidden_link_text'>Compartir en Twitter<\/span><\/a><\/li><li class='av-share-link av-social-link-whatsapp' ><a target=\"_blank\" aria-label=\"Compartir en Whatsapp\" href='https:\/\/api.whatsapp.com\/send?text=https:\/\/radiorevelacionfm.cl\/?p=7813' aria-hidden='false' data-av_icon='\uf232' data-av_iconfont='entypo-fontello' title='' data-avia-related-tooltip='Compartir en Whatsapp' rel=\"noopener\"><span class='avia_hidden_link_text'>Compartir en Whatsapp<\/span><\/a><\/li><li class='av-share-link av-social-link-linkedin' ><a target=\"_blank\" aria-label=\"Compartir en LinkedIn\" href='https:\/\/linkedin.com\/shareArticle?mini=true&#038;title=Hasta%20el%20mi%C3%A9rcoles%2025%20se%20extiende%20inscripci%C3%B3n%20a%20la%20Prueba%20de%20Transici%C3%B3n&#038;url=https:\/\/radiorevelacionfm.cl\/?p=7813' aria-hidden='false' data-av_icon='\ue8fc' data-av_iconfont='entypo-fontello' title='' data-avia-related-tooltip='Compartir en LinkedIn' rel=\"noopener\"><span class='avia_hidden_link_text'>Compartir en LinkedIn<\/span><\/a><\/li><li class='av-share-link av-social-link-mail' ><a  aria-label=\"Compartir por correo\" href='mailto:?subject=Hasta%20el%20mi%C3%A9rcoles%2025%20se%20extiende%20inscripci%C3%B3n%20a%20la%20Prueba%20de%20Transici%C3%B3n&#038;body=https:\/\/radiorevelacionfm.cl\/?p=7813' aria-hidden='false' data-av_icon='\ue805' data-av_iconfont='entypo-fontello' title='' data-avia-related-tooltip='Compartir por correo'><span class='avia_hidden_link_text'>Compartir por correo<\/span><\/a><\/li><\/ul><\/div><\/div>\n<div  style='height:50px' class='hr hr-invisible   avia-builder-el-8  el_after_av_social_share  el_before_av_comments_list '><span class='hr-inner ' ><span class='hr-inner-style'><\/span><\/span><\/div>\n<div  class='av-buildercomment  av-blog-meta-html-info-disabled av-blog-meta-tag-disabled  '><\/div>\n","protected":false},"excerpt":{"rendered":"","protected":false},"author":1,"featured_media":7814,"comment_status":"open","ping_status":"open","sticky":false,"template":"","format":"standard","meta":{"footnotes":""},"categories":[49],"tags":[],"class_list":["post-7813","post","type-post","status-publish","format-standard","has-post-thumbnail","hentry","category-educacion"],"jetpack_featured_media_url":"https:\/\/radiorevelacionfm.cl\/wp-content\/uploads\/2021\/08\/extension-plazo-inscripcion-PDT-1.jpeg","_links":{"self":[{"href":"https:\/\/radiorevelacionfm.cl\/index.php?rest_route=\/wp\/v2\/posts\/7813","targetHints":{"allow":["GET"]}}],"collection":[{"href":"https:\/\/radiorevelacionfm.cl\/index.php?rest_route=\/wp\/v2\/posts"}],"about":[{"href":"https:\/\/radiorevelacionfm.cl\/index.php?rest_route=\/wp\/v2\/types\/post"}],"author":[{"embeddable":true,"href":"https:\/\/radiorevelacionfm.cl\/index.php?rest_route=\/wp\/v2\/users\/1"}],"replies":[{"embeddable":true,"href":"https:\/\/radiorevelacionfm.cl\/index.php?rest_route=%2Fwp%2Fv2%2Fcomments&post=7813"}],"version-history":[{"count":1,"href":"https:\/\/radiorevelacionfm.cl\/index.php?rest_route=\/wp\/v2\/posts\/7813\/revisions"}],"predecessor-version":[{"id":7815,"href":"https:\/\/radiorevelacionfm.cl\/index.php?rest_route=\/wp\/v2\/posts\/7813\/revisions\/7815"}],"wp:featuredmedia":[{"embeddable":true,"href":"https:\/\/radiorevelacionfm.cl\/index.php?rest_route=\/wp\/v2\/media\/7814"}],"wp:attachment":[{"href":"https:\/\/radiorevelacionfm.cl\/index.php?rest_route=%2Fwp%2Fv2%2Fmedia&parent=7813"}],"wp:term":[{"taxonomy":"category","embeddable":true,"href":"https:\/\/radiorevelacionfm.cl\/index.php?rest_route=%2Fwp%2Fv2%2Fcategories&post=7813"},{"taxonomy":"post_tag","embeddable":true,"href":"https:\/\/radiorevelacionfm.cl\/index.php?rest_route=%2Fwp%2Fv2%2Ftags&post=7813"}],"curies":[{"name":"wp","href":"https:\/\/api.w.org\/{rel}","templated":true}]}}