{"id":7809,"date":"2021-08-23T19:08:10","date_gmt":"2021-08-23T22:08:10","guid":{"rendered":"https:\/\/radiorevelacionfm.cl\/?p=7809"},"modified":"2021-08-23T19:08:10","modified_gmt":"2021-08-23T22:08:10","slug":"gobierno-presenta-plan-18-seguro-parte-por-casa-para-las-fiestas-patrias","status":"publish","type":"post","link":"https:\/\/radiorevelacionfm.cl\/?p=7809","title":{"rendered":"Gobierno presenta plan \u201c18 seguro parte por casa\u201d para las Fiestas Patrias"},"content":{"rendered":"<div class=\"flex_column av_one_full  flex_column_div av-zero-column-padding first  avia-builder-el-0  el_before_av_one_full  avia-builder-el-first  \" style='border-radius:0px; '><div  class='avia-image-container  av-styling-    avia-builder-el-1  avia-builder-el-no-sibling  avia-align-center '  itemprop=\"image\" itemscope=\"itemscope\" itemtype=\"https:\/\/schema.org\/ImageObject\"  ><div class='avia-image-container-inner'><div class='avia-image-overlay-wrap'><img decoding=\"async\" class='wp-image-7811 avia-img-lazy-loading-not-7811 avia_image' src=\"https:\/\/radiorevelacionfm.cl\/wp-content\/uploads\/2021\/08\/FOTO-plan-18-seguro-1-1.jpg\" alt='' title='FOTO plan 18 seguro (1) (1)' height=\"600\" width=\"807\"  itemprop=\"thumbnailUrl\" srcset=\"https:\/\/radiorevelacionfm.cl\/wp-content\/uploads\/2021\/08\/FOTO-plan-18-seguro-1-1.jpg 807w, https:\/\/radiorevelacionfm.cl\/wp-content\/uploads\/2021\/08\/FOTO-plan-18-seguro-1-1-300x223.jpg 300w, https:\/\/radiorevelacionfm.cl\/wp-content\/uploads\/2021\/08\/FOTO-plan-18-seguro-1-1-768x571.jpg 768w, https:\/\/radiorevelacionfm.cl\/wp-content\/uploads\/2021\/08\/FOTO-plan-18-seguro-1-1-705x524.jpg 705w, https:\/\/radiorevelacionfm.cl\/wp-content\/uploads\/2021\/08\/FOTO-plan-18-seguro-1-1-600x446.jpg 600w\" sizes=\"(max-width: 807px) 100vw, 807px\" \/><\/div><\/div><\/div><\/div><div class=\"flex_column av_one_full  flex_column_div av-zero-column-padding first  avia-builder-el-2  el_after_av_one_full  el_before_av_one_full  column-top-margin\" style='border-radius:0px; '><section class=\"av_textblock_section \"  itemscope=\"itemscope\" itemtype=\"https:\/\/schema.org\/BlogPosting\" itemprop=\"blogPost\" ><div class='avia_textblock  '   itemprop=\"text\" ><p style=\"text-align: center;\"><span style=\"font-size: 18pt;\"><strong>Gobierno presenta plan \u201c18 seguro parte por casa\u201d para las Fiestas Patrias<\/strong><\/span><\/p>\n<div id=\"gtx-trans\" style=\"position: absolute; left: -50px; top: 4.31534px;\">\n<div class=\"gtx-trans-icon\"><\/div>\n<\/div>\n<\/div><\/section><\/div><div class=\"flex_column av_one_full  flex_column_div av-zero-column-padding first  avia-builder-el-4  el_after_av_one_full  el_before_av_hr  column-top-margin\" style='border-radius:0px; '><section class=\"av_textblock_section \"  itemscope=\"itemscope\" itemtype=\"https:\/\/schema.org\/BlogPosting\" itemprop=\"blogPost\" ><div class='avia_textblock  '   itemprop=\"text\" ><p style=\"font-weight: 400; text-align: justify;\">Se modificar\u00e1n los aforos establecidos para los eventos con interacci\u00f3n de asistentes, privilegiando a quienes tengan su Pase de Movilidad.<\/p>\n<p style=\"font-weight: 400; text-align: justify;\">\u201cPese a que este a\u00f1o la situaci\u00f3n sanitaria en Chile es mucho mejor que la del a\u00f1o anterior, como Gobierno no queremos que en estas Fiestas Patrias haya un relajo en las medidas de autocuidado. La variante delta est\u00e1 presente en nuestro pa\u00eds, lo que nos llama a estar alerta y tomar estas festividades con precauci\u00f3n y mucha atenci\u00f3n\u201d.<\/p>\n<p style=\"font-weight: 400; text-align: justify;\">Con esta frase la Delegada Presidencial de Ays\u00e9n, Margarita Ossa Rojas, se refiri\u00f3 al anuncio del Gobierno del Presidente Sebasti\u00e1n Pi\u00f1era sobre el plan\u00a0\u201c18 seguro parte por casa\u201d, el cual busca fomentar la organizaci\u00f3n de actividades familiares junto a los seres queridos, amigos y conocidos del lugar donde viven, cuyo prop\u00f3sito es que estas celebraciones sean m\u00e1s seguras y en un ambiente m\u00e1s protegido que el que entregan los eventos masivos y con gran aglomeraci\u00f3n \u2013a lo que est\u00e1bamos habituados\u2013.<\/p>\n<p style=\"font-weight: 400; text-align: justify;\">\u201cPara este 17, 18 y 19 de septiembre el plan modificar\u00e1 los aforos establecidos para los eventos con interacci\u00f3n de asistente, lo que corresponder\u00eda a la realizaci\u00f3n de peque\u00f1as fondas. El resto de las medidas seguir\u00e1 tal como las conocemos en el plan Paso a Paso\u201d,\u00a0precis\u00f3 Ossa.<\/p>\n<p style=\"font-weight: 400; text-align: justify;\"><strong>Modificaciones<\/strong><\/p>\n<p style=\"font-weight: 400; text-align: justify;\">Los eventos masivos para las comunas que est\u00e9n en Cuarentena y Transici\u00f3n estar\u00e1n prohibidos; en el caso de aquellas que est\u00e9n en Preparaci\u00f3n y Apertura se homologar\u00e1n los aforos permitidos, privilegiando a quienes tengan su Pase de Movilidad. Estos aforos ser\u00e1n:<\/p>\n<ul style=\"text-align: justify;\">\n<li style=\"font-weight: 400;\">Espacio abierto:\u00a0hasta 300 personas con Pase de Movilidad.<\/li>\n<li style=\"font-weight: 400;\">Espacio cerrado:\u00a0hasta 100 personas con Pase de Movilidad<\/li>\n<\/ul>\n<p style=\"font-weight: 400; text-align: justify;\">Importante destacar que un recinto no puede sumar espacios abierto y cerrado, y que sin prejuicio el aforo permitido no se podr\u00e1 exceder de una persona por cada 6m2 de la superficie \u00fatil destinada al p\u00fablico. Esto quiere decir que si es un espacio abierto de 300m2, el aforo ser\u00e1 de 50 personas y no 300.<\/p>\n<p style=\"font-weight: 400; text-align: justify;\">Para el caso de las comunas en Apertura, el aforo que regir\u00e1 estas Fiestas Patrias ser\u00e1 menor al permitido en el plan Paso a Paso, bajando de 1.000 a 300 los asistentes permitidos con Pase de Movilidad, por lo que es una medida que restringe bastante dicho aforo, tratando de evitar as\u00ed grandes aglomeraciones de personas.<\/p>\n<p style=\"font-weight: 400; text-align: justify;\">Finalmente, para aquellos que opten por una reuni\u00f3n social en un hogar, este mantendr\u00e1 los aforos que est\u00e1n establecidos en el plan Paso a Paso, es decir: en Preparaci\u00f3n un m\u00e1ximo de 20 personas con Pase de Movilidad y en Apertura 40. En Cuarentena y Transici\u00f3n (por ser fin de semana) est\u00e1n prohibidas.<\/p>\n<\/div><\/section><\/div><div  style='height:50px' class='hr hr-invisible   avia-builder-el-6  el_after_av_one_full  el_before_av_social_share '><span class='hr-inner ' ><span class='hr-inner-style'><\/span><\/span><\/div><\/p>\n<div  class='av-social-sharing-box  avia-builder-el-7  el_after_av_hr  el_before_av_hr  '><div class='av-share-box'><h5 class='av-share-link-description av-no-toc '>Compartir esta noticia<\/h5><ul class='av-share-box-list noLightbox'><li class='av-share-link av-social-link-facebook' ><a target=\"_blank\" aria-label=\"Compartir en Facebook\" href='https:\/\/www.facebook.com\/sharer.php?u=https:\/\/radiorevelacionfm.cl\/?p=7809&#038;t=Gobierno%20presenta%20plan%20%E2%80%9C18%20seguro%20parte%20por%20casa%E2%80%9D%20para%20las%20Fiestas%20Patrias' aria-hidden='false' data-av_icon='\ue8f3' data-av_iconfont='entypo-fontello' title='' data-avia-related-tooltip='Compartir en Facebook' rel=\"noopener\"><span class='avia_hidden_link_text'>Compartir en Facebook<\/span><\/a><\/li><li class='av-share-link av-social-link-twitter' ><a target=\"_blank\" aria-label=\"Compartir en Twitter\" href='https:\/\/twitter.com\/share?text=Gobierno%20presenta%20plan%20%E2%80%9C18%20seguro%20parte%20por%20casa%E2%80%9D%20para%20las%20Fiestas%20Patrias&#038;url=https:\/\/radiorevelacionfm.cl\/?p=7809' aria-hidden='false' data-av_icon='\ue8f1' data-av_iconfont='entypo-fontello' title='' data-avia-related-tooltip='Compartir en Twitter' rel=\"noopener\"><span class='avia_hidden_link_text'>Compartir en Twitter<\/span><\/a><\/li><li class='av-share-link av-social-link-whatsapp' ><a target=\"_blank\" aria-label=\"Compartir en Whatsapp\" href='https:\/\/api.whatsapp.com\/send?text=https:\/\/radiorevelacionfm.cl\/?p=7809' aria-hidden='false' data-av_icon='\uf232' data-av_iconfont='entypo-fontello' title='' data-avia-related-tooltip='Compartir en Whatsapp' rel=\"noopener\"><span class='avia_hidden_link_text'>Compartir en Whatsapp<\/span><\/a><\/li><li class='av-share-link av-social-link-linkedin' ><a target=\"_blank\" aria-label=\"Compartir en LinkedIn\" href='https:\/\/linkedin.com\/shareArticle?mini=true&#038;title=Gobierno%20presenta%20plan%20%E2%80%9C18%20seguro%20parte%20por%20casa%E2%80%9D%20para%20las%20Fiestas%20Patrias&#038;url=https:\/\/radiorevelacionfm.cl\/?p=7809' aria-hidden='false' data-av_icon='\ue8fc' data-av_iconfont='entypo-fontello' title='' data-avia-related-tooltip='Compartir en LinkedIn' rel=\"noopener\"><span class='avia_hidden_link_text'>Compartir en LinkedIn<\/span><\/a><\/li><li class='av-share-link av-social-link-mail' ><a  aria-label=\"Compartir por correo\" href='mailto:?subject=Gobierno%20presenta%20plan%20%E2%80%9C18%20seguro%20parte%20por%20casa%E2%80%9D%20para%20las%20Fiestas%20Patrias&#038;body=https:\/\/radiorevelacionfm.cl\/?p=7809' aria-hidden='false' data-av_icon='\ue805' data-av_iconfont='entypo-fontello' title='' data-avia-related-tooltip='Compartir por correo'><span class='avia_hidden_link_text'>Compartir por correo<\/span><\/a><\/li><\/ul><\/div><\/div>\n<div  style='height:50px' class='hr hr-invisible   avia-builder-el-8  el_after_av_social_share  el_before_av_comments_list '><span class='hr-inner ' ><span class='hr-inner-style'><\/span><\/span><\/div>\n<div  class='av-buildercomment  av-blog-meta-html-info-disabled av-blog-meta-tag-disabled  '><\/div>\n","protected":false},"excerpt":{"rendered":"","protected":false},"author":1,"featured_media":7811,"comment_status":"open","ping_status":"open","sticky":false,"template":"","format":"standard","meta":{"footnotes":""},"categories":[38],"tags":[],"class_list":["post-7809","post","type-post","status-publish","format-standard","has-post-thumbnail","hentry","category-regional"],"jetpack_featured_media_url":"https:\/\/radiorevelacionfm.cl\/wp-content\/uploads\/2021\/08\/FOTO-plan-18-seguro-1-1.jpg","_links":{"self":[{"href":"https:\/\/radiorevelacionfm.cl\/index.php?rest_route=\/wp\/v2\/posts\/7809","targetHints":{"allow":["GET"]}}],"collection":[{"href":"https:\/\/radiorevelacionfm.cl\/index.php?rest_route=\/wp\/v2\/posts"}],"about":[{"href":"https:\/\/radiorevelacionfm.cl\/index.php?rest_route=\/wp\/v2\/types\/post"}],"author":[{"embeddable":true,"href":"https:\/\/radiorevelacionfm.cl\/index.php?rest_route=\/wp\/v2\/users\/1"}],"replies":[{"embeddable":true,"href":"https:\/\/radiorevelacionfm.cl\/index.php?rest_route=%2Fwp%2Fv2%2Fcomments&post=7809"}],"version-history":[{"count":1,"href":"https:\/\/radiorevelacionfm.cl\/index.php?rest_route=\/wp\/v2\/posts\/7809\/revisions"}],"predecessor-version":[{"id":7812,"href":"https:\/\/radiorevelacionfm.cl\/index.php?rest_route=\/wp\/v2\/posts\/7809\/revisions\/7812"}],"wp:featuredmedia":[{"embeddable":true,"href":"https:\/\/radiorevelacionfm.cl\/index.php?rest_route=\/wp\/v2\/media\/7811"}],"wp:attachment":[{"href":"https:\/\/radiorevelacionfm.cl\/index.php?rest_route=%2Fwp%2Fv2%2Fmedia&parent=7809"}],"wp:term":[{"taxonomy":"category","embeddable":true,"href":"https:\/\/radiorevelacionfm.cl\/index.php?rest_route=%2Fwp%2Fv2%2Fcategories&post=7809"},{"taxonomy":"post_tag","embeddable":true,"href":"https:\/\/radiorevelacionfm.cl\/index.php?rest_route=%2Fwp%2Fv2%2Ftags&post=7809"}],"curies":[{"name":"wp","href":"https:\/\/api.w.org\/{rel}","templated":true}]}}