{"id":7773,"date":"2021-08-22T18:56:42","date_gmt":"2021-08-22T21:56:42","guid":{"rendered":"https:\/\/radiorevelacionfm.cl\/?p=7773"},"modified":"2021-08-22T18:56:42","modified_gmt":"2021-08-22T21:56:42","slug":"cerca-de-300-millones-se-invertiran-en-mejoramiento-de-escuela-de-villa-la-tapera","status":"publish","type":"post","link":"https:\/\/radiorevelacionfm.cl\/?p=7773","title":{"rendered":"Cerca de 300 millones se invertir\u00e1n en mejoramiento de Escuela de Villa La Tapera"},"content":{"rendered":"<div class=\"flex_column av_one_full  flex_column_div av-zero-column-padding first  avia-builder-el-0  el_before_av_one_full  avia-builder-el-first  \" style='border-radius:0px; '><div  class='avia-image-container  av-styling-    avia-builder-el-1  avia-builder-el-no-sibling  avia-align-center '  itemprop=\"image\" itemscope=\"itemscope\" itemtype=\"https:\/\/schema.org\/ImageObject\"  ><div class='avia-image-container-inner'><div class='avia-image-overlay-wrap'><img decoding=\"async\" class='wp-image-7774 avia-img-lazy-loading-not-7774 avia_image' src=\"https:\/\/radiorevelacionfm.cl\/wp-content\/uploads\/2021\/08\/ESCUELA-TAPERA-2-1.jpeg\" alt='' title='ESCUELA TAPERA 2 (1)' height=\"600\" width=\"1333\"  itemprop=\"thumbnailUrl\" srcset=\"https:\/\/radiorevelacionfm.cl\/wp-content\/uploads\/2021\/08\/ESCUELA-TAPERA-2-1.jpeg 1333w, https:\/\/radiorevelacionfm.cl\/wp-content\/uploads\/2021\/08\/ESCUELA-TAPERA-2-1-300x135.jpeg 300w, https:\/\/radiorevelacionfm.cl\/wp-content\/uploads\/2021\/08\/ESCUELA-TAPERA-2-1-1030x464.jpeg 1030w, https:\/\/radiorevelacionfm.cl\/wp-content\/uploads\/2021\/08\/ESCUELA-TAPERA-2-1-768x346.jpeg 768w, https:\/\/radiorevelacionfm.cl\/wp-content\/uploads\/2021\/08\/ESCUELA-TAPERA-2-1-705x317.jpeg 705w, https:\/\/radiorevelacionfm.cl\/wp-content\/uploads\/2021\/08\/ESCUELA-TAPERA-2-1-600x270.jpeg 600w\" sizes=\"(max-width: 1333px) 100vw, 1333px\" \/><\/div><\/div><\/div><\/div><div class=\"flex_column av_one_full  flex_column_div av-zero-column-padding first  avia-builder-el-2  el_after_av_one_full  el_before_av_one_full  column-top-margin\" style='border-radius:0px; '><section class=\"av_textblock_section \"  itemscope=\"itemscope\" itemtype=\"https:\/\/schema.org\/BlogPosting\" itemprop=\"blogPost\" ><div class='avia_textblock  '   itemprop=\"text\" ><p style=\"text-align: center;\"><strong><span style=\"font-size: 18pt;\">Cerca de 300 millones se invertir\u00e1n en mejoramiento de Escuela de Villa La Tapera<\/span><\/strong><\/p>\n<div id=\"gtx-trans\" style=\"position: absolute; left: -50px; top: 4.31534px;\">\n<div class=\"gtx-trans-icon\"><\/div>\n<\/div>\n<\/div><\/section><\/div><div class=\"flex_column av_one_full  flex_column_div av-zero-column-padding first  avia-builder-el-4  el_after_av_one_full  el_before_av_hr  column-top-margin\" style='border-radius:0px; '><section class=\"av_textblock_section \"  itemscope=\"itemscope\" itemtype=\"https:\/\/schema.org\/BlogPosting\" itemprop=\"blogPost\" ><div class='avia_textblock  '   itemprop=\"text\" ><p style=\"text-align: justify;\">Gesti\u00f3n Municipal y recursos Mineduc permitir\u00e1n conservar y mejorar la actual condici\u00f3n de la escuela municipal de la comuna de Lago Verde.<\/p>\n<p style=\"text-align: justify;\">Porque siempre es importante impulsar la educaci\u00f3n desde los m\u00e1s peque\u00f1os y con las mejores condiciones, la gesti\u00f3n que lidera el Alcalde Nelson Opazo L\u00f3pez, mantiene la convicci\u00f3n de aquello. Es as\u00ed que, ha impulsado junto a su equipo profesional y t\u00e9cnico la formulaci\u00f3n de diversas iniciativas para la comuna de Lago Verde y una que era necesaria, consiste en la conservaci\u00f3n de la escuela de Villa La Tapera.<\/p>\n<p style=\"text-align: justify;\">Este proyecto logr\u00f3 obtener financiamiento a trav\u00e9s del Ministerio de Educaci\u00f3n, algo que relev\u00f3 el jefe comunal.<\/p>\n<p style=\"text-align: justify;\">\u201cEn esta ocasi\u00f3n queremos compartir con alegr\u00eda, lo que significa esta inversi\u00f3n de casi 300 millones de pesos en nuestro colegio de Villa La Tapera. Esto claramente tiene doble impacto, por un lado el primer objetivo que es, brindarle mejores condiciones, mantener la infraestructura p\u00fablica que es utilizada por nuestros ni\u00f1os, nuestros alumnos del colegio, a nuestros equipos docentes y asistentes de la educaci\u00f3n darles una mejor condici\u00f3n y obviamente protegerlos dado las bajas temperaturas que normalmente tenemos en Villa La Tapera en \u00e9pocas de invierno\u201d.<\/p>\n<p style=\"text-align: justify;\">El Alcalde Nelson Opazo, recalc\u00f3 que este tipo de iniciativas cobran mayor relevancia debido a su inversi\u00f3n, porque generan movimiento econ\u00f3mico y una fuente de trabajo para la localidad de Villa La Tapera.<\/p>\n<p style=\"text-align: justify;\">\u201cSe logra el objetivo principal y por otro lado obviamente que 300 millones de pesos para nuestra localidad impacta positivamente en los locales comerciales, impactan positivamente en las familias que obtienen un empleo a trav\u00e9s de esta inversi\u00f3n. As\u00ed es que, una vez m\u00e1s valorar y felicitar a nuestro equipo de trabajo que tiene que generar un esfuerzo importante y un compromiso con su administraci\u00f3n, con su comuna, para materializar este tipo de inversi\u00f3n. En los pr\u00f3ximos d\u00edas estaremos generando la firma de los convenios, para posteriormente la licitaci\u00f3n respectiva e iniciar obras en la mejor \u00e9poca que significa primavera \u2013 verano\u201d.<\/p>\n<p style=\"text-align: justify;\">De esta forma, continua avanzando la gesti\u00f3n municipal, con proyectos que buscan la descentralizaci\u00f3n y beneficiar a cada una de las localidades de la comuna de Lago Verde, en la l\u00ednea que se ha desarrollado el trabajo que dirige el Alcalde, Nelson Opazo L\u00f3pez.<\/p>\n<\/div><\/section><\/div><div  style='height:50px' class='hr hr-invisible   avia-builder-el-6  el_after_av_one_full  el_before_av_social_share '><span class='hr-inner ' ><span class='hr-inner-style'><\/span><\/span><\/div><\/p>\n<div  class='av-social-sharing-box  avia-builder-el-7  el_after_av_hr  el_before_av_hr  '><div class='av-share-box'><h5 class='av-share-link-description av-no-toc '>Compartir esta noticia<\/h5><ul class='av-share-box-list noLightbox'><li class='av-share-link av-social-link-facebook' ><a target=\"_blank\" aria-label=\"Compartir en Facebook\" href='https:\/\/www.facebook.com\/sharer.php?u=https:\/\/radiorevelacionfm.cl\/?p=7773&#038;t=Cerca%20de%20300%20millones%20se%20invertir%C3%A1n%20en%20mejoramiento%20de%20Escuela%20de%20Villa%20La%20Tapera' aria-hidden='false' data-av_icon='\ue8f3' data-av_iconfont='entypo-fontello' title='' data-avia-related-tooltip='Compartir en Facebook' rel=\"noopener\"><span class='avia_hidden_link_text'>Compartir en Facebook<\/span><\/a><\/li><li class='av-share-link av-social-link-twitter' ><a target=\"_blank\" aria-label=\"Compartir en Twitter\" href='https:\/\/twitter.com\/share?text=Cerca%20de%20300%20millones%20se%20invertir%C3%A1n%20en%20mejoramiento%20de%20Escuela%20de%20Villa%20La%20Tapera&#038;url=https:\/\/radiorevelacionfm.cl\/?p=7773' aria-hidden='false' data-av_icon='\ue8f1' data-av_iconfont='entypo-fontello' title='' data-avia-related-tooltip='Compartir en Twitter' rel=\"noopener\"><span class='avia_hidden_link_text'>Compartir en Twitter<\/span><\/a><\/li><li class='av-share-link av-social-link-whatsapp' ><a target=\"_blank\" aria-label=\"Compartir en Whatsapp\" href='https:\/\/api.whatsapp.com\/send?text=https:\/\/radiorevelacionfm.cl\/?p=7773' aria-hidden='false' data-av_icon='\uf232' data-av_iconfont='entypo-fontello' title='' data-avia-related-tooltip='Compartir en Whatsapp' rel=\"noopener\"><span class='avia_hidden_link_text'>Compartir en Whatsapp<\/span><\/a><\/li><li class='av-share-link av-social-link-linkedin' ><a target=\"_blank\" aria-label=\"Compartir en LinkedIn\" href='https:\/\/linkedin.com\/shareArticle?mini=true&#038;title=Cerca%20de%20300%20millones%20se%20invertir%C3%A1n%20en%20mejoramiento%20de%20Escuela%20de%20Villa%20La%20Tapera&#038;url=https:\/\/radiorevelacionfm.cl\/?p=7773' aria-hidden='false' data-av_icon='\ue8fc' data-av_iconfont='entypo-fontello' title='' data-avia-related-tooltip='Compartir en LinkedIn' rel=\"noopener\"><span class='avia_hidden_link_text'>Compartir en LinkedIn<\/span><\/a><\/li><li class='av-share-link av-social-link-mail' ><a  aria-label=\"Compartir por correo\" href='mailto:?subject=Cerca%20de%20300%20millones%20se%20invertir%C3%A1n%20en%20mejoramiento%20de%20Escuela%20de%20Villa%20La%20Tapera&#038;body=https:\/\/radiorevelacionfm.cl\/?p=7773' aria-hidden='false' data-av_icon='\ue805' data-av_iconfont='entypo-fontello' title='' data-avia-related-tooltip='Compartir por correo'><span class='avia_hidden_link_text'>Compartir por correo<\/span><\/a><\/li><\/ul><\/div><\/div>\n<div  style='height:50px' class='hr hr-invisible   avia-builder-el-8  el_after_av_social_share  el_before_av_comments_list '><span class='hr-inner ' ><span class='hr-inner-style'><\/span><\/span><\/div>\n<div  class='av-buildercomment  av-blog-meta-html-info-disabled av-blog-meta-tag-disabled  '><\/div>\n","protected":false},"excerpt":{"rendered":"","protected":false},"author":1,"featured_media":7774,"comment_status":"open","ping_status":"open","sticky":false,"template":"","format":"standard","meta":{"footnotes":""},"categories":[38],"tags":[],"class_list":["post-7773","post","type-post","status-publish","format-standard","has-post-thumbnail","hentry","category-regional"],"jetpack_featured_media_url":"https:\/\/radiorevelacionfm.cl\/wp-content\/uploads\/2021\/08\/ESCUELA-TAPERA-2-1.jpeg","_links":{"self":[{"href":"https:\/\/radiorevelacionfm.cl\/index.php?rest_route=\/wp\/v2\/posts\/7773","targetHints":{"allow":["GET"]}}],"collection":[{"href":"https:\/\/radiorevelacionfm.cl\/index.php?rest_route=\/wp\/v2\/posts"}],"about":[{"href":"https:\/\/radiorevelacionfm.cl\/index.php?rest_route=\/wp\/v2\/types\/post"}],"author":[{"embeddable":true,"href":"https:\/\/radiorevelacionfm.cl\/index.php?rest_route=\/wp\/v2\/users\/1"}],"replies":[{"embeddable":true,"href":"https:\/\/radiorevelacionfm.cl\/index.php?rest_route=%2Fwp%2Fv2%2Fcomments&post=7773"}],"version-history":[{"count":1,"href":"https:\/\/radiorevelacionfm.cl\/index.php?rest_route=\/wp\/v2\/posts\/7773\/revisions"}],"predecessor-version":[{"id":7775,"href":"https:\/\/radiorevelacionfm.cl\/index.php?rest_route=\/wp\/v2\/posts\/7773\/revisions\/7775"}],"wp:featuredmedia":[{"embeddable":true,"href":"https:\/\/radiorevelacionfm.cl\/index.php?rest_route=\/wp\/v2\/media\/7774"}],"wp:attachment":[{"href":"https:\/\/radiorevelacionfm.cl\/index.php?rest_route=%2Fwp%2Fv2%2Fmedia&parent=7773"}],"wp:term":[{"taxonomy":"category","embeddable":true,"href":"https:\/\/radiorevelacionfm.cl\/index.php?rest_route=%2Fwp%2Fv2%2Fcategories&post=7773"},{"taxonomy":"post_tag","embeddable":true,"href":"https:\/\/radiorevelacionfm.cl\/index.php?rest_route=%2Fwp%2Fv2%2Ftags&post=7773"}],"curies":[{"name":"wp","href":"https:\/\/api.w.org\/{rel}","templated":true}]}}