{"id":7769,"date":"2021-08-22T18:36:50","date_gmt":"2021-08-22T21:36:50","guid":{"rendered":"https:\/\/radiorevelacionfm.cl\/?p=7769"},"modified":"2021-08-22T18:36:50","modified_gmt":"2021-08-22T21:36:50","slug":"construccion-de-siete-colectores-de-aguas-lluvias-se-encuentran-en-ejecucion-en-aysen","status":"publish","type":"post","link":"https:\/\/radiorevelacionfm.cl\/?p=7769","title":{"rendered":"Construcci\u00f3n de siete colectores de aguas lluvias se encuentran en ejecuci\u00f3n en Ays\u00e9n"},"content":{"rendered":"<div class=\"flex_column av_one_full  flex_column_div av-zero-column-padding first  avia-builder-el-0  el_before_av_one_full  avia-builder-el-first  \" style='border-radius:0px; '><div  class='avia-image-container  av-styling-    avia-builder-el-1  avia-builder-el-no-sibling  avia-align-center '  itemprop=\"image\" itemscope=\"itemscope\" itemtype=\"https:\/\/schema.org\/ImageObject\"  ><div class='avia-image-container-inner'><div class='avia-image-overlay-wrap'><img decoding=\"async\" class='wp-image-7770 avia-img-lazy-loading-not-7770 avia_image' src=\"https:\/\/radiorevelacionfm.cl\/wp-content\/uploads\/2021\/08\/colectores_267-1_optimized.jpg\" alt='' title='colectores_267-(1)_optimized' height=\"600\" width=\"800\"  itemprop=\"thumbnailUrl\" srcset=\"https:\/\/radiorevelacionfm.cl\/wp-content\/uploads\/2021\/08\/colectores_267-1_optimized.jpg 800w, https:\/\/radiorevelacionfm.cl\/wp-content\/uploads\/2021\/08\/colectores_267-1_optimized-300x225.jpg 300w, https:\/\/radiorevelacionfm.cl\/wp-content\/uploads\/2021\/08\/colectores_267-1_optimized-768x576.jpg 768w, https:\/\/radiorevelacionfm.cl\/wp-content\/uploads\/2021\/08\/colectores_267-1_optimized-705x529.jpg 705w, https:\/\/radiorevelacionfm.cl\/wp-content\/uploads\/2021\/08\/colectores_267-1_optimized-600x450.jpg 600w\" sizes=\"(max-width: 800px) 100vw, 800px\" \/><\/div><\/div><\/div><\/div>\n<div class=\"flex_column av_one_full  flex_column_div av-zero-column-padding first  avia-builder-el-2  el_after_av_one_full  el_before_av_one_full  column-top-margin\" style='border-radius:0px; '><section class=\"av_textblock_section \"  itemscope=\"itemscope\" itemtype=\"https:\/\/schema.org\/BlogPosting\" itemprop=\"blogPost\" ><div class='avia_textblock  '   itemprop=\"text\" ><p style=\"text-align: center;\"><strong><span style=\"font-size: 18pt;\">Construcci\u00f3n de siete colectores de aguas lluvias se encuentran en ejecuci\u00f3n en Ays\u00e9n<\/span><\/strong><\/p>\n<div id=\"gtx-trans\" style=\"position: absolute; left: -50px; top: 4.31534px;\">\n<div class=\"gtx-trans-icon\"><\/div>\n<\/div>\n<\/div><\/section><\/div><div class=\"flex_column av_one_full  flex_column_div av-zero-column-padding first  avia-builder-el-4  el_after_av_one_full  el_before_av_hr  column-top-margin\" style='border-radius:0px; '><section class=\"av_textblock_section \"  itemscope=\"itemscope\" itemtype=\"https:\/\/schema.org\/BlogPosting\" itemprop=\"blogPost\" ><div class='avia_textblock  '   itemprop=\"text\" ><p style=\"text-align: justify;\">El Secretario Regional Ministerial de Obras P\u00fablicas, N\u00e9stor Mera Mu\u00f1oz junto al Director Regional de Obras Hidr\u00e1ulicas del MOP Cristi\u00e1n Aguilar y el Consejero Regional Sergio Gonz\u00e1lez B\u00f3rquez realizaron una inspecci\u00f3n a la construcci\u00f3n de siete colectores de Aguas Lluvias que se est\u00e1n construyendo en la ciudad de Puerto Ays\u00e9n, con el objetivo de constatar los avances que presentan a la fecha las obras, que son de gran importancia para el mejoramiento de la calidad de vida de toda la \u00a0comunidad.<\/p>\n<p style=\"text-align: justify;\">Una vez realizada la inspecci\u00f3n de los trabajos y constatar los importantes avances que a la fecha presentan las obras que son parte fundamental del programa del gobierno del presidente Sebasti\u00e1n Pi\u00f1era, el SEREMI del MOP destac\u00f3: \u201cEstamos haciendo un recorrido por las obras que nuestra Direcci\u00f3n Regional de Obras Hidr\u00e1ulicas est\u00e1 construyendo en la ciudad de Puerto Ays\u00e9n, en este caso los colectores de aguas lluvias. Este es un trabajo muy importante, en donde s\u00f3lo en este tipo de obras estamos invirtiendo alrededor de $3.500 millones y esperamos que como primera etapa del Plan Maestro de Aguas Lluvias, se genere un cambio profundo en materia de escurrimiento de aguas lluvias en la ciudad de Puerto Ays\u00e9n. Hoy d\u00eda hay muchos puntos de inundaci\u00f3n que esperamos que con proyectos como estos se vayan superando para pasar a una nueva etapa y con ello mejorar en forma significativa las condiciones diarias en que viven y transitan los vecinos por la ciudad de Puerto Ays\u00e9n\u201d.<\/p>\n<p style=\"text-align: justify;\">Entre los colectores inspeccionados por las autoridades se encuentra el Kalstr\u00f6mm, donde\u00a0 el Director Regional de Obras Hidr\u00e1ulicas del MOP, Cristian Aguilar Cay\u00fan hizo un balance de los trabajos, se\u00f1alando: \u201cEstamos en el colector Kalstr\u00f6mm ubicado de la Ribera sur de la ciudad de Puerto Ays\u00e9n, en donde construimos una obra de m\u00e1s de $900 millones de inversi\u00f3n proveniente de nuestra Direcci\u00f3n Regional de Obras Hidr\u00e1ulicas del MOP, y que viene a complementar la ejecuci\u00f3n del Plan Maestro de Aguas lluvias de Puerto Ays\u00e9n que se desarrolla en el marco de la ejecuci\u00f3n del Plan de Recuperaci\u00f3n Econ\u00f3mica del MOP. Este colector es parte de los siete colectores de Aguas Lluvias que estamos desarrollando en la ciudad de Puerto Ays\u00e9n y que viene a solucionar el anegamiento de las calles. En esta oportunidad, tenemos un avance cercano al 40 % en el sector calle Kalstr\u00f6mm el que esperamos terminar en marzo del a\u00f1o 2022. Estas obras son proyectos integrales y muy importantes porque vienen a mejorar la calidad de vida de los vecinos, evitan el anegamiento de las calles y mejoran el drenaje de las aguas lluvias superficiales\u201d.<\/p>\n<p style=\"text-align: justify;\">Los siete colectores son el O\u00b4Higgins, Teniente Merino, Canal Turbio Etapa I, Eusebio Ibar-Los C\u00f3ndores, Kalstr\u00f6mm, Gustavo Rubio, Jorge Ibar en ejecuci\u00f3n. El colector Humberto Garc\u00eda es el n\u00famero ocho en el que vamos a trabajar y lo vamos a licitar a fin de este a\u00f1o.<\/p>\n<p style=\"text-align: justify;\">As\u00ed lo refrend\u00f3 tambi\u00e9n el Consejero Regional por la comuna de Ays\u00e9n, Sergio Gonz\u00e1lez B\u00f3rquez en esta inspecci\u00f3n de obras constatando los trabajos realizados, e indicando que \u201ceste era un sue\u00f1o esperado por mucha gente del sector para poder evacuar lo que son nuestras aguas, sobretodo entendiendo la pluviosidad que tenemos en nuestra ciudad, as\u00ed que agradecido de esta visita, vamos a seguir trabajando con el MOP, nosotros desde la mirada del Consejo Regional de Ays\u00e9n tenemos la claridad de que tenemos que trabajar en conjunto para ayudar a nuestra comunidad\u201d.<\/p>\n<\/div><\/section><\/div><\/p>\n<div  style='height:50px' class='hr hr-invisible   avia-builder-el-6  el_after_av_one_full  el_before_av_social_share '><span class='hr-inner ' ><span class='hr-inner-style'><\/span><\/span><\/div>\n<div  class='av-social-sharing-box  avia-builder-el-7  el_after_av_hr  el_before_av_hr  '><div class='av-share-box'><h5 class='av-share-link-description av-no-toc '>Compartir esta noticia<\/h5><ul class='av-share-box-list noLightbox'><li class='av-share-link av-social-link-facebook' ><a target=\"_blank\" aria-label=\"Compartir en Facebook\" href='https:\/\/www.facebook.com\/sharer.php?u=https:\/\/radiorevelacionfm.cl\/?p=7769&#038;t=Construcci%C3%B3n%20de%20siete%20colectores%20de%20aguas%20lluvias%20se%20encuentran%20en%20ejecuci%C3%B3n%20en%20Ays%C3%A9n' aria-hidden='false' data-av_icon='\ue8f3' data-av_iconfont='entypo-fontello' title='' data-avia-related-tooltip='Compartir en Facebook' rel=\"noopener\"><span class='avia_hidden_link_text'>Compartir en Facebook<\/span><\/a><\/li><li class='av-share-link av-social-link-twitter' ><a target=\"_blank\" aria-label=\"Compartir en Twitter\" href='https:\/\/twitter.com\/share?text=Construcci%C3%B3n%20de%20siete%20colectores%20de%20aguas%20lluvias%20se%20encuentran%20en%20ejecuci%C3%B3n%20en%20Ays%C3%A9n&#038;url=https:\/\/radiorevelacionfm.cl\/?p=7769' aria-hidden='false' data-av_icon='\ue8f1' data-av_iconfont='entypo-fontello' title='' data-avia-related-tooltip='Compartir en Twitter' rel=\"noopener\"><span class='avia_hidden_link_text'>Compartir en Twitter<\/span><\/a><\/li><li class='av-share-link av-social-link-whatsapp' ><a target=\"_blank\" aria-label=\"Compartir en Whatsapp\" href='https:\/\/api.whatsapp.com\/send?text=https:\/\/radiorevelacionfm.cl\/?p=7769' aria-hidden='false' data-av_icon='\uf232' data-av_iconfont='entypo-fontello' title='' data-avia-related-tooltip='Compartir en Whatsapp' rel=\"noopener\"><span class='avia_hidden_link_text'>Compartir en Whatsapp<\/span><\/a><\/li><li class='av-share-link av-social-link-linkedin' ><a target=\"_blank\" aria-label=\"Compartir en LinkedIn\" href='https:\/\/linkedin.com\/shareArticle?mini=true&#038;title=Construcci%C3%B3n%20de%20siete%20colectores%20de%20aguas%20lluvias%20se%20encuentran%20en%20ejecuci%C3%B3n%20en%20Ays%C3%A9n&#038;url=https:\/\/radiorevelacionfm.cl\/?p=7769' aria-hidden='false' data-av_icon='\ue8fc' data-av_iconfont='entypo-fontello' title='' data-avia-related-tooltip='Compartir en LinkedIn' rel=\"noopener\"><span class='avia_hidden_link_text'>Compartir en LinkedIn<\/span><\/a><\/li><li class='av-share-link av-social-link-mail' ><a  aria-label=\"Compartir por correo\" href='mailto:?subject=Construcci%C3%B3n%20de%20siete%20colectores%20de%20aguas%20lluvias%20se%20encuentran%20en%20ejecuci%C3%B3n%20en%20Ays%C3%A9n&#038;body=https:\/\/radiorevelacionfm.cl\/?p=7769' aria-hidden='false' data-av_icon='\ue805' data-av_iconfont='entypo-fontello' title='' data-avia-related-tooltip='Compartir por correo'><span class='avia_hidden_link_text'>Compartir por correo<\/span><\/a><\/li><\/ul><\/div><\/div>\n<div  style='height:50px' class='hr hr-invisible   avia-builder-el-8  el_after_av_social_share  el_before_av_comments_list '><span class='hr-inner ' ><span class='hr-inner-style'><\/span><\/span><\/div>\n<div  class='av-buildercomment  av-blog-meta-html-info-disabled av-blog-meta-tag-disabled  '><\/div>\n","protected":false},"excerpt":{"rendered":"","protected":false},"author":1,"featured_media":7770,"comment_status":"open","ping_status":"open","sticky":false,"template":"","format":"standard","meta":{"footnotes":""},"categories":[38],"tags":[],"class_list":["post-7769","post","type-post","status-publish","format-standard","has-post-thumbnail","hentry","category-regional"],"jetpack_featured_media_url":"https:\/\/radiorevelacionfm.cl\/wp-content\/uploads\/2021\/08\/colectores_267-1_optimized.jpg","_links":{"self":[{"href":"https:\/\/radiorevelacionfm.cl\/index.php?rest_route=\/wp\/v2\/posts\/7769","targetHints":{"allow":["GET"]}}],"collection":[{"href":"https:\/\/radiorevelacionfm.cl\/index.php?rest_route=\/wp\/v2\/posts"}],"about":[{"href":"https:\/\/radiorevelacionfm.cl\/index.php?rest_route=\/wp\/v2\/types\/post"}],"author":[{"embeddable":true,"href":"https:\/\/radiorevelacionfm.cl\/index.php?rest_route=\/wp\/v2\/users\/1"}],"replies":[{"embeddable":true,"href":"https:\/\/radiorevelacionfm.cl\/index.php?rest_route=%2Fwp%2Fv2%2Fcomments&post=7769"}],"version-history":[{"count":2,"href":"https:\/\/radiorevelacionfm.cl\/index.php?rest_route=\/wp\/v2\/posts\/7769\/revisions"}],"predecessor-version":[{"id":7772,"href":"https:\/\/radiorevelacionfm.cl\/index.php?rest_route=\/wp\/v2\/posts\/7769\/revisions\/7772"}],"wp:featuredmedia":[{"embeddable":true,"href":"https:\/\/radiorevelacionfm.cl\/index.php?rest_route=\/wp\/v2\/media\/7770"}],"wp:attachment":[{"href":"https:\/\/radiorevelacionfm.cl\/index.php?rest_route=%2Fwp%2Fv2%2Fmedia&parent=7769"}],"wp:term":[{"taxonomy":"category","embeddable":true,"href":"https:\/\/radiorevelacionfm.cl\/index.php?rest_route=%2Fwp%2Fv2%2Fcategories&post=7769"},{"taxonomy":"post_tag","embeddable":true,"href":"https:\/\/radiorevelacionfm.cl\/index.php?rest_route=%2Fwp%2Fv2%2Ftags&post=7769"}],"curies":[{"name":"wp","href":"https:\/\/api.w.org\/{rel}","templated":true}]}}