{"id":7766,"date":"2021-08-22T17:10:41","date_gmt":"2021-08-22T20:10:41","guid":{"rendered":"https:\/\/radiorevelacionfm.cl\/?p=7766"},"modified":"2021-08-22T17:10:41","modified_gmt":"2021-08-22T20:10:41","slug":"un-90-de-avance-tiene-construccion-de-defensas-fluviales-en-el-sector-la-balsa-en-puerto-aysen","status":"publish","type":"post","link":"https:\/\/radiorevelacionfm.cl\/?p=7766","title":{"rendered":"Un 90% de avance tiene construcci\u00f3n de defensas fluviales en el sector La Balsa en Puerto Ays\u00e9n"},"content":{"rendered":"<div class=\"flex_column av_one_full  flex_column_div av-zero-column-padding first  avia-builder-el-0  el_before_av_one_full  avia-builder-el-first  \" style='border-radius:0px; '><div  class='avia-image-container  av-styling-    avia-builder-el-1  avia-builder-el-no-sibling  avia-align-center '  itemprop=\"image\" itemscope=\"itemscope\" itemtype=\"https:\/\/schema.org\/ImageObject\"  ><div class='avia-image-container-inner'><div class='avia-image-overlay-wrap'><img decoding=\"async\" class='wp-image-7767 avia-img-lazy-loading-not-7767 avia_image' src=\"https:\/\/radiorevelacionfm.cl\/wp-content\/uploads\/2021\/08\/FOTO-6-1-1.jpg\" alt='' title='FOTO-6 (1) (1)' height=\"600\" width=\"800\"  itemprop=\"thumbnailUrl\" srcset=\"https:\/\/radiorevelacionfm.cl\/wp-content\/uploads\/2021\/08\/FOTO-6-1-1.jpg 800w, https:\/\/radiorevelacionfm.cl\/wp-content\/uploads\/2021\/08\/FOTO-6-1-1-300x225.jpg 300w, https:\/\/radiorevelacionfm.cl\/wp-content\/uploads\/2021\/08\/FOTO-6-1-1-768x576.jpg 768w, https:\/\/radiorevelacionfm.cl\/wp-content\/uploads\/2021\/08\/FOTO-6-1-1-705x529.jpg 705w, https:\/\/radiorevelacionfm.cl\/wp-content\/uploads\/2021\/08\/FOTO-6-1-1-600x450.jpg 600w\" sizes=\"(max-width: 800px) 100vw, 800px\" \/><\/div><\/div><\/div><\/div><div class=\"flex_column av_one_full  flex_column_div av-zero-column-padding first  avia-builder-el-2  el_after_av_one_full  el_before_av_one_full  column-top-margin\" style='border-radius:0px; '><section class=\"av_textblock_section \"  itemscope=\"itemscope\" itemtype=\"https:\/\/schema.org\/BlogPosting\" itemprop=\"blogPost\" ><div class='avia_textblock  '   itemprop=\"text\" ><p style=\"text-align: center;\"><strong><span style=\"font-size: 18pt;\">Un 90% de avance tiene construcci\u00f3n de defensas fluviales en el sector La Balsa en Puerto Ays\u00e9n<\/span><\/strong><\/p>\n<div id=\"gtx-trans\" style=\"position: absolute; left: -50px; top: 4.31534px;\">\n<div class=\"gtx-trans-icon\"><\/div>\n<\/div>\n<\/div><\/section><\/div><div class=\"flex_column av_one_full  flex_column_div av-zero-column-padding first  avia-builder-el-4  el_after_av_one_full  el_before_av_hr  column-top-margin\" style='border-radius:0px; '><section class=\"av_textblock_section \"  itemscope=\"itemscope\" itemtype=\"https:\/\/schema.org\/BlogPosting\" itemprop=\"blogPost\" ><div class='avia_textblock  '   itemprop=\"text\" ><p style=\"text-align: justify;\">Para conversar con los vecinos y apreciar en terreno el trabajo que la Direcci\u00f3n Regional de Obras Hidr\u00e1ulicas est\u00e1 realizando en la Ribera del r\u00edo Ays\u00e9n, esta semana el Secretario Regional Ministerial de Obras P\u00fablicas N\u00e9stor Mera Mu\u00f1oz viaj\u00f3 hasta el sector La Balsa, en Puerto Ays\u00e9n, oportunidad en la que conoci\u00f3 la experiencia de la vecina del sector Albertina Ordo\u00f1ez Chacano (56 a\u00f1os) quien vive desde los 7 a\u00f1os a orilla del r\u00edo Ays\u00e9n, oportunidad en la que se le consult\u00f3 acerca de su experiencia de vivir al alero de este importante r\u00edo que cruza y divide la ciudad de Puerto Ays\u00e9n.<\/p>\n<p style=\"text-align: justify;\">\u201cMe acuerdo hace a\u00f1os atr\u00e1s se sali\u00f3 el r\u00edo. Yo era chica y cruzamos en bote por la calle de los Marinos para adentro, pero ahora s\u00ed est\u00e1 bueno. Antes, cuando el r\u00edo no estaba con estas defensas que tiene ahora sub\u00eda a un nivel, y yo bajaba al r\u00edo a medir y con las vecinas amanec\u00edamos caminando porque nos daba miedo\u2026pero ahora no puedo decir eso, porque el r\u00edo no ha crecido porque tapa todo este muelle. Desde los 7 a\u00f1os que vivo ac\u00e1 en La Balsa, yo ya tengo 56 a\u00f1os ahora, tanto pelearlo sali\u00f3, as\u00ed que estamos agradecidos de que hayan hecho la defensa del r\u00edo. Darle las gracias a todas las personas que estuvieron trabajando y que est\u00e1n trabajando gracias y por parte de la Junta de Vecinos igual\u201d.<\/p>\n<p style=\"text-align: justify;\">La experiencia de la se\u00f1ora Albertina es una de las tantas muestras de lo que viven diariamente los vecinos del sector, por esta raz\u00f3n es que el SEREMI de Obras P\u00fablicas \u00a0junto al Director Regional de Obras Hidr\u00e1ulicas y el Consejero Regional por la comuna de Ays\u00e9n Sergio Gonz\u00e1lez, inspeccionaron el desarrollo de estas obras, oportunidad en la que le comentaron a los vecinos que \u201cesta es la primera etapa de tres que comprenden las defensas fluviales con enrocado en el sector La Balsa. Hoy son 140 metros de enrocado que estamos terminando de construir con un avance de 90%. Los vecinos nos planteaban que estaban muy contentos con estos trabajos, porque era una permanente preocupaci\u00f3n para ellos cuando crec\u00eda el r\u00edo Ays\u00e9n y hoy se ve enormemente mitigado por este trabajo. Estamos muy contentos, porque estas obras son un importante esfuerzo que hemos hecho como gobierno, la inversi\u00f3n realizada hoy es parte del Plan de Recuperaci\u00f3n Econ\u00f3mica que nuestro gobierno impulsa en la regi\u00f3n y que concentra una importante cantidad de empleos, as\u00ed que esperamos que la sumatoria de todo esto, permita reactivar fuertemente la econom\u00eda en Puerto Ays\u00e9n\u201d, destac\u00f3 el SEREMI del MOP.<\/p>\n<p style=\"text-align: justify;\">Por su parte, el Director Regional de Obras Hidr\u00e1ulicas Cristian Aguilar Cay\u00fan indic\u00f3 que \u201ceste es un proyecto muy anhelado por los vecinos del sector La Balsa, quienes nos manifestaron su preocupaci\u00f3n por que no pod\u00edan dormir tranquilos cuando crec\u00eda el r\u00edo Ays\u00e9n y necesitaban la construcci\u00f3n de estas defensas fluviales, as\u00ed que estamos muy contentos de estar ejecutando esta gran obra en la ciudad de Puerto Ays\u00e9n, la que cuenta con fondos sectoriales del Ministerio de Obras P\u00fablicas, una extensi\u00f3n de 140 metros de enrocado, $277 millones de inversi\u00f3n y viene a complementar todas las defensas fluviales con enrocados que vamos a continuar construyendo en el r\u00edo Ays\u00e9n y en el sector Camino Viejo. En este momento estamos licitando la etapa II de defensas fluviales en el sector La Balsa y a fines de este a\u00f1o vamos a licitar una tercera etapa, por lo tanto, en total deber\u00edamos abarcar 465 metros de defensas fluviales a lo largo de todo el sector La Balsa, con una inversi\u00f3n conjunta de aproximadamente $1.100 millones\u201d.<\/p>\n<p style=\"text-align: justify;\">A estas obras se suma \u201cla construcci\u00f3n de defensas fluviales con enrocado etapa I en el sector camino viejo a Puerto Ays\u00e9n en una extensi\u00f3n de 200 metros, las que cuentan con una inversi\u00f3n de $428 millones, un 42% de avance y que tienen por objeto proteger a la poblaci\u00f3n e infraestructura p\u00fablica adyacente ubicada en la ribera norte del r\u00edo de la erosi\u00f3n y de eventuales aumentos en el caudal del r\u00edo Ays\u00e9n\u201d, concluy\u00f3 el Director Regional de Obras Hidr\u00e1ulicas del MOP.<\/p>\n<\/div><\/section><\/div><div  style='height:50px' class='hr hr-invisible   avia-builder-el-6  el_after_av_one_full  el_before_av_social_share '><span class='hr-inner ' ><span class='hr-inner-style'><\/span><\/span><\/div><\/p>\n<div  class='av-social-sharing-box  avia-builder-el-7  el_after_av_hr  el_before_av_hr  '><div class='av-share-box'><h5 class='av-share-link-description av-no-toc '>Compartir esta noticia<\/h5><ul class='av-share-box-list noLightbox'><li class='av-share-link av-social-link-facebook' ><a target=\"_blank\" aria-label=\"Compartir en Facebook\" href='https:\/\/www.facebook.com\/sharer.php?u=https:\/\/radiorevelacionfm.cl\/?p=7766&#038;t=Un%2090%25%20de%20avance%20tiene%20construcci%C3%B3n%20de%20defensas%20fluviales%20en%20el%20sector%20La%20Balsa%20en%20Puerto%20Ays%C3%A9n' aria-hidden='false' data-av_icon='\ue8f3' data-av_iconfont='entypo-fontello' title='' data-avia-related-tooltip='Compartir en Facebook' rel=\"noopener\"><span class='avia_hidden_link_text'>Compartir en Facebook<\/span><\/a><\/li><li class='av-share-link av-social-link-twitter' ><a target=\"_blank\" aria-label=\"Compartir en Twitter\" href='https:\/\/twitter.com\/share?text=Un%2090%25%20de%20avance%20tiene%20construcci%C3%B3n%20de%20defensas%20fluviales%20en%20el%20sector%20La%20Balsa%20en%20Puerto%20Ays%C3%A9n&#038;url=https:\/\/radiorevelacionfm.cl\/?p=7766' aria-hidden='false' data-av_icon='\ue8f1' data-av_iconfont='entypo-fontello' title='' data-avia-related-tooltip='Compartir en Twitter' rel=\"noopener\"><span class='avia_hidden_link_text'>Compartir en Twitter<\/span><\/a><\/li><li class='av-share-link av-social-link-whatsapp' ><a target=\"_blank\" aria-label=\"Compartir en Whatsapp\" href='https:\/\/api.whatsapp.com\/send?text=https:\/\/radiorevelacionfm.cl\/?p=7766' aria-hidden='false' data-av_icon='\uf232' data-av_iconfont='entypo-fontello' title='' data-avia-related-tooltip='Compartir en Whatsapp' rel=\"noopener\"><span class='avia_hidden_link_text'>Compartir en Whatsapp<\/span><\/a><\/li><li class='av-share-link av-social-link-linkedin' ><a target=\"_blank\" aria-label=\"Compartir en LinkedIn\" href='https:\/\/linkedin.com\/shareArticle?mini=true&#038;title=Un%2090%25%20de%20avance%20tiene%20construcci%C3%B3n%20de%20defensas%20fluviales%20en%20el%20sector%20La%20Balsa%20en%20Puerto%20Ays%C3%A9n&#038;url=https:\/\/radiorevelacionfm.cl\/?p=7766' aria-hidden='false' data-av_icon='\ue8fc' data-av_iconfont='entypo-fontello' title='' data-avia-related-tooltip='Compartir en LinkedIn' rel=\"noopener\"><span class='avia_hidden_link_text'>Compartir en LinkedIn<\/span><\/a><\/li><li class='av-share-link av-social-link-mail' ><a  aria-label=\"Compartir por correo\" href='mailto:?subject=Un%2090%25%20de%20avance%20tiene%20construcci%C3%B3n%20de%20defensas%20fluviales%20en%20el%20sector%20La%20Balsa%20en%20Puerto%20Ays%C3%A9n&#038;body=https:\/\/radiorevelacionfm.cl\/?p=7766' aria-hidden='false' data-av_icon='\ue805' data-av_iconfont='entypo-fontello' title='' data-avia-related-tooltip='Compartir por correo'><span class='avia_hidden_link_text'>Compartir por correo<\/span><\/a><\/li><\/ul><\/div><\/div>\n<div  style='height:50px' class='hr hr-invisible   avia-builder-el-8  el_after_av_social_share  el_before_av_comments_list '><span class='hr-inner ' ><span class='hr-inner-style'><\/span><\/span><\/div>\n<div  class='av-buildercomment  av-blog-meta-html-info-disabled av-blog-meta-tag-disabled  '><\/div>\n","protected":false},"excerpt":{"rendered":"","protected":false},"author":1,"featured_media":7767,"comment_status":"open","ping_status":"open","sticky":false,"template":"","format":"standard","meta":{"footnotes":""},"categories":[38],"tags":[],"class_list":["post-7766","post","type-post","status-publish","format-standard","has-post-thumbnail","hentry","category-regional"],"jetpack_featured_media_url":"https:\/\/radiorevelacionfm.cl\/wp-content\/uploads\/2021\/08\/FOTO-6-1-1.jpg","_links":{"self":[{"href":"https:\/\/radiorevelacionfm.cl\/index.php?rest_route=\/wp\/v2\/posts\/7766","targetHints":{"allow":["GET"]}}],"collection":[{"href":"https:\/\/radiorevelacionfm.cl\/index.php?rest_route=\/wp\/v2\/posts"}],"about":[{"href":"https:\/\/radiorevelacionfm.cl\/index.php?rest_route=\/wp\/v2\/types\/post"}],"author":[{"embeddable":true,"href":"https:\/\/radiorevelacionfm.cl\/index.php?rest_route=\/wp\/v2\/users\/1"}],"replies":[{"embeddable":true,"href":"https:\/\/radiorevelacionfm.cl\/index.php?rest_route=%2Fwp%2Fv2%2Fcomments&post=7766"}],"version-history":[{"count":1,"href":"https:\/\/radiorevelacionfm.cl\/index.php?rest_route=\/wp\/v2\/posts\/7766\/revisions"}],"predecessor-version":[{"id":7768,"href":"https:\/\/radiorevelacionfm.cl\/index.php?rest_route=\/wp\/v2\/posts\/7766\/revisions\/7768"}],"wp:featuredmedia":[{"embeddable":true,"href":"https:\/\/radiorevelacionfm.cl\/index.php?rest_route=\/wp\/v2\/media\/7767"}],"wp:attachment":[{"href":"https:\/\/radiorevelacionfm.cl\/index.php?rest_route=%2Fwp%2Fv2%2Fmedia&parent=7766"}],"wp:term":[{"taxonomy":"category","embeddable":true,"href":"https:\/\/radiorevelacionfm.cl\/index.php?rest_route=%2Fwp%2Fv2%2Fcategories&post=7766"},{"taxonomy":"post_tag","embeddable":true,"href":"https:\/\/radiorevelacionfm.cl\/index.php?rest_route=%2Fwp%2Fv2%2Ftags&post=7766"}],"curies":[{"name":"wp","href":"https:\/\/api.w.org\/{rel}","templated":true}]}}