{"id":7762,"date":"2021-08-22T16:09:24","date_gmt":"2021-08-22T19:09:24","guid":{"rendered":"https:\/\/radiorevelacionfm.cl\/?p=7762"},"modified":"2021-08-22T16:09:24","modified_gmt":"2021-08-22T19:09:24","slug":"amplio-triunfo-de-yasna-provoste-en-aysen-en-la-reciente-consulta-ciudadana","status":"publish","type":"post","link":"https:\/\/radiorevelacionfm.cl\/?p=7762","title":{"rendered":"Amplio triunfo de Yasna Provoste en Ays\u00e9n en la reciente consulta ciudadana"},"content":{"rendered":"<div class=\"flex_column av_one_full  flex_column_div av-zero-column-padding first  avia-builder-el-0  el_before_av_one_full  avia-builder-el-first  \" style='border-radius:0px; '><div  class='avia-image-container  av-styling-    avia-builder-el-1  avia-builder-el-no-sibling  avia-align-center '  itemprop=\"image\" itemscope=\"itemscope\" itemtype=\"https:\/\/schema.org\/ImageObject\"  ><div class='avia-image-container-inner'><div class='avia-image-overlay-wrap'><img decoding=\"async\" class='wp-image-7764 avia-img-lazy-loading-not-7764 avia_image' src=\"https:\/\/radiorevelacionfm.cl\/wp-content\/uploads\/2021\/08\/DC-image-1-1.jpg\" alt='' title='DC image (1) (1)' height=\"600\" width=\"800\"  itemprop=\"thumbnailUrl\" srcset=\"https:\/\/radiorevelacionfm.cl\/wp-content\/uploads\/2021\/08\/DC-image-1-1.jpg 800w, https:\/\/radiorevelacionfm.cl\/wp-content\/uploads\/2021\/08\/DC-image-1-1-300x225.jpg 300w, https:\/\/radiorevelacionfm.cl\/wp-content\/uploads\/2021\/08\/DC-image-1-1-768x576.jpg 768w, https:\/\/radiorevelacionfm.cl\/wp-content\/uploads\/2021\/08\/DC-image-1-1-705x529.jpg 705w, https:\/\/radiorevelacionfm.cl\/wp-content\/uploads\/2021\/08\/DC-image-1-1-600x450.jpg 600w\" sizes=\"(max-width: 800px) 100vw, 800px\" \/><\/div><\/div><\/div><\/div><div class=\"flex_column av_one_full  flex_column_div av-zero-column-padding first  avia-builder-el-2  el_after_av_one_full  el_before_av_one_full  column-top-margin\" style='border-radius:0px; '><section class=\"av_textblock_section \"  itemscope=\"itemscope\" itemtype=\"https:\/\/schema.org\/BlogPosting\" itemprop=\"blogPost\" ><div class='avia_textblock  '   itemprop=\"text\" ><p style=\"text-align: center;\"><span style=\"font-size: 18pt;\"><strong>Amplio triunfo de Yasna Provoste en Ays\u00e9n en la reciente consulta ciudadana\u00a0<\/strong><\/span><\/p>\n<div id=\"gtx-trans\" style=\"position: absolute; left: -50px; top: 4.31534px;\">\n<div class=\"gtx-trans-icon\"><\/div>\n<\/div>\n<\/div><\/section><\/div><div class=\"flex_column av_one_full  flex_column_div av-zero-column-padding first  avia-builder-el-4  el_after_av_one_full  el_before_av_hr  column-top-margin\" style='border-radius:0px; '><section class=\"av_textblock_section \"  itemscope=\"itemscope\" itemtype=\"https:\/\/schema.org\/BlogPosting\" itemprop=\"blogPost\" ><div class='avia_textblock  '   itemprop=\"text\" ><p style=\"text-align: justify;\">En las primarias ciudadanas realizadas el s\u00e1bado 21 de agosto, por unidad constituyente, Yasna Provoste, candidata de la Democracia Cristiana se impuso en todas las mesas en Coyhaique, superando con m\u00e1s del 60% del total de los votos v\u00e1lidamente emitidos a Carlos Maldonado y Paula Narv\u00e1ez, ratificando su favoritismo previo a la contienda final en noviembre.<\/p>\n<p style=\"text-align: justify;\">A su vez, Carlos Gatica, Alcalde de Coyhaique y vocero de la candidata triunfadora en la regi\u00f3n, destac\u00f3 la importancia de la participaci\u00f3n en Coyhaique, \u00abnos alegra ver a nuestros vecinos y vecinas formando parte de esta importante instancia, en la que votaron casi mil personas de nuestra comuna. Esta participaci\u00f3n nos demuestra la existencia de un grupo considerable de ciudadanos que no ten\u00edan una opci\u00f3n y que ahora la tienen. Una candidatura de peso, que representa a las regiones, a las mujeres, al mundo de la educaci\u00f3n y a los ciudadanos que quieren construir un Chile donde la dignidad se haga costumbre. Asimismo, quiero felicitar a quienes organizaron el proceso electoral, el cual se realiz\u00f3 en forma \u00f3ptima, en un d\u00eda en que la nieve se dej\u00f3 caer en Coyhaique y abraz\u00f3 toda la jornada participativa\u00bb.<\/p>\n<p style=\"text-align: justify;\">Por su parte Marcio Villouta, Presidente de la Democracia Cristiana en la regi\u00f3n, se\u00f1al\u00f3 \u201cque estamos felices por el triunfo de la camarada Yasna Provoste, destacando el esfuerzo y el trabajo realizado, fue una campa\u00f1a con mucho ah\u00ednco, con mucho terreno, tanto en la regi\u00f3n, como en el pa\u00eds. Desde ahora esperamos trabajar en conjunto con los otros partidos de Unidad Constituyente para construir un bloque que represente a la mayor\u00eda de los chilenos, ya que tenemos una candidata ganadora, que puede convertirse en la primera presidenta de ascendencia ind\u00edgena en Chile y que actualmente tiene opciones reales de llegar a La Moneda.\u201d<\/p>\n<p style=\"text-align: justify;\">Finalmente, la elecci\u00f3n ratifica el triunfo de la candidata de la falange, asegurando su participaci\u00f3n en la contienda de noviembre y demostrando que Unidad Constituyente tiene una candidatura competitiva de cara a los comicios en los que se elegir\u00e1 al pr\u00f3ximo Presidente de Chile y en donde Yasna Provoste tiene un proyecto, un programa y una visi\u00f3n de pa\u00eds que ofrecerle a todos los chilenos y chilenas.<\/p>\n<\/div><\/section><\/div><div  style='height:50px' class='hr hr-invisible   avia-builder-el-6  el_after_av_one_full  el_before_av_social_share '><span class='hr-inner ' ><span class='hr-inner-style'><\/span><\/span><\/div><\/p>\n<div  class='av-social-sharing-box  avia-builder-el-7  el_after_av_hr  el_before_av_hr  '><div class='av-share-box'><h5 class='av-share-link-description av-no-toc '>Compartir esta noticia<\/h5><ul class='av-share-box-list noLightbox'><li class='av-share-link av-social-link-facebook' ><a target=\"_blank\" aria-label=\"Compartir en Facebook\" href='https:\/\/www.facebook.com\/sharer.php?u=https:\/\/radiorevelacionfm.cl\/?p=7762&#038;t=Amplio%20triunfo%20de%20Yasna%20Provoste%20en%20Ays%C3%A9n%20en%20la%20reciente%20consulta%20ciudadana' aria-hidden='false' data-av_icon='\ue8f3' data-av_iconfont='entypo-fontello' title='' data-avia-related-tooltip='Compartir en Facebook' rel=\"noopener\"><span class='avia_hidden_link_text'>Compartir en Facebook<\/span><\/a><\/li><li class='av-share-link av-social-link-twitter' ><a target=\"_blank\" aria-label=\"Compartir en Twitter\" href='https:\/\/twitter.com\/share?text=Amplio%20triunfo%20de%20Yasna%20Provoste%20en%20Ays%C3%A9n%20en%20la%20reciente%20consulta%20ciudadana&#038;url=https:\/\/radiorevelacionfm.cl\/?p=7762' aria-hidden='false' data-av_icon='\ue8f1' data-av_iconfont='entypo-fontello' title='' data-avia-related-tooltip='Compartir en Twitter' rel=\"noopener\"><span class='avia_hidden_link_text'>Compartir en Twitter<\/span><\/a><\/li><li class='av-share-link av-social-link-whatsapp' ><a target=\"_blank\" aria-label=\"Compartir en Whatsapp\" href='https:\/\/api.whatsapp.com\/send?text=https:\/\/radiorevelacionfm.cl\/?p=7762' aria-hidden='false' data-av_icon='\uf232' data-av_iconfont='entypo-fontello' title='' data-avia-related-tooltip='Compartir en Whatsapp' rel=\"noopener\"><span class='avia_hidden_link_text'>Compartir en Whatsapp<\/span><\/a><\/li><li class='av-share-link av-social-link-linkedin' ><a target=\"_blank\" aria-label=\"Compartir en LinkedIn\" href='https:\/\/linkedin.com\/shareArticle?mini=true&#038;title=Amplio%20triunfo%20de%20Yasna%20Provoste%20en%20Ays%C3%A9n%20en%20la%20reciente%20consulta%20ciudadana&#038;url=https:\/\/radiorevelacionfm.cl\/?p=7762' aria-hidden='false' data-av_icon='\ue8fc' data-av_iconfont='entypo-fontello' title='' data-avia-related-tooltip='Compartir en LinkedIn' rel=\"noopener\"><span class='avia_hidden_link_text'>Compartir en LinkedIn<\/span><\/a><\/li><li class='av-share-link av-social-link-mail' ><a  aria-label=\"Compartir por correo\" href='mailto:?subject=Amplio%20triunfo%20de%20Yasna%20Provoste%20en%20Ays%C3%A9n%20en%20la%20reciente%20consulta%20ciudadana&#038;body=https:\/\/radiorevelacionfm.cl\/?p=7762' aria-hidden='false' data-av_icon='\ue805' data-av_iconfont='entypo-fontello' title='' data-avia-related-tooltip='Compartir por correo'><span class='avia_hidden_link_text'>Compartir por correo<\/span><\/a><\/li><\/ul><\/div><\/div>\n<div  style='height:50px' class='hr hr-invisible   avia-builder-el-8  el_after_av_social_share  el_before_av_comments_list '><span class='hr-inner ' ><span class='hr-inner-style'><\/span><\/span><\/div>\n<div  class='av-buildercomment  av-blog-meta-html-info-disabled av-blog-meta-tag-disabled  '><\/div>\n","protected":false},"excerpt":{"rendered":"","protected":false},"author":1,"featured_media":7764,"comment_status":"open","ping_status":"open","sticky":false,"template":"","format":"standard","meta":{"footnotes":""},"categories":[35],"tags":[],"class_list":["post-7762","post","type-post","status-publish","format-standard","has-post-thumbnail","hentry","category-politica"],"jetpack_featured_media_url":"https:\/\/radiorevelacionfm.cl\/wp-content\/uploads\/2021\/08\/DC-image-1-1.jpg","_links":{"self":[{"href":"https:\/\/radiorevelacionfm.cl\/index.php?rest_route=\/wp\/v2\/posts\/7762","targetHints":{"allow":["GET"]}}],"collection":[{"href":"https:\/\/radiorevelacionfm.cl\/index.php?rest_route=\/wp\/v2\/posts"}],"about":[{"href":"https:\/\/radiorevelacionfm.cl\/index.php?rest_route=\/wp\/v2\/types\/post"}],"author":[{"embeddable":true,"href":"https:\/\/radiorevelacionfm.cl\/index.php?rest_route=\/wp\/v2\/users\/1"}],"replies":[{"embeddable":true,"href":"https:\/\/radiorevelacionfm.cl\/index.php?rest_route=%2Fwp%2Fv2%2Fcomments&post=7762"}],"version-history":[{"count":1,"href":"https:\/\/radiorevelacionfm.cl\/index.php?rest_route=\/wp\/v2\/posts\/7762\/revisions"}],"predecessor-version":[{"id":7765,"href":"https:\/\/radiorevelacionfm.cl\/index.php?rest_route=\/wp\/v2\/posts\/7762\/revisions\/7765"}],"wp:featuredmedia":[{"embeddable":true,"href":"https:\/\/radiorevelacionfm.cl\/index.php?rest_route=\/wp\/v2\/media\/7764"}],"wp:attachment":[{"href":"https:\/\/radiorevelacionfm.cl\/index.php?rest_route=%2Fwp%2Fv2%2Fmedia&parent=7762"}],"wp:term":[{"taxonomy":"category","embeddable":true,"href":"https:\/\/radiorevelacionfm.cl\/index.php?rest_route=%2Fwp%2Fv2%2Fcategories&post=7762"},{"taxonomy":"post_tag","embeddable":true,"href":"https:\/\/radiorevelacionfm.cl\/index.php?rest_route=%2Fwp%2Fv2%2Ftags&post=7762"}],"curies":[{"name":"wp","href":"https:\/\/api.w.org\/{rel}","templated":true}]}}