{"id":7759,"date":"2021-08-22T14:45:54","date_gmt":"2021-08-22T17:45:54","guid":{"rendered":"https:\/\/radiorevelacionfm.cl\/?p=7759"},"modified":"2021-08-22T14:45:54","modified_gmt":"2021-08-22T17:45:54","slug":"destacan-importancia-del-desarrollo-agricola-en-cuenca-del-lago-general-carrera","status":"publish","type":"post","link":"https:\/\/radiorevelacionfm.cl\/?p=7759","title":{"rendered":"Destacan importancia del desarrollo agr\u00edcola en cuenca del Lago General Carrera"},"content":{"rendered":"<div class=\"flex_column av_one_full  flex_column_div av-zero-column-padding first  avia-builder-el-0  el_before_av_one_full  avia-builder-el-first  \" style='border-radius:0px; '><div  class='avia-image-container  av-styling-    avia-builder-el-1  avia-builder-el-no-sibling  avia-align-center '  itemprop=\"image\" itemscope=\"itemscope\" itemtype=\"https:\/\/schema.org\/ImageObject\"  ><div class='avia-image-container-inner'><div class='avia-image-overlay-wrap'><img decoding=\"async\" class='wp-image-7760 avia-img-lazy-loading-not-7760 avia_image' src=\"https:\/\/radiorevelacionfm.cl\/wp-content\/uploads\/2021\/08\/REUNION-CON-SEREMI-AGRICULTURA-Y-DIRECTOR-REGIONAL-DGA-1-1.jpeg\" alt='' title='REUNI\u00d3N CON SEREMI AGRICULTURA Y DIRECTOR REGIONAL DGA (1) (1)' height=\"600\" width=\"800\"  itemprop=\"thumbnailUrl\" srcset=\"https:\/\/radiorevelacionfm.cl\/wp-content\/uploads\/2021\/08\/REUNION-CON-SEREMI-AGRICULTURA-Y-DIRECTOR-REGIONAL-DGA-1-1.jpeg 800w, https:\/\/radiorevelacionfm.cl\/wp-content\/uploads\/2021\/08\/REUNION-CON-SEREMI-AGRICULTURA-Y-DIRECTOR-REGIONAL-DGA-1-1-300x225.jpeg 300w, https:\/\/radiorevelacionfm.cl\/wp-content\/uploads\/2021\/08\/REUNION-CON-SEREMI-AGRICULTURA-Y-DIRECTOR-REGIONAL-DGA-1-1-768x576.jpeg 768w, https:\/\/radiorevelacionfm.cl\/wp-content\/uploads\/2021\/08\/REUNION-CON-SEREMI-AGRICULTURA-Y-DIRECTOR-REGIONAL-DGA-1-1-705x529.jpeg 705w, https:\/\/radiorevelacionfm.cl\/wp-content\/uploads\/2021\/08\/REUNION-CON-SEREMI-AGRICULTURA-Y-DIRECTOR-REGIONAL-DGA-1-1-600x450.jpeg 600w\" sizes=\"(max-width: 800px) 100vw, 800px\" \/><\/div><\/div><\/div><\/div><div class=\"flex_column av_one_full  flex_column_div av-zero-column-padding first  avia-builder-el-2  el_after_av_one_full  el_before_av_one_full  column-top-margin\" style='border-radius:0px; '><section class=\"av_textblock_section \"  itemscope=\"itemscope\" itemtype=\"https:\/\/schema.org\/BlogPosting\" itemprop=\"blogPost\" ><div class='avia_textblock  '   itemprop=\"text\" ><p style=\"text-align: center;\"><span style=\"font-size: 18pt;\"><strong>Destacan importancia del desarrollo agr\u00edcola en cuenca del Lago General Carrera\u00a0<\/strong><\/span><\/p>\n<div id=\"gtx-trans\" style=\"position: absolute; left: -50px; top: 4.31534px;\">\n<div class=\"gtx-trans-icon\"><\/div>\n<\/div>\n<\/div><\/section><\/div><div class=\"flex_column av_one_full  flex_column_div av-zero-column-padding first  avia-builder-el-4  el_after_av_one_full  el_before_av_hr  column-top-margin\" style='border-radius:0px; '><section class=\"av_textblock_section \"  itemscope=\"itemscope\" itemtype=\"https:\/\/schema.org\/BlogPosting\" itemprop=\"blogPost\" ><div class='avia_textblock  '   itemprop=\"text\" ><p style=\"text-align: justify;\">Fortalecer el desarrollo agr\u00edcola en la cuenca del Lago general Carrera, fue el principal objetivo de una reuni\u00f3n desarrollada en los \u00faltimos d\u00edas entre el senador David Sandoval, el seremi de Agricultura, Felipe Henr\u00edquez, y el director regional de la Direcci\u00f3n General de Aguas (DGA), El\u00edas Fern\u00e1ndez-Ni\u00f1o.<\/p>\n<p style=\"text-align: justify;\">Y esto en funci\u00f3n de dos iniciativas que se est\u00e1n implementando en Puerto Ingeniero Ib\u00e1\u00f1ez y Chile Chico, y que est\u00e1n dirigidas a las comunidades de aguas de ambas localidades. \u201cTodos hemos hablado que en la cuenca del Lago General Carrera, est\u00e1n los mejores suelos y el mejor clima de la regi\u00f3n de Ays\u00e9n, por lo que parece muy bien lo que est\u00e1 haciendo el ministerio de Agricultura\u201d, se\u00f1al\u00f3 el parlamentario, quien record\u00f3 que desde hace mucho tiempo se ha venido planteando la necesidad de avanzar en el mejoramiento de infraestructura de riego.<\/p>\n<p style=\"text-align: justify;\">En particular, Sandoval destac\u00f3 lo que se est\u00e1 haciendo en Chile Chico, valorando la labor del dirigente Robinson Casanova, quien est\u00e1 trabajando en representaci\u00f3n de este tema de los canalistas. \u201cEsto hay que ordenarlo. Hay gente que no paga derechos, que tiene tierra, pero no derechos de agua, etc. Afortunadamente hoy hay una modificaci\u00f3n al C\u00f3digo de Aguas, donde hay todo un tema nuevo en materia de derechos\u201d, indic\u00f3.<\/p>\n<p style=\"text-align: justify;\">De ah\u00ed la importancia que le asigna al impulso de este nuevo programa, que apunta a resolver los actuales problemas que existen en la materia. \u201cAqu\u00ed hay que hacer un trabajo integral y hay una empresa que est\u00e1 haciendo los levantamientos para ordenar esta cosa y yo creo que va a ser un gran impulso para perfeccionar y mejorar la agricultura\u201d, subray\u00f3.<\/p>\n<p style=\"text-align: justify;\">\u201cAs\u00ed como a los cereceros les ha ido s\u00faper bien, queremos que a la gente de la regi\u00f3n, a los agricultores, a los chacareros hist\u00f3ricos tambi\u00e9n les vaya bien. Y hay que darle todos los medios para que la gente haga las cosas con tecnolog\u00eda y que los recursos no solo beneficien a algunos\u201d, puntualiz\u00f3.<\/p>\n<p style=\"text-align: justify;\">Por lo mismo, felicit\u00f3 el trabajo que est\u00e1n realizando el seremi Felipe Henr\u00edquez y el director de la DGA, El\u00edas Fern\u00e1ndez-Ni\u00f1o, no solamente en Chile Chico sino que tambi\u00e9n en Puerto Ib\u00e1\u00f1ez y en toda la zona de la cuenca del Lago General Carrera.<\/p>\n<p style=\"text-align: justify;\"><strong>Desarrollo de programas <\/strong><\/p>\n<p style=\"text-align: justify;\">Por su parte, el seremi Henr\u00edquez, explic\u00f3 que en el encuentro se analiz\u00f3 el trabajo que se ha estado realizando desde el MINAGRI, con apoyo del Ministerio de Obras P\u00fablicas y el municipio de Puerto Ib\u00e1\u00f1ez, en materia\u00a0 de implementar un programa, albergado en el plan marco de desarrollo territorial, y que permitir\u00e1 poner a disposici\u00f3n herramientas de inversi\u00f3n e infraestructura \u201cy tambi\u00e9n a apoyar a la comunidad de aguas de Puerto Ib\u00e1\u00f1ez\u201d.<\/p>\n<p style=\"text-align: justify;\">De igual manera, valor\u00f3 lo que se est\u00e1 haciendo en Chile Chico, a partir de esta iniciativa de fortalecimiento de la comunidad de aguas local. \u201cEstuvimos revisando los avances (de la iniciativa), que se logr\u00f3 financiar gracias a las gestiones que se han hecho desde la regi\u00f3n y donde el senador David Sandoval apoy\u00f3 de manera muy importante\u201d, indic\u00f3.<\/p>\n<p style=\"text-align: justify;\">Finalmente, el director regional de la DGA, El\u00edas Fern\u00e1ndez-Ni\u00f1o, se\u00f1al\u00f3 que para el MOP y dicha direcci\u00f3n, el promover y colaborar en la constituci\u00f3n de organizaciones de usuarios, es una de sus siete prioridades estrat\u00e9gicas. \u201cFelicitar al seremi de agricultura (Felipe Henr\u00edquez), por este programa, el cual se anhelaba en la comunidad, sobre todo en esta \u00e9poca donde se habla de sequ\u00eda, de d\u00e9ficit h\u00eddrico en todo el pa\u00eds\u201d, se\u00f1al\u00f3.<\/p>\n<p style=\"text-align: justify;\">En ese sentido, dijo que la instancia beneficiar\u00e1 a todas las personas que habitan el valle de Chile Chico, recordando que cada vez m\u00e1s se har\u00e1 patente en el territorio, el tema del cambio clim\u00e1tico, que trae consigo entre otras cosas, el d\u00e9ficit de precipitaciones. \u201cFelicitamos el inter\u00e9s que existe y el apoyo que siempre ha existido del senador Sandoval\u201d, concluy\u00f3.<\/p>\n<\/div><\/section><\/div><div  style='height:50px' class='hr hr-invisible   avia-builder-el-6  el_after_av_one_full  el_before_av_social_share '><span class='hr-inner ' ><span class='hr-inner-style'><\/span><\/span><\/div><\/p>\n<div  class='av-social-sharing-box  avia-builder-el-7  el_after_av_hr  el_before_av_hr  '><div class='av-share-box'><h5 class='av-share-link-description av-no-toc '>Compartir esta noticia<\/h5><ul class='av-share-box-list noLightbox'><li class='av-share-link av-social-link-facebook' ><a target=\"_blank\" aria-label=\"Compartir en Facebook\" href='https:\/\/www.facebook.com\/sharer.php?u=https:\/\/radiorevelacionfm.cl\/?p=7759&#038;t=Destacan%20importancia%20del%20desarrollo%20agr%C3%ADcola%20en%20cuenca%20del%20Lago%20General%20Carrera' aria-hidden='false' data-av_icon='\ue8f3' data-av_iconfont='entypo-fontello' title='' data-avia-related-tooltip='Compartir en Facebook' rel=\"noopener\"><span class='avia_hidden_link_text'>Compartir en Facebook<\/span><\/a><\/li><li class='av-share-link av-social-link-twitter' ><a target=\"_blank\" aria-label=\"Compartir en Twitter\" href='https:\/\/twitter.com\/share?text=Destacan%20importancia%20del%20desarrollo%20agr%C3%ADcola%20en%20cuenca%20del%20Lago%20General%20Carrera&#038;url=https:\/\/radiorevelacionfm.cl\/?p=7759' aria-hidden='false' data-av_icon='\ue8f1' data-av_iconfont='entypo-fontello' title='' data-avia-related-tooltip='Compartir en Twitter' rel=\"noopener\"><span class='avia_hidden_link_text'>Compartir en Twitter<\/span><\/a><\/li><li class='av-share-link av-social-link-whatsapp' ><a target=\"_blank\" aria-label=\"Compartir en Whatsapp\" href='https:\/\/api.whatsapp.com\/send?text=https:\/\/radiorevelacionfm.cl\/?p=7759' aria-hidden='false' data-av_icon='\uf232' data-av_iconfont='entypo-fontello' title='' data-avia-related-tooltip='Compartir en Whatsapp' rel=\"noopener\"><span class='avia_hidden_link_text'>Compartir en Whatsapp<\/span><\/a><\/li><li class='av-share-link av-social-link-linkedin' ><a target=\"_blank\" aria-label=\"Compartir en LinkedIn\" href='https:\/\/linkedin.com\/shareArticle?mini=true&#038;title=Destacan%20importancia%20del%20desarrollo%20agr%C3%ADcola%20en%20cuenca%20del%20Lago%20General%20Carrera&#038;url=https:\/\/radiorevelacionfm.cl\/?p=7759' aria-hidden='false' data-av_icon='\ue8fc' data-av_iconfont='entypo-fontello' title='' data-avia-related-tooltip='Compartir en LinkedIn' rel=\"noopener\"><span class='avia_hidden_link_text'>Compartir en LinkedIn<\/span><\/a><\/li><li class='av-share-link av-social-link-mail' ><a  aria-label=\"Compartir por correo\" href='mailto:?subject=Destacan%20importancia%20del%20desarrollo%20agr%C3%ADcola%20en%20cuenca%20del%20Lago%20General%20Carrera&#038;body=https:\/\/radiorevelacionfm.cl\/?p=7759' aria-hidden='false' data-av_icon='\ue805' data-av_iconfont='entypo-fontello' title='' data-avia-related-tooltip='Compartir por correo'><span class='avia_hidden_link_text'>Compartir por correo<\/span><\/a><\/li><\/ul><\/div><\/div>\n<div  style='height:50px' class='hr hr-invisible   avia-builder-el-8  el_after_av_social_share  el_before_av_comments_list '><span class='hr-inner ' ><span class='hr-inner-style'><\/span><\/span><\/div>\n<div  class='av-buildercomment  av-blog-meta-html-info-disabled av-blog-meta-tag-disabled  '><\/div>\n","protected":false},"excerpt":{"rendered":"","protected":false},"author":1,"featured_media":7760,"comment_status":"open","ping_status":"open","sticky":false,"template":"","format":"standard","meta":{"footnotes":""},"categories":[35],"tags":[],"class_list":["post-7759","post","type-post","status-publish","format-standard","has-post-thumbnail","hentry","category-politica"],"jetpack_featured_media_url":"https:\/\/radiorevelacionfm.cl\/wp-content\/uploads\/2021\/08\/REUNION-CON-SEREMI-AGRICULTURA-Y-DIRECTOR-REGIONAL-DGA-1-1.jpeg","_links":{"self":[{"href":"https:\/\/radiorevelacionfm.cl\/index.php?rest_route=\/wp\/v2\/posts\/7759","targetHints":{"allow":["GET"]}}],"collection":[{"href":"https:\/\/radiorevelacionfm.cl\/index.php?rest_route=\/wp\/v2\/posts"}],"about":[{"href":"https:\/\/radiorevelacionfm.cl\/index.php?rest_route=\/wp\/v2\/types\/post"}],"author":[{"embeddable":true,"href":"https:\/\/radiorevelacionfm.cl\/index.php?rest_route=\/wp\/v2\/users\/1"}],"replies":[{"embeddable":true,"href":"https:\/\/radiorevelacionfm.cl\/index.php?rest_route=%2Fwp%2Fv2%2Fcomments&post=7759"}],"version-history":[{"count":1,"href":"https:\/\/radiorevelacionfm.cl\/index.php?rest_route=\/wp\/v2\/posts\/7759\/revisions"}],"predecessor-version":[{"id":7761,"href":"https:\/\/radiorevelacionfm.cl\/index.php?rest_route=\/wp\/v2\/posts\/7759\/revisions\/7761"}],"wp:featuredmedia":[{"embeddable":true,"href":"https:\/\/radiorevelacionfm.cl\/index.php?rest_route=\/wp\/v2\/media\/7760"}],"wp:attachment":[{"href":"https:\/\/radiorevelacionfm.cl\/index.php?rest_route=%2Fwp%2Fv2%2Fmedia&parent=7759"}],"wp:term":[{"taxonomy":"category","embeddable":true,"href":"https:\/\/radiorevelacionfm.cl\/index.php?rest_route=%2Fwp%2Fv2%2Fcategories&post=7759"},{"taxonomy":"post_tag","embeddable":true,"href":"https:\/\/radiorevelacionfm.cl\/index.php?rest_route=%2Fwp%2Fv2%2Ftags&post=7759"}],"curies":[{"name":"wp","href":"https:\/\/api.w.org\/{rel}","templated":true}]}}