{"id":7749,"date":"2021-08-23T12:12:47","date_gmt":"2021-08-23T15:12:47","guid":{"rendered":"https:\/\/radiorevelacionfm.cl\/?p=7749"},"modified":"2021-08-23T12:12:47","modified_gmt":"2021-08-23T15:12:47","slug":"presentan-proyecto-que-busca-adelantar-horario-de-cierre-del-comercio","status":"publish","type":"post","link":"https:\/\/radiorevelacionfm.cl\/?p=7749","title":{"rendered":"Presentan proyecto que busca adelantar horario de cierre del comercio"},"content":{"rendered":"<div class=\"flex_column av_one_full  flex_column_div av-zero-column-padding first  avia-builder-el-0  el_before_av_one_full  avia-builder-el-first  \" style='border-radius:0px; '><div  class='avia-image-container  av-styling-    avia-builder-el-1  avia-builder-el-no-sibling  avia-align-center '  itemprop=\"image\" itemscope=\"itemscope\" itemtype=\"https:\/\/schema.org\/ImageObject\"  ><div class='avia-image-container-inner'><div class='avia-image-overlay-wrap'><img decoding=\"async\" class='wp-image-7750 avia-img-lazy-loading-not-7750 avia_image' src=\"https:\/\/radiorevelacionfm.cl\/wp-content\/uploads\/2021\/08\/tiendas-1_optimized.jpg\" alt='' title='tiendas-(1)_optimized' height=\"600\" width=\"1067\"  itemprop=\"thumbnailUrl\" srcset=\"https:\/\/radiorevelacionfm.cl\/wp-content\/uploads\/2021\/08\/tiendas-1_optimized.jpg 1067w, https:\/\/radiorevelacionfm.cl\/wp-content\/uploads\/2021\/08\/tiendas-1_optimized-300x169.jpg 300w, https:\/\/radiorevelacionfm.cl\/wp-content\/uploads\/2021\/08\/tiendas-1_optimized-1030x579.jpg 1030w, https:\/\/radiorevelacionfm.cl\/wp-content\/uploads\/2021\/08\/tiendas-1_optimized-768x432.jpg 768w, https:\/\/radiorevelacionfm.cl\/wp-content\/uploads\/2021\/08\/tiendas-1_optimized-705x396.jpg 705w, https:\/\/radiorevelacionfm.cl\/wp-content\/uploads\/2021\/08\/tiendas-1_optimized-600x337.jpg 600w\" sizes=\"(max-width: 1067px) 100vw, 1067px\" \/><\/div><\/div><\/div><\/div><div class=\"flex_column av_one_full  flex_column_div av-zero-column-padding first  avia-builder-el-2  el_after_av_one_full  el_before_av_one_full  column-top-margin\" style='border-radius:0px; '><section class=\"av_textblock_section \"  itemscope=\"itemscope\" itemtype=\"https:\/\/schema.org\/BlogPosting\" itemprop=\"blogPost\" ><div class='avia_textblock  '   itemprop=\"text\" ><p style=\"text-align: center;\"><strong><span style=\"font-size: 18pt;\">Presentan proyecto que busca adelantar horario de cierre del comercio<\/span><\/strong><\/p>\n<div id=\"gtx-trans\" style=\"position: absolute; left: -50px; top: 4.31534px;\">\n<div class=\"gtx-trans-icon\"><\/div>\n<\/div>\n<\/div><\/section><\/div><div class=\"flex_column av_one_full  flex_column_div av-zero-column-padding first  avia-builder-el-4  el_after_av_one_full  el_before_av_hr  column-top-margin\" style='border-radius:0px; '><section class=\"av_textblock_section \"  itemscope=\"itemscope\" itemtype=\"https:\/\/schema.org\/BlogPosting\" itemprop=\"blogPost\" ><div class='avia_textblock  '   itemprop=\"text\" ><p style=\"text-align: justify;\">As\u00ed lo propone la moci\u00f3n de un grupo transversal de senadores, quienes buscan mejorar la calidad de vida de los trabajadores del comercio y darles seguridad en el retorno a sus hogares.<\/p>\n<p style=\"text-align: justify;\">Adelantar el cierre del comercio y servicios de atenci\u00f3n directa del p\u00fablico, es el principal objetivo del proyecto de ley presentado por los senadores\u00a0Alejandro Guillier, Yasna Provoste, Alejandro Navarro\u00a0y\u00a0David Sandoval\u00a0y que ahora deber\u00e1 ser analizado por la\u00a0<a href=\"https:\/\/www.senado.cl\/appsenado\/index.php?mo=comisiones&amp;ac=ficha&amp;id=194&amp;tipo_comision=10\">Comisi\u00f3n de Trabajo y Previsi\u00f3n Social<\/a>.<\/p>\n<p style=\"text-align: justify;\">La propuesta -que modifica el art\u00edculo 24 del C\u00f3digo del Trabajo- busca mejorar la\u00a0calidad de vida\u00a0de los trabajadores del comercio y darles seguridad en el retorno a sus hogares, \u201cquienes, seg\u00fan las actuales condiciones, se produce a altas horas de la noche\u201d, precisan los autores.<\/p>\n<p style=\"text-align: justify;\">En concreto, se propone que el\u00a0cierre de los establecimientos de comercio y servicios se realice a m\u00e1s tardar a las 19:00 horas, horario dentro del cual se deber\u00e1n ajustar y respetar las jornadas de trabajo de sus dependientes. A su vez, se establecen excepciones a este cierre en consideraci\u00f3n al rubro y\/o servicio otorgado.<\/p>\n<p style=\"text-align: justify;\">La moci\u00f3n hace presente que tradicionalmente en nuestro pa\u00eds, y antes de octubre de 2019, el comercio ha funcionado entre las 08:00 y 22:00 horas aproximadamente, encontrando dentro de ese horario distinciones entre grandes cadenas de retail, y comercios de menor tama\u00f1o, de al menos una hora entre apertura y cierre.<\/p>\n<p style=\"text-align: justify;\">\u201cCuando un establecimiento de comercio de atenci\u00f3n directa a p\u00fablico cierra sus puertas, los trabajadores deben proceder al \u201ccierre operacional\u201d, tiempo que var\u00eda entre 30 a 90 minutos, donde se procede a la entrega y cuadratura de cajas, entrega de turnos, etc., por lo que en la praxis el horario de salida se extiende pasado las 11:00 horas en algunos casos. Luego de ello, nos encontramos con los tiempos de traslado que efect\u00faa el trabajador hasta su hogar, por lo que la hora de regreso depender\u00e1 de la distancia hacia esta, locomoci\u00f3n disponible, transbordos a efectuar, y desplazamiento mediante caminata, demor\u00e1ndose en el trayecto completo no menos de 40 minutos\u201d, precisan los autores.<\/p>\n<p style=\"text-align: justify;\">Lo anterior, agregan,\u00a0\u201cse traduce en que un trabajador del comercio pude llegar a su hogar pasada la media noche, situaci\u00f3n que trae consigo una serie de inconvenientes y peligros aparejados, como bien lo ha manifestado la Alianza de los Trabajadores del Comercio ATCOMER, a trav\u00e9s, de su campa\u00f1a \u201cCerremos a las 19 horas el Comercio\u201d\u201d.<\/p>\n<p style=\"text-align: justify;\">ESCASA VIDA FAMILIAR Y FALTA DE SEGURIDAD<\/p>\n<p style=\"text-align: justify;\">En este contexto se alude a que la actual situaci\u00f3n horario tiene repercusi\u00f3n directa en una carencia o escasa vida familiar; falta de seguridad y exposici\u00f3n a delitos; sumado que \u201ccerca de un 70% de los trabajadores de comercio son mujeres, y seg\u00fan datos de la XVI Encuesta Nacional Urbana de Seguridad Ciudadana (ENSUC), 2019, del Instituto Nacional de Estad\u00edsticas (INE), publicadas\u00a0mediante infograf\u00eda, se aprecia que\u00a0en\u00a0victimizaci\u00f3n\u00a0persona,\u00a0las mujeres son proporcionalmente m\u00e1s v\u00edctimas de delitos en un 10,5% versus los hombres con un 7,2%\u201d.<\/p>\n<p style=\"text-align: justify;\">A juicio de los legisladores, \u201cla anterior situaci\u00f3n se agudizo producto de la pandemia, donde las restricciones, cuarentenas, toques de queda, etc., complejizaron el t\u00e9rmino de la jornada laboral, influyendo significativamente en la forma, seguridad e integridad de los trabajadores en sus retornos a los hogares, as\u00ed como tambi\u00e9n en el cuidado de los hijos, enfermedad y riesgos propios de la pandemia por COVID-19\u201d.<\/p>\n<p style=\"text-align: justify;\">Sin embargo, aclara, \u201ceste contexto otorg\u00f3 una arista positiva, y es que qued\u00f3 demostrado que el comercio pude funcionar cerrando sus puertas m\u00e1s temprano, sin que signifique un menoscabo en las ganancias\u201d.<\/p>\n<\/div><\/section><\/div><div  style='height:50px' class='hr hr-invisible   avia-builder-el-6  el_after_av_one_full  el_before_av_social_share '><span class='hr-inner ' ><span class='hr-inner-style'><\/span><\/span><\/div><\/p>\n<div  class='av-social-sharing-box  avia-builder-el-7  el_after_av_hr  el_before_av_hr  '><div class='av-share-box'><h5 class='av-share-link-description av-no-toc '>Compartir esta noticia<\/h5><ul class='av-share-box-list noLightbox'><li class='av-share-link av-social-link-facebook' ><a target=\"_blank\" aria-label=\"Compartir en Facebook\" href='https:\/\/www.facebook.com\/sharer.php?u=https:\/\/radiorevelacionfm.cl\/?p=7749&#038;t=Presentan%20proyecto%20que%20busca%20adelantar%20horario%20de%20cierre%20del%20comercio' aria-hidden='false' data-av_icon='\ue8f3' data-av_iconfont='entypo-fontello' title='' data-avia-related-tooltip='Compartir en Facebook' rel=\"noopener\"><span class='avia_hidden_link_text'>Compartir en Facebook<\/span><\/a><\/li><li class='av-share-link av-social-link-twitter' ><a target=\"_blank\" aria-label=\"Compartir en Twitter\" href='https:\/\/twitter.com\/share?text=Presentan%20proyecto%20que%20busca%20adelantar%20horario%20de%20cierre%20del%20comercio&#038;url=https:\/\/radiorevelacionfm.cl\/?p=7749' aria-hidden='false' data-av_icon='\ue8f1' data-av_iconfont='entypo-fontello' title='' data-avia-related-tooltip='Compartir en Twitter' rel=\"noopener\"><span class='avia_hidden_link_text'>Compartir en Twitter<\/span><\/a><\/li><li class='av-share-link av-social-link-whatsapp' ><a target=\"_blank\" aria-label=\"Compartir en Whatsapp\" href='https:\/\/api.whatsapp.com\/send?text=https:\/\/radiorevelacionfm.cl\/?p=7749' aria-hidden='false' data-av_icon='\uf232' data-av_iconfont='entypo-fontello' title='' data-avia-related-tooltip='Compartir en Whatsapp' rel=\"noopener\"><span class='avia_hidden_link_text'>Compartir en Whatsapp<\/span><\/a><\/li><li class='av-share-link av-social-link-linkedin' ><a target=\"_blank\" aria-label=\"Compartir en LinkedIn\" href='https:\/\/linkedin.com\/shareArticle?mini=true&#038;title=Presentan%20proyecto%20que%20busca%20adelantar%20horario%20de%20cierre%20del%20comercio&#038;url=https:\/\/radiorevelacionfm.cl\/?p=7749' aria-hidden='false' data-av_icon='\ue8fc' data-av_iconfont='entypo-fontello' title='' data-avia-related-tooltip='Compartir en LinkedIn' rel=\"noopener\"><span class='avia_hidden_link_text'>Compartir en LinkedIn<\/span><\/a><\/li><li class='av-share-link av-social-link-mail' ><a  aria-label=\"Compartir por correo\" href='mailto:?subject=Presentan%20proyecto%20que%20busca%20adelantar%20horario%20de%20cierre%20del%20comercio&#038;body=https:\/\/radiorevelacionfm.cl\/?p=7749' aria-hidden='false' data-av_icon='\ue805' data-av_iconfont='entypo-fontello' title='' data-avia-related-tooltip='Compartir por correo'><span class='avia_hidden_link_text'>Compartir por correo<\/span><\/a><\/li><\/ul><\/div><\/div>\n<div  style='height:50px' class='hr hr-invisible   avia-builder-el-8  el_after_av_social_share  el_before_av_comments_list '><span class='hr-inner ' ><span class='hr-inner-style'><\/span><\/span><\/div>\n<div  class='av-buildercomment  av-blog-meta-html-info-disabled av-blog-meta-tag-disabled  '><\/div>\n","protected":false},"excerpt":{"rendered":"","protected":false},"author":1,"featured_media":7750,"comment_status":"open","ping_status":"open","sticky":false,"template":"","format":"standard","meta":{"footnotes":""},"categories":[45],"tags":[],"class_list":["post-7749","post","type-post","status-publish","format-standard","has-post-thumbnail","hentry","category-comercio"],"jetpack_featured_media_url":"https:\/\/radiorevelacionfm.cl\/wp-content\/uploads\/2021\/08\/tiendas-1_optimized.jpg","_links":{"self":[{"href":"https:\/\/radiorevelacionfm.cl\/index.php?rest_route=\/wp\/v2\/posts\/7749","targetHints":{"allow":["GET"]}}],"collection":[{"href":"https:\/\/radiorevelacionfm.cl\/index.php?rest_route=\/wp\/v2\/posts"}],"about":[{"href":"https:\/\/radiorevelacionfm.cl\/index.php?rest_route=\/wp\/v2\/types\/post"}],"author":[{"embeddable":true,"href":"https:\/\/radiorevelacionfm.cl\/index.php?rest_route=\/wp\/v2\/users\/1"}],"replies":[{"embeddable":true,"href":"https:\/\/radiorevelacionfm.cl\/index.php?rest_route=%2Fwp%2Fv2%2Fcomments&post=7749"}],"version-history":[{"count":1,"href":"https:\/\/radiorevelacionfm.cl\/index.php?rest_route=\/wp\/v2\/posts\/7749\/revisions"}],"predecessor-version":[{"id":7751,"href":"https:\/\/radiorevelacionfm.cl\/index.php?rest_route=\/wp\/v2\/posts\/7749\/revisions\/7751"}],"wp:featuredmedia":[{"embeddable":true,"href":"https:\/\/radiorevelacionfm.cl\/index.php?rest_route=\/wp\/v2\/media\/7750"}],"wp:attachment":[{"href":"https:\/\/radiorevelacionfm.cl\/index.php?rest_route=%2Fwp%2Fv2%2Fmedia&parent=7749"}],"wp:term":[{"taxonomy":"category","embeddable":true,"href":"https:\/\/radiorevelacionfm.cl\/index.php?rest_route=%2Fwp%2Fv2%2Fcategories&post=7749"},{"taxonomy":"post_tag","embeddable":true,"href":"https:\/\/radiorevelacionfm.cl\/index.php?rest_route=%2Fwp%2Fv2%2Ftags&post=7749"}],"curies":[{"name":"wp","href":"https:\/\/api.w.org\/{rel}","templated":true}]}}