{"id":7746,"date":"2021-08-21T12:32:46","date_gmt":"2021-08-21T15:32:46","guid":{"rendered":"https:\/\/radiorevelacionfm.cl\/?p=7746"},"modified":"2021-08-21T12:32:46","modified_gmt":"2021-08-21T15:32:46","slug":"juan-catalan-destaca-que-gabriel-boric-sea-unico-presidencial-que-apoye-el-cuarto-retiro","status":"publish","type":"post","link":"https:\/\/radiorevelacionfm.cl\/?p=7746","title":{"rendered":"Juan Catal\u00e1n destaca que Gabriel Boric sea \u00fanico presidencial que apoye el cuarto retiro"},"content":{"rendered":"<div class=\"flex_column av_one_full  flex_column_div av-zero-column-padding first  avia-builder-el-0  el_before_av_one_full  avia-builder-el-first  \" style='border-radius:0px; '><div  class='avia-image-container  av-styling-    avia-builder-el-1  avia-builder-el-no-sibling  avia-align-center '  itemprop=\"image\" itemscope=\"itemscope\" itemtype=\"https:\/\/schema.org\/ImageObject\"  ><div class='avia-image-container-inner'><div class='avia-image-overlay-wrap'><img decoding=\"async\" class='wp-image-7747 avia-img-lazy-loading-not-7747 avia_image' src=\"https:\/\/radiorevelacionfm.cl\/wp-content\/uploads\/2021\/08\/juan-catalan1-1_optimized.jpg\" alt='' title='juan-catalan1-(1)_optimized' height=\"600\" width=\"1058\"  itemprop=\"thumbnailUrl\" srcset=\"https:\/\/radiorevelacionfm.cl\/wp-content\/uploads\/2021\/08\/juan-catalan1-1_optimized.jpg 1058w, https:\/\/radiorevelacionfm.cl\/wp-content\/uploads\/2021\/08\/juan-catalan1-1_optimized-300x170.jpg 300w, https:\/\/radiorevelacionfm.cl\/wp-content\/uploads\/2021\/08\/juan-catalan1-1_optimized-1030x584.jpg 1030w, https:\/\/radiorevelacionfm.cl\/wp-content\/uploads\/2021\/08\/juan-catalan1-1_optimized-768x436.jpg 768w, https:\/\/radiorevelacionfm.cl\/wp-content\/uploads\/2021\/08\/juan-catalan1-1_optimized-705x400.jpg 705w, https:\/\/radiorevelacionfm.cl\/wp-content\/uploads\/2021\/08\/juan-catalan1-1_optimized-600x340.jpg 600w\" sizes=\"(max-width: 1058px) 100vw, 1058px\" \/><\/div><\/div><\/div><\/div><div class=\"flex_column av_one_full  flex_column_div av-zero-column-padding first  avia-builder-el-2  el_after_av_one_full  el_before_av_one_full  column-top-margin\" style='border-radius:0px; '><section class=\"av_textblock_section \"  itemscope=\"itemscope\" itemtype=\"https:\/\/schema.org\/BlogPosting\" itemprop=\"blogPost\" ><div class='avia_textblock  '   itemprop=\"text\" ><p style=\"text-align: center;\"><span style=\"font-size: 18pt;\"><b>Juan Catal\u00e1n destaca que Gabriel Boric sea \u00fanico presidencial que apoye el cuarto retiro<\/b><\/span><\/p>\n<div id=\"gtx-trans\" style=\"position: absolute; left: -50px; top: 4.31534px;\">\n<div class=\"gtx-trans-icon\"><\/div>\n<\/div>\n<\/div><\/section><\/div><div class=\"flex_column av_one_full  flex_column_div av-zero-column-padding first  avia-builder-el-4  el_after_av_one_full  el_before_av_hr  column-top-margin\" style='border-radius:0px; '><section class=\"av_textblock_section \"  itemscope=\"itemscope\" itemtype=\"https:\/\/schema.org\/BlogPosting\" itemprop=\"blogPost\" ><div class='avia_textblock  '   itemprop=\"text\" ><p style=\"font-weight: 400; text-align: justify;\">Durante esta semana el candidato presidencial de Apruebo Dignidad, Gabriel Boric, manifest\u00f3 que apoyar\u00e1 el cuarto retiro de los fondos de las AFP, generando diversas cr\u00edticas de los candidatos de la ex concertaci\u00f3n y oficialismo.<\/p>\n<p style=\"font-weight: 400; text-align: justify;\">El magall\u00e1nico respondi\u00f3 se\u00f1alando, \u201cnunca voy a dejar de escuchar a quienes nos plantean que las ayudas no han llegado, que ha habido letra chica, que las ayudas han tardado y, por lo tanto, siguen habiendo necesidades acuciantes en el pueblo chileno\u201d.<\/p>\n<p style=\"font-weight: 400; text-align: justify;\">En este sentido, Juan Catal\u00e1n Jara, candidato a Diputado del Partido Comunista e integrante de la lista de Apruebo Dignidad, defendi\u00f3 y destac\u00f3 la posici\u00f3n asumida por Gabriel Boric, afirmando que se \u201cest\u00e1 solidarizando con las personas, que ven en el modelo actual de pensiones, un abuso constante y vergonzoso\u201d.<\/p>\n<p style=\"font-weight: 400; text-align: justify;\">Adem\u00e1s el candidato de Ays\u00e9n, agreg\u00f3 que este cuarto retiro supera los m\u00ednimos comunes alcanzados entre la ex Concertaci\u00f3n y La Moneda, ayudando a suplir las necesidades de un pueblo que se ha visto fuertemente afectado por la pandemia y por medidas de bajo alcance social y econ\u00f3mico, orientadas desde el Gobierno.<\/p>\n<p style=\"font-weight: 400; text-align: justify;\">Cabe manifestar que esta \u00faltima semana de agosto es distrital para los diputados, por lo que la votaci\u00f3n en comisi\u00f3n deber\u00eda ser los primeros d\u00edas del mes de septiembre, de aprobarse continuar\u00eda con su tr\u00e1mite legislativo en el Senado.<\/p>\n<\/div><\/section><\/div><div  style='height:50px' class='hr hr-invisible   avia-builder-el-6  el_after_av_one_full  el_before_av_social_share '><span class='hr-inner ' ><span class='hr-inner-style'><\/span><\/span><\/div><\/p>\n<div  class='av-social-sharing-box  avia-builder-el-7  el_after_av_hr  el_before_av_hr  '><div class='av-share-box'><h5 class='av-share-link-description av-no-toc '>Compartir esta noticia<\/h5><ul class='av-share-box-list noLightbox'><li class='av-share-link av-social-link-facebook' ><a target=\"_blank\" aria-label=\"Compartir en Facebook\" href='https:\/\/www.facebook.com\/sharer.php?u=https:\/\/radiorevelacionfm.cl\/?p=7746&#038;t=Juan%20Catal%C3%A1n%20destaca%20que%20Gabriel%20Boric%20sea%20%C3%BAnico%20presidencial%20que%20apoye%20el%20cuarto%20retiro' aria-hidden='false' data-av_icon='\ue8f3' data-av_iconfont='entypo-fontello' title='' data-avia-related-tooltip='Compartir en Facebook' rel=\"noopener\"><span class='avia_hidden_link_text'>Compartir en Facebook<\/span><\/a><\/li><li class='av-share-link av-social-link-twitter' ><a target=\"_blank\" aria-label=\"Compartir en Twitter\" href='https:\/\/twitter.com\/share?text=Juan%20Catal%C3%A1n%20destaca%20que%20Gabriel%20Boric%20sea%20%C3%BAnico%20presidencial%20que%20apoye%20el%20cuarto%20retiro&#038;url=https:\/\/radiorevelacionfm.cl\/?p=7746' aria-hidden='false' data-av_icon='\ue8f1' data-av_iconfont='entypo-fontello' title='' data-avia-related-tooltip='Compartir en Twitter' rel=\"noopener\"><span class='avia_hidden_link_text'>Compartir en Twitter<\/span><\/a><\/li><li class='av-share-link av-social-link-whatsapp' ><a target=\"_blank\" aria-label=\"Compartir en Whatsapp\" href='https:\/\/api.whatsapp.com\/send?text=https:\/\/radiorevelacionfm.cl\/?p=7746' aria-hidden='false' data-av_icon='\uf232' data-av_iconfont='entypo-fontello' title='' data-avia-related-tooltip='Compartir en Whatsapp' rel=\"noopener\"><span class='avia_hidden_link_text'>Compartir en Whatsapp<\/span><\/a><\/li><li class='av-share-link av-social-link-linkedin' ><a target=\"_blank\" aria-label=\"Compartir en LinkedIn\" href='https:\/\/linkedin.com\/shareArticle?mini=true&#038;title=Juan%20Catal%C3%A1n%20destaca%20que%20Gabriel%20Boric%20sea%20%C3%BAnico%20presidencial%20que%20apoye%20el%20cuarto%20retiro&#038;url=https:\/\/radiorevelacionfm.cl\/?p=7746' aria-hidden='false' data-av_icon='\ue8fc' data-av_iconfont='entypo-fontello' title='' data-avia-related-tooltip='Compartir en LinkedIn' rel=\"noopener\"><span class='avia_hidden_link_text'>Compartir en LinkedIn<\/span><\/a><\/li><li class='av-share-link av-social-link-mail' ><a  aria-label=\"Compartir por correo\" href='mailto:?subject=Juan%20Catal%C3%A1n%20destaca%20que%20Gabriel%20Boric%20sea%20%C3%BAnico%20presidencial%20que%20apoye%20el%20cuarto%20retiro&#038;body=https:\/\/radiorevelacionfm.cl\/?p=7746' aria-hidden='false' data-av_icon='\ue805' data-av_iconfont='entypo-fontello' title='' data-avia-related-tooltip='Compartir por correo'><span class='avia_hidden_link_text'>Compartir por correo<\/span><\/a><\/li><\/ul><\/div><\/div>\n<div  style='height:50px' class='hr hr-invisible   avia-builder-el-8  el_after_av_social_share  el_before_av_comments_list '><span class='hr-inner ' ><span class='hr-inner-style'><\/span><\/span><\/div>\n<div  class='av-buildercomment  av-blog-meta-html-info-disabled av-blog-meta-tag-disabled  '><\/div>\n","protected":false},"excerpt":{"rendered":"","protected":false},"author":1,"featured_media":7747,"comment_status":"open","ping_status":"open","sticky":false,"template":"","format":"standard","meta":{"footnotes":""},"categories":[35],"tags":[],"class_list":["post-7746","post","type-post","status-publish","format-standard","has-post-thumbnail","hentry","category-politica"],"jetpack_featured_media_url":"https:\/\/radiorevelacionfm.cl\/wp-content\/uploads\/2021\/08\/juan-catalan1-1_optimized.jpg","_links":{"self":[{"href":"https:\/\/radiorevelacionfm.cl\/index.php?rest_route=\/wp\/v2\/posts\/7746","targetHints":{"allow":["GET"]}}],"collection":[{"href":"https:\/\/radiorevelacionfm.cl\/index.php?rest_route=\/wp\/v2\/posts"}],"about":[{"href":"https:\/\/radiorevelacionfm.cl\/index.php?rest_route=\/wp\/v2\/types\/post"}],"author":[{"embeddable":true,"href":"https:\/\/radiorevelacionfm.cl\/index.php?rest_route=\/wp\/v2\/users\/1"}],"replies":[{"embeddable":true,"href":"https:\/\/radiorevelacionfm.cl\/index.php?rest_route=%2Fwp%2Fv2%2Fcomments&post=7746"}],"version-history":[{"count":1,"href":"https:\/\/radiorevelacionfm.cl\/index.php?rest_route=\/wp\/v2\/posts\/7746\/revisions"}],"predecessor-version":[{"id":7748,"href":"https:\/\/radiorevelacionfm.cl\/index.php?rest_route=\/wp\/v2\/posts\/7746\/revisions\/7748"}],"wp:featuredmedia":[{"embeddable":true,"href":"https:\/\/radiorevelacionfm.cl\/index.php?rest_route=\/wp\/v2\/media\/7747"}],"wp:attachment":[{"href":"https:\/\/radiorevelacionfm.cl\/index.php?rest_route=%2Fwp%2Fv2%2Fmedia&parent=7746"}],"wp:term":[{"taxonomy":"category","embeddable":true,"href":"https:\/\/radiorevelacionfm.cl\/index.php?rest_route=%2Fwp%2Fv2%2Fcategories&post=7746"},{"taxonomy":"post_tag","embeddable":true,"href":"https:\/\/radiorevelacionfm.cl\/index.php?rest_route=%2Fwp%2Fv2%2Ftags&post=7746"}],"curies":[{"name":"wp","href":"https:\/\/api.w.org\/{rel}","templated":true}]}}