{"id":7743,"date":"2021-08-21T14:49:05","date_gmt":"2021-08-21T17:49:05","guid":{"rendered":"https:\/\/radiorevelacionfm.cl\/?p=7743"},"modified":"2021-08-21T14:49:05","modified_gmt":"2021-08-21T17:49:05","slug":"subsecretaria-de-educacion-parvularia-confirma-veto-presidencial-para-reponer-proyecto-de-kinder-obligatorio","status":"publish","type":"post","link":"https:\/\/radiorevelacionfm.cl\/?p=7743","title":{"rendered":"Subsecretaria de Educaci\u00f3n Parvularia confirma veto presidencial para reponer proyecto de k\u00ednder obligatorio"},"content":{"rendered":"<div class=\"flex_column av_one_full  flex_column_div av-zero-column-padding first  avia-builder-el-0  el_before_av_one_full  avia-builder-el-first  \" style='border-radius:0px; '><div  class='avia-image-container  av-styling-    avia-builder-el-1  avia-builder-el-no-sibling  avia-align-center '  itemprop=\"image\" itemscope=\"itemscope\" itemtype=\"https:\/\/schema.org\/ImageObject\"  ><div class='avia-image-container-inner'><div class='avia-image-overlay-wrap'><img decoding=\"async\" class='wp-image-7744 avia-img-lazy-loading-not-7744 avia_image' src=\"https:\/\/radiorevelacionfm.cl\/wp-content\/uploads\/2021\/08\/subse-troperitos-1-1.jpg\" alt='' title='subse troperitos (1) (1)' height=\"600\" width=\"1067\"  itemprop=\"thumbnailUrl\" srcset=\"https:\/\/radiorevelacionfm.cl\/wp-content\/uploads\/2021\/08\/subse-troperitos-1-1.jpg 1067w, https:\/\/radiorevelacionfm.cl\/wp-content\/uploads\/2021\/08\/subse-troperitos-1-1-300x169.jpg 300w, https:\/\/radiorevelacionfm.cl\/wp-content\/uploads\/2021\/08\/subse-troperitos-1-1-1030x579.jpg 1030w, https:\/\/radiorevelacionfm.cl\/wp-content\/uploads\/2021\/08\/subse-troperitos-1-1-768x432.jpg 768w, https:\/\/radiorevelacionfm.cl\/wp-content\/uploads\/2021\/08\/subse-troperitos-1-1-705x396.jpg 705w, https:\/\/radiorevelacionfm.cl\/wp-content\/uploads\/2021\/08\/subse-troperitos-1-1-600x337.jpg 600w\" sizes=\"(max-width: 1067px) 100vw, 1067px\" \/><\/div><\/div><\/div><\/div><div class=\"flex_column av_one_full  flex_column_div av-zero-column-padding first  avia-builder-el-2  el_after_av_one_full  el_before_av_one_full  column-top-margin\" style='border-radius:0px; '><section class=\"av_textblock_section \"  itemscope=\"itemscope\" itemtype=\"https:\/\/schema.org\/BlogPosting\" itemprop=\"blogPost\" ><div class='avia_textblock  '   itemprop=\"text\" ><p style=\"text-align: center;\"><span style=\"font-size: 18pt;\"><b>Subsecretaria de Educaci\u00f3n Parvularia confirma veto presidencial para reponer proyecto de k\u00ednder obligatorio<\/b><\/span><\/p>\n<div id=\"gtx-trans\" style=\"position: absolute; left: -50px; top: 4.31534px;\">\n<div class=\"gtx-trans-icon\"><\/div>\n<\/div>\n<\/div><\/section><\/div><div class=\"flex_column av_one_full  flex_column_div av-zero-column-padding first  avia-builder-el-4  el_after_av_one_full  el_before_av_hr  column-top-margin\" style='border-radius:0px; '><section class=\"av_textblock_section \"  itemscope=\"itemscope\" itemtype=\"https:\/\/schema.org\/BlogPosting\" itemprop=\"blogPost\" ><div class='avia_textblock  '   itemprop=\"text\" ><p class=\"v1MsoNormal\" style=\"text-align: justify;\">Un extenso recorrido por la regi\u00f3n de Ays\u00e9n realiz\u00f3 la subsecretaria de Educaci\u00f3n Parvularia, Mar\u00eda Jes\u00fas Honorato, quien lider\u00f3 actividades vinculadas a obras de infraestructura, certificaci\u00f3n de salas cuna y jardines infantiles, entrega de kits de las 10 Pr\u00e1cticas Intransables, Fondo de Innovaci\u00f3n de la Educaci\u00f3n Parvularia FIEP, as\u00ed como tambi\u00e9n reuniones con autoridades regionales y actores vinculados al primer nivel educativo.<\/p>\n<p class=\"v1MsoNormal\" style=\"text-align: justify;\">Durante sus jornadas de trabajo en terreno, que incluyeron recorridos por salas cuna, jardines infantiles y escuelas (con niveles transici\u00f3n de educaci\u00f3n parvularia) que se encuentran con atenci\u00f3n presencial en distintas comunas y localidades de la regi\u00f3n de Ays\u00e9n, la autoridad Mineduc que estuvo acompa\u00f1ada de autoridades regionales y locales, como el alcalde de Coyhaique, Carlos Gatica, enfatiz\u00f3 en la importancia de la asistencia al primer nivel educativo, para el desarrollo integral de las ni\u00f1as y ni\u00f1os.<\/p>\n<p class=\"v1MsoNormal\" style=\"text-align: justify;\">\u00abTenemos adem\u00e1s una buena noticia, pues como Gobierno acabamos de ingresar un veto -a un proyecto de ley que se encuentra en el parlamento-, no solamente para reponer la obligatoriedad del k\u00ednder como requisito para ingresar a la educaci\u00f3n b\u00e1sica, pues tambi\u00e9n se trata de un proyecto que considera recursos importantes para apoyar en infraestructura a aquellas localidades con mayores dificultades para el acceso a la educaci\u00f3n parvularia\u00bb, indic\u00f3 la subsecretaria Honorato.<\/p>\n<p class=\"v1MsoNormal\" style=\"text-align: justify;\"><b>Certificaci\u00f3n de salas cuna y jardines infantiles<\/b><\/p>\n<p class=\"v1MsoNormal\" style=\"text-align: justify;\">Respecto a la certificaci\u00f3n de salas cuna y jardines infantiles, de un total de 64 establecimientos que debe acceder a ella en la regi\u00f3n, 29 ya se encuentran con su Reconocimiento Oficial (RO) o Autorizaci\u00f3n de Funcionamiento (AF, para los establecimientos particulares), lo que representa un 45% de avance en el proceso. En el caso de los establecimientos que reciben recursos del Estado, y que obligatoriamente deben acceder al RO, de un total de 44 establecimientos, 24 cuentan con ella, lo que da cuenta de un 55% de avance.<\/p>\n<p class=\"v1MsoNormal\" style=\"text-align: justify;\">En el contexto de su visita a la regi\u00f3n de Ays\u00e9n, la subsecretaria Honorato lider\u00f3 la entrega de placas de Reconocimiento Oficial en los jardines infantiles de Fundaci\u00f3n Integra \u00abAlitas Voladoras\u00bb, de la comuna de Coyhaique, y \u00abGotitas de Lluvia\u00bb, de Ays\u00e9n. En las actividades estuvo en compa\u00f1\u00eda del Seremi de Educaci\u00f3n de Ays\u00e9n, Sergio Becerra, y del director ejecutivo de Fundaci\u00f3n Integra, Jos\u00e9 Miguel Ready.<\/p>\n<p class=\"v1MsoNormal\" style=\"text-align: justify;\">De manera de apoyar el mejoramiento de infraestructura de los jardines infantiles V\u00eda Transferencia de Fondos (VTF), para acceder al Reconocimiento Oficial, se encuentran en ejecuci\u00f3n en la regi\u00f3n cinco proyectos, del denominado Subt\u00edtulo 33, con una inversi\u00f3n total de $1.367.349.502, en las comunas de: Coyhaique, Ib\u00e1\u00f1ez, Ays\u00e9n, Lago Verde y Tortel.<b>\u00a0<\/b>La subsecretaria Mar\u00eda Jes\u00fas Honorato pudo visitar el proyecto de conservaci\u00f3n del jard\u00edn infantil \u00abFuturo Austral\u00bb, establecimiento VTF de la municipalidad de Coyhaique, para conocer el estado de avance de obras de un proyecto que consider\u00f3 un monto total de $244.443.210.<\/p>\n<p class=\"v1MsoNormal\" style=\"text-align: justify;\"><b>Entrega de kits 10 Pr\u00e1cticas Intransables y otras iniciativas<\/b><\/p>\n<p class=\"v1MsoNormal\" style=\"text-align: justify;\">Durante su visita regional, la subsecretaria de Educaci\u00f3n Parvularia, Mar\u00eda Jes\u00fas Honorato, visit\u00f3 tambi\u00e9n las escuelas: Valle Simpson de Coyhaique y Almirante Simpson en Puerto Chacabuco, ocasi\u00f3n donde realiz\u00f3 la entrega de los kits de las \u00ab10 Pr\u00e1cticas Intransables\u00bb, iniciativa que busca impactar positivamente en el desarrollo del lenguaje y alfabetizaci\u00f3n de las ni\u00f1as y ni\u00f1os que asisten a niveles transici\u00f3n (pre-k\u00ednder y k\u00ednder). En la regi\u00f3n de Ays\u00e9n, el programa beneficiar\u00e1 a 855 ni\u00f1as y ni\u00f1os, que asisten a 26 establecimientos.<\/p>\n<p class=\"v1MsoNormal\" style=\"text-align: justify;\">Adem\u00e1s, en los jardines infantiles \u00abTroperitos del Valle\u00bb de JUNJI en Coyhaique, y VTF \u00abAyelen Ruka\u00bb de Ays\u00e9n, la autoridad Mineduc dialog\u00f3 con la comunidad educativa sobre el retorno presencial, as\u00ed como tambi\u00e9n realiz\u00f3 entrega de ejemplares de las Bases Curriculares y el Marco para la Buena Ense\u00f1anza de Educaci\u00f3n Parvularia.<\/p>\n<p class=\"v1MsoNormal\" style=\"text-align: justify;\">El jueves la subsecretaria Honorato lleg\u00f3 con buenas noticias a Ays\u00e9n, pues gracias a fondos gestionados por JUNJI, finalmente se logr\u00f3 el t\u00e9rmino de las obras del jard\u00edn infantil \u00abCapullitos de Calafate\u00bb, establecimiento ubicado en la Villa Patagonia y que ya se encuentra en proceso de matr\u00edculas para recibir, desde el pr\u00f3ximo mes, a los ni\u00f1os y ni\u00f1as del sector.<\/p>\n<p class=\"v1MsoNormal\" style=\"text-align: justify;\">Entre otras actividades, la autoridad Mineduc se reuni\u00f3 con la Gobernadora Regional, Andrea Mac\u00edas, adem\u00e1s de la Delegada Presidencial de Ays\u00e9n, Margarita Ossa. Tambi\u00e9n, particip\u00f3 de actividades de difusi\u00f3n del jard\u00edn infantil comunicacional JUNJI \u00abSembrando Futuro\u00bb, el cual se encuentra implementando un proyecto del Fondo de Innovaci\u00f3n de la Educaci\u00f3n Parvularia, de exploraci\u00f3n y cuidado de la biodiversidad. Adem\u00e1s, lider\u00f3 la Mesa T\u00e9cnica Regional de Educaci\u00f3n Parvularia, exponiendo el Plan \u00abJuntos, Chile se recupera y aprende\u00bb.<\/p>\n<p class=\"v1MsoNormal\" style=\"text-align: justify;\">El Seremi de Educaci\u00f3n Sergio Becerra destac\u00f3 la visita de la Subsecretaria Mar\u00eda Jes\u00fas Honorato, se\u00f1alando que \u00abElla pudo comprobar importantes avances en materia de certificaci\u00f3n de establecimientos parvularios, tanto en el mejoramiento de la infraestructura como en la capacitaci\u00f3n de los equipos educativos. La Subsecretaria pudo compartir y motivar a las educadoras a sumarse a la carrera docente y tambi\u00e9n constat\u00f3 en terreno c\u00f3mo ha ido aumentando la presencialidad en la regi\u00f3n, ya que los padres est\u00e1n confiando en los jardines infantiles como espacios sanitariamente seguros para sus hijos y donde se aplican estrictos protocolos para prevenir contagios por Covid 19\u00bb, concluy\u00f3 la autoridad sectorial.<\/p>\n<\/div><\/section><\/div><div  style='height:50px' class='hr hr-invisible   avia-builder-el-6  el_after_av_one_full  el_before_av_social_share '><span class='hr-inner ' ><span class='hr-inner-style'><\/span><\/span><\/div><\/p>\n<div  class='av-social-sharing-box  avia-builder-el-7  el_after_av_hr  el_before_av_hr  '><div class='av-share-box'><h5 class='av-share-link-description av-no-toc '>Compartir esta noticia<\/h5><ul class='av-share-box-list noLightbox'><li class='av-share-link av-social-link-facebook' ><a target=\"_blank\" aria-label=\"Compartir en Facebook\" href='https:\/\/www.facebook.com\/sharer.php?u=https:\/\/radiorevelacionfm.cl\/?p=7743&#038;t=Subsecretaria%20de%20Educaci%C3%B3n%20Parvularia%20confirma%20veto%20presidencial%20para%20reponer%20proyecto%20de%20k%C3%ADnder%20obligatorio' aria-hidden='false' data-av_icon='\ue8f3' data-av_iconfont='entypo-fontello' title='' data-avia-related-tooltip='Compartir en Facebook' rel=\"noopener\"><span class='avia_hidden_link_text'>Compartir en Facebook<\/span><\/a><\/li><li class='av-share-link av-social-link-twitter' ><a target=\"_blank\" aria-label=\"Compartir en Twitter\" href='https:\/\/twitter.com\/share?text=Subsecretaria%20de%20Educaci%C3%B3n%20Parvularia%20confirma%20veto%20presidencial%20para%20reponer%20proyecto%20de%20k%C3%ADnder%20obligatorio&#038;url=https:\/\/radiorevelacionfm.cl\/?p=7743' aria-hidden='false' data-av_icon='\ue8f1' data-av_iconfont='entypo-fontello' title='' data-avia-related-tooltip='Compartir en Twitter' rel=\"noopener\"><span class='avia_hidden_link_text'>Compartir en Twitter<\/span><\/a><\/li><li class='av-share-link av-social-link-whatsapp' ><a target=\"_blank\" aria-label=\"Compartir en Whatsapp\" href='https:\/\/api.whatsapp.com\/send?text=https:\/\/radiorevelacionfm.cl\/?p=7743' aria-hidden='false' data-av_icon='\uf232' data-av_iconfont='entypo-fontello' title='' data-avia-related-tooltip='Compartir en Whatsapp' rel=\"noopener\"><span class='avia_hidden_link_text'>Compartir en Whatsapp<\/span><\/a><\/li><li class='av-share-link av-social-link-linkedin' ><a target=\"_blank\" aria-label=\"Compartir en LinkedIn\" href='https:\/\/linkedin.com\/shareArticle?mini=true&#038;title=Subsecretaria%20de%20Educaci%C3%B3n%20Parvularia%20confirma%20veto%20presidencial%20para%20reponer%20proyecto%20de%20k%C3%ADnder%20obligatorio&#038;url=https:\/\/radiorevelacionfm.cl\/?p=7743' aria-hidden='false' data-av_icon='\ue8fc' data-av_iconfont='entypo-fontello' title='' data-avia-related-tooltip='Compartir en LinkedIn' rel=\"noopener\"><span class='avia_hidden_link_text'>Compartir en LinkedIn<\/span><\/a><\/li><li class='av-share-link av-social-link-mail' ><a  aria-label=\"Compartir por correo\" href='mailto:?subject=Subsecretaria%20de%20Educaci%C3%B3n%20Parvularia%20confirma%20veto%20presidencial%20para%20reponer%20proyecto%20de%20k%C3%ADnder%20obligatorio&#038;body=https:\/\/radiorevelacionfm.cl\/?p=7743' aria-hidden='false' data-av_icon='\ue805' data-av_iconfont='entypo-fontello' title='' data-avia-related-tooltip='Compartir por correo'><span class='avia_hidden_link_text'>Compartir por correo<\/span><\/a><\/li><\/ul><\/div><\/div>\n<div  style='height:50px' class='hr hr-invisible   avia-builder-el-8  el_after_av_social_share  el_before_av_comments_list '><span class='hr-inner ' ><span class='hr-inner-style'><\/span><\/span><\/div>\n<div  class='av-buildercomment  av-blog-meta-html-info-disabled av-blog-meta-tag-disabled  '><\/div>\n","protected":false},"excerpt":{"rendered":"","protected":false},"author":1,"featured_media":7744,"comment_status":"open","ping_status":"open","sticky":false,"template":"","format":"standard","meta":{"footnotes":""},"categories":[49],"tags":[],"class_list":["post-7743","post","type-post","status-publish","format-standard","has-post-thumbnail","hentry","category-educacion"],"jetpack_featured_media_url":"https:\/\/radiorevelacionfm.cl\/wp-content\/uploads\/2021\/08\/subse-troperitos-1-1.jpg","_links":{"self":[{"href":"https:\/\/radiorevelacionfm.cl\/index.php?rest_route=\/wp\/v2\/posts\/7743","targetHints":{"allow":["GET"]}}],"collection":[{"href":"https:\/\/radiorevelacionfm.cl\/index.php?rest_route=\/wp\/v2\/posts"}],"about":[{"href":"https:\/\/radiorevelacionfm.cl\/index.php?rest_route=\/wp\/v2\/types\/post"}],"author":[{"embeddable":true,"href":"https:\/\/radiorevelacionfm.cl\/index.php?rest_route=\/wp\/v2\/users\/1"}],"replies":[{"embeddable":true,"href":"https:\/\/radiorevelacionfm.cl\/index.php?rest_route=%2Fwp%2Fv2%2Fcomments&post=7743"}],"version-history":[{"count":1,"href":"https:\/\/radiorevelacionfm.cl\/index.php?rest_route=\/wp\/v2\/posts\/7743\/revisions"}],"predecessor-version":[{"id":7745,"href":"https:\/\/radiorevelacionfm.cl\/index.php?rest_route=\/wp\/v2\/posts\/7743\/revisions\/7745"}],"wp:featuredmedia":[{"embeddable":true,"href":"https:\/\/radiorevelacionfm.cl\/index.php?rest_route=\/wp\/v2\/media\/7744"}],"wp:attachment":[{"href":"https:\/\/radiorevelacionfm.cl\/index.php?rest_route=%2Fwp%2Fv2%2Fmedia&parent=7743"}],"wp:term":[{"taxonomy":"category","embeddable":true,"href":"https:\/\/radiorevelacionfm.cl\/index.php?rest_route=%2Fwp%2Fv2%2Fcategories&post=7743"},{"taxonomy":"post_tag","embeddable":true,"href":"https:\/\/radiorevelacionfm.cl\/index.php?rest_route=%2Fwp%2Fv2%2Ftags&post=7743"}],"curies":[{"name":"wp","href":"https:\/\/api.w.org\/{rel}","templated":true}]}}