{"id":7740,"date":"2021-08-21T10:59:06","date_gmt":"2021-08-21T13:59:06","guid":{"rendered":"https:\/\/radiorevelacionfm.cl\/?p=7740"},"modified":"2021-08-21T10:59:06","modified_gmt":"2021-08-21T13:59:06","slug":"subsecretario-de-energia-lanzo-programa-ponle-energia-a-tu-pyme-e-inauguro-centro-de-acopio-y-secado-de-lena","status":"publish","type":"post","link":"https:\/\/radiorevelacionfm.cl\/?p=7740","title":{"rendered":"Subsecretario de Energ\u00eda lanz\u00f3 programa \u201cPonle Energ\u00eda a Tu Pyme\u201d e inaugur\u00f3 centro de acopio y secado de le\u00f1a"},"content":{"rendered":"<div class=\"flex_column av_one_full  flex_column_div av-zero-column-padding first  avia-builder-el-0  el_before_av_one_full  avia-builder-el-first  \" style='border-radius:0px; '><div  class='avia-image-container  av-styling-    avia-builder-el-1  avia-builder-el-no-sibling  avia-align-center '  itemprop=\"image\" itemscope=\"itemscope\" itemtype=\"https:\/\/schema.org\/ImageObject\"  ><div class='avia-image-container-inner'><div class='avia-image-overlay-wrap'><img decoding=\"async\" class='wp-image-7741 avia-img-lazy-loading-not-7741 avia_image' src=\"https:\/\/radiorevelacionfm.cl\/wp-content\/uploads\/2021\/08\/energia-1-1_optimized.jpg\" alt='' title='energia-1-1_optimized' height=\"607\" width=\"1080\"  itemprop=\"thumbnailUrl\" srcset=\"https:\/\/radiorevelacionfm.cl\/wp-content\/uploads\/2021\/08\/energia-1-1_optimized.jpg 1080w, https:\/\/radiorevelacionfm.cl\/wp-content\/uploads\/2021\/08\/energia-1-1_optimized-300x169.jpg 300w, https:\/\/radiorevelacionfm.cl\/wp-content\/uploads\/2021\/08\/energia-1-1_optimized-1030x579.jpg 1030w, https:\/\/radiorevelacionfm.cl\/wp-content\/uploads\/2021\/08\/energia-1-1_optimized-768x432.jpg 768w, https:\/\/radiorevelacionfm.cl\/wp-content\/uploads\/2021\/08\/energia-1-1_optimized-705x396.jpg 705w, https:\/\/radiorevelacionfm.cl\/wp-content\/uploads\/2021\/08\/energia-1-1_optimized-600x337.jpg 600w\" sizes=\"(max-width: 1080px) 100vw, 1080px\" \/><\/div><\/div><\/div><\/div><div class=\"flex_column av_one_full  flex_column_div av-zero-column-padding first  avia-builder-el-2  el_after_av_one_full  el_before_av_one_full  column-top-margin\" style='border-radius:0px; '><section class=\"av_textblock_section \"  itemscope=\"itemscope\" itemtype=\"https:\/\/schema.org\/BlogPosting\" itemprop=\"blogPost\" ><div class='avia_textblock  '   itemprop=\"text\" ><p style=\"text-align: center;\"><strong><span style=\"font-size: 18pt;\">Subsecretario de Energ\u00eda lanz\u00f3 programa \u201cPonle Energ\u00eda a Tu Pyme\u201d e inaugur\u00f3 centro de acopio y secado de le\u00f1a<\/span><\/strong><\/p>\n<div id=\"gtx-trans\" style=\"position: absolute; left: -50px; top: 4.31534px;\">\n<div class=\"gtx-trans-icon\"><\/div>\n<\/div>\n<\/div><\/section><\/div><div class=\"flex_column av_one_full  flex_column_div av-zero-column-padding first  avia-builder-el-4  el_after_av_one_full  el_before_av_hr  column-top-margin\" style='border-radius:0px; '><section class=\"av_textblock_section \"  itemscope=\"itemscope\" itemtype=\"https:\/\/schema.org\/BlogPosting\" itemprop=\"blogPost\" ><div class='avia_textblock  '   itemprop=\"text\" ><p style=\"text-align: justify;\">En su segunda jornada en la regi\u00f3n de Ays\u00e9n, el Subsecretario de Energ\u00eda, Francisco L\u00f3pez, desarroll\u00f3 una intensa agenda en terreno marcada por el lanzamiento del programa \u201cPonle Energ\u00eda a Tu Pyme\u201d. Para ello, en compa\u00f1\u00eda de la Delegada Presidencial Margarita Ossa, el Consejero Regional Rocco Martiniello, los Seremis de Energ\u00eda Juan Luis Amen\u00e1bar, Trabajo y Previsi\u00f3n social Andrea Ponce, Econom\u00eda Carlos Pacheco, el Director regional de SERNATUR Patricio Bast\u00edas y el Director Regional (s) de CONAF Patricio Poblete, se traslad\u00f3 hasta el sector de Lago Fr\u00edo, para realizar una visita a la empresa Lodge \u201cChiletrout\u201d ganadora de este concurso el a\u00f1o pasado.<\/p>\n<p style=\"text-align: justify;\">Al respecto el Subsecretario L\u00f3pez se\u00f1al\u00f3 que \u201cestamos muy contentos de poder lanzar la segunda versi\u00f3n del programa Ponle Energ\u00eda a tu Pyme, y qu\u00e9 mejor que hacerlo aqu\u00ed en Lago Fr\u00edo con los beneficiarios de nuestro llamado anterior. Estamos trabajando fuertemente como Gobierno y Ministerio de Energ\u00eda para poder reactivar el pa\u00eds, y esto debe hacerse de una manera sustentable y que mejor que incorporando energ\u00edas renovables, eficiencia energ\u00e9tica, electromovilidad y con un cofinanciamiento que en Ays\u00e9n puede llegar hasta un 92% en el caso de las micro empresas si la titular es una mujer \u201d.<\/p>\n<p style=\"text-align: justify;\">El proyecto consisti\u00f3 en la implementaci\u00f3n de un sistema de Autogeneraci\u00f3n Fotovoltaico sobre el techo del establecimiento, que genera un ahorro porcentual correspondiente aproximadamente al 60% en la cuenta de electricidad. Al respecto, la beneficiaria Karina Marina, recalc\u00f3 que \u201cel proyecto nos ha permitido reducir los costos, m\u00e1s en esta \u00e9poca de pandemia donde no hemos tenido mucho flujo de turistas, y tambi\u00e9n nos ayuda a tener una oferta estable de electricidad durante la temporada, no afectando as\u00ed la estad\u00eda de nuestros clientes. As\u00ed que muy agradecidos del proyecto, que fue de muy f\u00e1cil postulaci\u00f3n, no fue engorrosa al contrario tuvimos bastante apoyo\u201d.<\/p>\n<p style=\"text-align: justify;\"><strong>Montos a cofinanciar<\/strong><\/p>\n<p style=\"text-align: justify;\">Las MyPymes del territorio nacional podr\u00e1n recibir un cofinanciamiento cuyo monto y porcentaje de cofinanciamiento depender\u00e1n del tama\u00f1o de la empresa seg\u00fan se detalla a continuaci\u00f3n:<\/p>\n<ul style=\"text-align: justify;\">\n<li>Empresa mediana accede a un cofinanciamiento de hasta $15.000.000 con un tope del 50% del costo total de inversi\u00f3n incluyendo impuestos.<\/li>\n<li>Empresa peque\u00f1a accede a un cofinanciamiento de hasta $8.500.000 con un tope del 70% del costo total de inversi\u00f3n incluyendo impuestos.<\/li>\n<li>Empresa micro accede a un cofinanciamiento de hasta $4.500.000 con un tope del 80% del costo total de inversi\u00f3n incluyendo impuestos.<\/li>\n<\/ul>\n<p style=\"text-align: justify;\">En complemento a la clasificaci\u00f3n anterior, los Postulantes micro y peque\u00f1os podr\u00e1n Postular a una categor\u00eda de empresa mayor, accediendo a los respectivos topes de monto y porcentaje de cofinanciamiento, si cumplen con los requisitos establecidos (ver Bases de Concurso).<\/p>\n<p style=\"text-align: justify;\">Adem\u00e1s, los Postulantes podr\u00e1n optar a bonificadores acumulables que se aplican al tope de monto o al porcentaje de cofinanciamiento indicados anteriormente, ya sea por ser de Zonas Extrema, ser de alguna de las comunas contempladas en la Estrategia de Transici\u00f3n Justa, postular una combinaci\u00f3n de medidas de mejora y\/o porque participe una mujer o alguien perteneciente a un pueblo originario de Chile.<\/p>\n<p style=\"text-align: justify;\">Posteriormente en compa\u00f1\u00eda de las autoridades regionales, el Subsecretario L\u00f3pez se traslad\u00f3 hasta el sector de Cerro Galera, donde inaugur\u00f3 el centro de acopio y secado de le\u00f1a del beneficiario del programa Le\u00f1a M\u00e1s Seca 2019, Valty Hortsmeyer. \u201cEste programa busca avanzar en tener una le\u00f1a de buena calidad, que nos permita descontaminar las ciudades y calefaccionarnos con este recurso que es renovable. Para ello las iniciativas que estamos impulsando desde el ministerio, est\u00e1n alineadas para poder preparar y apoyar a los micro, medianos y peque\u00f1os productores de le\u00f1a, y ayudar a las familias que hist\u00f3ricamente han vivido y trabajado en torno a este biocombustible, para que tengan las herramientas y las inversiones para poner a disposici\u00f3n de la comunidad le\u00f1a de calidad\u201d explic\u00f3 la autoridad nacional de energ\u00eda.<\/p>\n<p style=\"text-align: justify;\">El beneficiario dijo que \u201cestamos muy agradecidos de este hermoso galp\u00f3n que es una ayuda muy grande para mi y toda mi familia, que nos permite ayudar a la ciudadan\u00eda para descontaminar nuestras ciudades, que es algo que siempre hab\u00eda querido hacer y que he tratado de hacer desde chico, y por eso este proyecto me llena de orgullo as\u00ed que muy agradecido\u201d.<\/p>\n<p style=\"text-align: justify;\">Por su parte la Delegada Presidencial Margarita Ossa manifest\u00f3 que \u201cse siente la emoci\u00f3n de don Valty, que desde temprana edad tiene esta visi\u00f3n de poder ayudar a la comunidad y que compartimos como regi\u00f3n. Estamos muy felices y orgullosos que ustedes lograr\u00e1n sacar adelante un proyecto como este, sabemos que hay un trabajo familiar profundo y que en el verano trabajan codo a codo con sus hijos, y que beneficia no s\u00f3lo el desarrollo econ\u00f3mico sino todo lo que con ello va aparejado\u201d.<\/p>\n<p style=\"text-align: justify;\">Cerrando su paso por la regi\u00f3n de Ays\u00e9n, L\u00f3pez junto al Seremi Amen\u00e1bar visitaron las instalaciones del Parque Solar El Blanco de la empresa Edelays\u00e9n, el m\u00e1s austral de mundo a escala industrial. \u00a0En la ocasi\u00f3n Amen\u00e1bar resalt\u00f3 que \u201cel parque Solar de El Blanco, es un gran avance en nuestro camino para alcanzar una regi\u00f3n m\u00e1s sustentable ya que se traduce en la entrada en operaci\u00f3n de m\u00e1s energ\u00eda limpia y una mejor calidad de vida para los habitantes de Ays\u00e9n. Tenemos que aprovechar el potencial con el que contamos, para continuar desarrollando energ\u00edas limpias enfocados en el bienestar de las personas\u201d.<\/p>\n<p style=\"text-align: justify;\">Leonardo Mor\u00e1n Gerente Zonal de la empresa Edelays\u00e9n indic\u00f3 que \u201choy es un gran d\u00eda y un tremendo hito, porque se instalaron los primeros paneles en la construcci\u00f3n del parque fotovoltaico, este va a ser probablemente el parque m\u00e1s austral de Chile y de Am\u00e9rica. Este parque es importante porque viene a reforzar un compromiso que hemos hecho, porque nosotros estamos convencidos que la energ\u00eda el\u00e9ctrica es la soluci\u00f3n de fondo y de futuro para descontaminar el sur de chile y especialmente para descontaminar nuestra regi\u00f3n y nuestra ciudad\u201d.<\/p>\n<\/div><\/section><\/div><div  style='height:50px' class='hr hr-invisible   avia-builder-el-6  el_after_av_one_full  el_before_av_social_share '><span class='hr-inner ' ><span class='hr-inner-style'><\/span><\/span><\/div><\/p>\n<div  class='av-social-sharing-box  avia-builder-el-7  el_after_av_hr  el_before_av_hr  '><div class='av-share-box'><h5 class='av-share-link-description av-no-toc '>Compartir esta noticia<\/h5><ul class='av-share-box-list noLightbox'><li class='av-share-link av-social-link-facebook' ><a target=\"_blank\" aria-label=\"Compartir en Facebook\" href='https:\/\/www.facebook.com\/sharer.php?u=https:\/\/radiorevelacionfm.cl\/?p=7740&#038;t=Subsecretario%20de%20Energ%C3%ADa%20lanz%C3%B3%20programa%20%E2%80%9CPonle%20Energ%C3%ADa%20a%20Tu%20Pyme%E2%80%9D%20e%20inaugur%C3%B3%20centro%20de%20acopio%20y%20secado%20de%20le%C3%B1a' aria-hidden='false' data-av_icon='\ue8f3' data-av_iconfont='entypo-fontello' title='' data-avia-related-tooltip='Compartir en Facebook' rel=\"noopener\"><span class='avia_hidden_link_text'>Compartir en Facebook<\/span><\/a><\/li><li class='av-share-link av-social-link-twitter' ><a target=\"_blank\" aria-label=\"Compartir en Twitter\" href='https:\/\/twitter.com\/share?text=Subsecretario%20de%20Energ%C3%ADa%20lanz%C3%B3%20programa%20%E2%80%9CPonle%20Energ%C3%ADa%20a%20Tu%20Pyme%E2%80%9D%20e%20inaugur%C3%B3%20centro%20de%20acopio%20y%20secado%20de%20le%C3%B1a&#038;url=https:\/\/radiorevelacionfm.cl\/?p=7740' aria-hidden='false' data-av_icon='\ue8f1' data-av_iconfont='entypo-fontello' title='' data-avia-related-tooltip='Compartir en Twitter' rel=\"noopener\"><span class='avia_hidden_link_text'>Compartir en Twitter<\/span><\/a><\/li><li class='av-share-link av-social-link-whatsapp' ><a target=\"_blank\" aria-label=\"Compartir en Whatsapp\" href='https:\/\/api.whatsapp.com\/send?text=https:\/\/radiorevelacionfm.cl\/?p=7740' aria-hidden='false' data-av_icon='\uf232' data-av_iconfont='entypo-fontello' title='' data-avia-related-tooltip='Compartir en Whatsapp' rel=\"noopener\"><span class='avia_hidden_link_text'>Compartir en Whatsapp<\/span><\/a><\/li><li class='av-share-link av-social-link-linkedin' ><a target=\"_blank\" aria-label=\"Compartir en LinkedIn\" href='https:\/\/linkedin.com\/shareArticle?mini=true&#038;title=Subsecretario%20de%20Energ%C3%ADa%20lanz%C3%B3%20programa%20%E2%80%9CPonle%20Energ%C3%ADa%20a%20Tu%20Pyme%E2%80%9D%20e%20inaugur%C3%B3%20centro%20de%20acopio%20y%20secado%20de%20le%C3%B1a&#038;url=https:\/\/radiorevelacionfm.cl\/?p=7740' aria-hidden='false' data-av_icon='\ue8fc' data-av_iconfont='entypo-fontello' title='' data-avia-related-tooltip='Compartir en LinkedIn' rel=\"noopener\"><span class='avia_hidden_link_text'>Compartir en LinkedIn<\/span><\/a><\/li><li class='av-share-link av-social-link-mail' ><a  aria-label=\"Compartir por correo\" href='mailto:?subject=Subsecretario%20de%20Energ%C3%ADa%20lanz%C3%B3%20programa%20%E2%80%9CPonle%20Energ%C3%ADa%20a%20Tu%20Pyme%E2%80%9D%20e%20inaugur%C3%B3%20centro%20de%20acopio%20y%20secado%20de%20le%C3%B1a&#038;body=https:\/\/radiorevelacionfm.cl\/?p=7740' aria-hidden='false' data-av_icon='\ue805' data-av_iconfont='entypo-fontello' title='' data-avia-related-tooltip='Compartir por correo'><span class='avia_hidden_link_text'>Compartir por correo<\/span><\/a><\/li><\/ul><\/div><\/div>\n<div  style='height:50px' class='hr hr-invisible   avia-builder-el-8  el_after_av_social_share  el_before_av_comments_list '><span class='hr-inner ' ><span class='hr-inner-style'><\/span><\/span><\/div>\n<div  class='av-buildercomment  av-blog-meta-html-info-disabled av-blog-meta-tag-disabled  '><\/div>\n","protected":false},"excerpt":{"rendered":"","protected":false},"author":1,"featured_media":7741,"comment_status":"open","ping_status":"open","sticky":false,"template":"","format":"standard","meta":{"footnotes":""},"categories":[38],"tags":[],"class_list":["post-7740","post","type-post","status-publish","format-standard","has-post-thumbnail","hentry","category-regional"],"jetpack_featured_media_url":"https:\/\/radiorevelacionfm.cl\/wp-content\/uploads\/2021\/08\/energia-1-1_optimized.jpg","_links":{"self":[{"href":"https:\/\/radiorevelacionfm.cl\/index.php?rest_route=\/wp\/v2\/posts\/7740","targetHints":{"allow":["GET"]}}],"collection":[{"href":"https:\/\/radiorevelacionfm.cl\/index.php?rest_route=\/wp\/v2\/posts"}],"about":[{"href":"https:\/\/radiorevelacionfm.cl\/index.php?rest_route=\/wp\/v2\/types\/post"}],"author":[{"embeddable":true,"href":"https:\/\/radiorevelacionfm.cl\/index.php?rest_route=\/wp\/v2\/users\/1"}],"replies":[{"embeddable":true,"href":"https:\/\/radiorevelacionfm.cl\/index.php?rest_route=%2Fwp%2Fv2%2Fcomments&post=7740"}],"version-history":[{"count":1,"href":"https:\/\/radiorevelacionfm.cl\/index.php?rest_route=\/wp\/v2\/posts\/7740\/revisions"}],"predecessor-version":[{"id":7742,"href":"https:\/\/radiorevelacionfm.cl\/index.php?rest_route=\/wp\/v2\/posts\/7740\/revisions\/7742"}],"wp:featuredmedia":[{"embeddable":true,"href":"https:\/\/radiorevelacionfm.cl\/index.php?rest_route=\/wp\/v2\/media\/7741"}],"wp:attachment":[{"href":"https:\/\/radiorevelacionfm.cl\/index.php?rest_route=%2Fwp%2Fv2%2Fmedia&parent=7740"}],"wp:term":[{"taxonomy":"category","embeddable":true,"href":"https:\/\/radiorevelacionfm.cl\/index.php?rest_route=%2Fwp%2Fv2%2Fcategories&post=7740"},{"taxonomy":"post_tag","embeddable":true,"href":"https:\/\/radiorevelacionfm.cl\/index.php?rest_route=%2Fwp%2Fv2%2Ftags&post=7740"}],"curies":[{"name":"wp","href":"https:\/\/api.w.org\/{rel}","templated":true}]}}