{"id":7730,"date":"2021-08-20T20:49:11","date_gmt":"2021-08-20T23:49:11","guid":{"rendered":"https:\/\/radiorevelacionfm.cl\/?p=7730"},"modified":"2021-08-20T21:09:35","modified_gmt":"2021-08-21T00:09:35","slug":"carabineros-de-chile-chico-logro-reunir-a-un-hijo-con-su-madre-tras-45-anos-de-separacion","status":"publish","type":"post","link":"https:\/\/radiorevelacionfm.cl\/?p=7730","title":{"rendered":"Carabineros de Chile Chico logr\u00f3 reunir a un hijo con su madre tras 45 a\u00f1os de separaci\u00f3n"},"content":{"rendered":"<div class=\"flex_column av_one_full  flex_column_div av-zero-column-padding first  avia-builder-el-0  el_before_av_one_full  avia-builder-el-first  \" style='border-radius:0px; '><div  class='avia-image-container  av-styling-    avia-builder-el-1  avia-builder-el-no-sibling  avia-align-center '  itemprop=\"image\" itemscope=\"itemscope\" itemtype=\"https:\/\/schema.org\/ImageObject\"  ><div class='avia-image-container-inner'><div class='avia-image-overlay-wrap'><img decoding=\"async\" class='wp-image-7735 avia-img-lazy-loading-not-7735 avia_image' src=\"https:\/\/radiorevelacionfm.cl\/wp-content\/uploads\/2021\/08\/C-CH0-1-1.jpg\" alt='' title='C-CH0 (1) (1)' height=\"600\" width=\"954\"  itemprop=\"thumbnailUrl\" srcset=\"https:\/\/radiorevelacionfm.cl\/wp-content\/uploads\/2021\/08\/C-CH0-1-1.jpg 954w, https:\/\/radiorevelacionfm.cl\/wp-content\/uploads\/2021\/08\/C-CH0-1-1-300x189.jpg 300w, https:\/\/radiorevelacionfm.cl\/wp-content\/uploads\/2021\/08\/C-CH0-1-1-768x483.jpg 768w, https:\/\/radiorevelacionfm.cl\/wp-content\/uploads\/2021\/08\/C-CH0-1-1-705x443.jpg 705w, https:\/\/radiorevelacionfm.cl\/wp-content\/uploads\/2021\/08\/C-CH0-1-1-600x377.jpg 600w\" sizes=\"(max-width: 954px) 100vw, 954px\" \/><\/div><\/div><\/div><\/div>\n<div class=\"flex_column av_one_full  flex_column_div av-zero-column-padding first  avia-builder-el-2  el_after_av_one_full  el_before_av_one_full  column-top-margin\" style='border-radius:0px; '><section class=\"av_textblock_section \"  itemscope=\"itemscope\" itemtype=\"https:\/\/schema.org\/BlogPosting\" itemprop=\"blogPost\" ><div class='avia_textblock  '   itemprop=\"text\" ><p style=\"text-align: center;\"><strong><span style=\"font-size: 18pt;\">Carabineros de Chile Chico logr\u00f3 reunir a un hijo con su madre tras 45 a\u00f1os de separaci\u00f3n<\/span><\/strong><\/p>\n<div id=\"gtx-trans\" style=\"position: absolute; left: -50px; top: 4.31534px;\">\n<div class=\"gtx-trans-icon\"><\/div>\n<\/div>\n<\/div><\/section><\/div>\n<div class=\"flex_column av_one_full  flex_column_div av-zero-column-padding first  avia-builder-el-4  el_after_av_one_full  el_before_av_hr  column-top-margin\" style='border-radius:0px; '><section class=\"av_textblock_section \"  itemscope=\"itemscope\" itemtype=\"https:\/\/schema.org\/BlogPosting\" itemprop=\"blogPost\" ><div class='avia_textblock  '   itemprop=\"text\" ><div>\n<p class=\"v1MsoNormal\" style=\"text-align: justify;\">Bast\u00f3 menos de una hora de diligencias por parte de personal de la Oficina de Integraci\u00f3n Comunitaria de dotaci\u00f3n de la Tercera Comisar\u00eda de Carabineros de Chile Chico (F) para lograr el reencuentro entre un hijo y su madre, luego de 45 a\u00f1os sin verse.<\/p>\n<p class=\"v1MsoNormal\" style=\"text-align: justify;\">Un llamado a la oficina de guardia de dicha Unidad proveniente desde la\u00a0 ciudad de La Serena \u2013ubicada a m\u00e1s de 2.300 kil\u00f3metros de distancia en la zona norte del pa\u00eds- daba cuenta de una persona de sexo masculino, quien explic\u00f3 al personal su inter\u00e9s en encontrar a su madre de nombre Georgina, de qui\u00e9n no ten\u00eda del todo certeza si viv\u00eda o no en esta comuna, a la cual dej\u00f3 de ver \u2013en la ciudad de Temuco- a los 5 a\u00f1os de haber nacido.<\/p>\n<p class=\"v1MsoNormal\" style=\"text-align: justify;\"><b>Videollamada<\/b><\/p>\n<p class=\"v1MsoNormal\" style=\"text-align: justify;\">Los antecedentes preliminares fueron entregados al personal del servicio en la poblaci\u00f3n, quienes en pocos minutos dieron con el domicilio de la madre, indic\u00e1ndole que un hijo suyo en el norte del pa\u00eds la estaba buscando.<\/p>\n<p class=\"v1MsoNormal\" style=\"text-align: justify;\">M\u00e1s tarde, la vecina se acerc\u00f3 a la Tercera Comisar\u00eda (F) siendo atendida por el Sargento 2do. Alexis Jaramillo Parada, Jefe de la Oficina de Integraci\u00f3n Comunitaria, quien le expres\u00f3 la importancia de esta comunicaci\u00f3n y el reencuentro propiamente tal para las personas, m\u00e1s a\u00fan en momentos de distanciamiento f\u00edsico producto de la pandemia, donde la familia anhela estar unida y junto a los suyos.<\/p>\n<p class=\"v1MsoNormal\" style=\"text-align: justify;\">Tras lo anterior y aprovechando la tecnolog\u00eda \u2013previa autorizaci\u00f3n de la ciudadana- Carabineros realiz\u00f3 una videollamada al hijo de \u00e9sta, en la ciudad de La Serena, con la finalidad que ambos se pudieran conocer.<\/p>\n<p class=\"v1MsoNormal\" style=\"text-align: justify;\">\u00abLo llamamos, \u00e9l acept\u00f3 la llamada, pudieron conversar, les dejamos el n\u00famero registrado para que pudieran hablar v\u00eda internet o por whatsapp, logrando concretar el reencuentro, toda vez que hac\u00eda 45 a\u00f1os que no se ve\u00edan\u00bb, expres\u00f3 el Sargento 2do. Jaramillo.<\/p>\n<p class=\"v1MsoNormal\" style=\"text-align: justify;\"><b>Hijo a\u00f1ora venir a la regi\u00f3n<\/b><\/p>\n<p class=\"v1MsoNormal\" style=\"text-align: justify;\">El jefe de la Oficina Comunitaria indic\u00f3 que el hijo de la vecina de Chile Chico, hab\u00eda realizado previamente una indagatoria a trav\u00e9s de redes sociales, logrando obtener indicios sobre su eventual residencia en la ciudad lacustre.<\/p>\n<p class=\"v1MsoNormal\" style=\"text-align: justify;\">La ciudadana desconoc\u00eda el trabajo que desarrolla Carabineros para la ubicaci\u00f3n de personas, en tanto que el personal le hizo entrega de un presente.<\/p>\n<p class=\"v1MsoNormal\" style=\"text-align: justify;\">En tiempos de pandemia los corazones se ablandan y surge el miedo de poder morir de un momento a otro y no conocer a la otra persona<\/p>\n<p class=\"v1MsoNormal\" style=\"text-align: justify;\">\u00abElla qued\u00f3 muy feliz, muy agradecida y su hijo igual estaba muy sorprendido de haberla encontrado. \u00c9l la hab\u00eda buscado en un minuto, pero no imagin\u00f3 que la \u00edbamos a encontrar tan r\u00e1pidamente\u00bb, a\u00f1adi\u00f3.<\/p>\n<p class=\"v1MsoNormal\" style=\"text-align: justify;\">Tras el contacto, el hijo espera poder realizar una visita a fin de a\u00f1o, con la finalidad de poder viajar a Chile Chico -regi\u00f3n de Ays\u00e9n- y poder reencontrarse y conocer en persona a su madre y poner t\u00e9rmino a 45 a\u00f1os de separaci\u00f3n.<\/p>\n<\/div>\n<div style=\"text-align: justify;\"><\/div>\n<\/div><\/section><\/div><div  style='height:50px' class='hr hr-invisible   avia-builder-el-6  el_after_av_one_full  el_before_av_social_share '><span class='hr-inner ' ><span class='hr-inner-style'><\/span><\/span><\/div><\/p>\n<div  class='av-social-sharing-box  avia-builder-el-7  el_after_av_hr  el_before_av_hr  '><div class='av-share-box'><h5 class='av-share-link-description av-no-toc '>Compartir esta noticia<\/h5><ul class='av-share-box-list noLightbox'><li class='av-share-link av-social-link-facebook' ><a target=\"_blank\" aria-label=\"Compartir en Facebook\" href='https:\/\/www.facebook.com\/sharer.php?u=https:\/\/radiorevelacionfm.cl\/?p=7730&#038;t=Carabineros%20de%20Chile%20Chico%20logr%C3%B3%20reunir%20a%20un%20hijo%20con%20su%20madre%20tras%2045%20a%C3%B1os%20de%20separaci%C3%B3n' aria-hidden='false' data-av_icon='\ue8f3' data-av_iconfont='entypo-fontello' title='' data-avia-related-tooltip='Compartir en Facebook' rel=\"noopener\"><span class='avia_hidden_link_text'>Compartir en Facebook<\/span><\/a><\/li><li class='av-share-link av-social-link-twitter' ><a target=\"_blank\" aria-label=\"Compartir en Twitter\" href='https:\/\/twitter.com\/share?text=Carabineros%20de%20Chile%20Chico%20logr%C3%B3%20reunir%20a%20un%20hijo%20con%20su%20madre%20tras%2045%20a%C3%B1os%20de%20separaci%C3%B3n&#038;url=https:\/\/radiorevelacionfm.cl\/?p=7730' aria-hidden='false' data-av_icon='\ue8f1' data-av_iconfont='entypo-fontello' title='' data-avia-related-tooltip='Compartir en Twitter' rel=\"noopener\"><span class='avia_hidden_link_text'>Compartir en Twitter<\/span><\/a><\/li><li class='av-share-link av-social-link-whatsapp' ><a target=\"_blank\" aria-label=\"Compartir en Whatsapp\" href='https:\/\/api.whatsapp.com\/send?text=https:\/\/radiorevelacionfm.cl\/?p=7730' aria-hidden='false' data-av_icon='\uf232' data-av_iconfont='entypo-fontello' title='' data-avia-related-tooltip='Compartir en Whatsapp' rel=\"noopener\"><span class='avia_hidden_link_text'>Compartir en Whatsapp<\/span><\/a><\/li><li class='av-share-link av-social-link-linkedin' ><a target=\"_blank\" aria-label=\"Compartir en LinkedIn\" href='https:\/\/linkedin.com\/shareArticle?mini=true&#038;title=Carabineros%20de%20Chile%20Chico%20logr%C3%B3%20reunir%20a%20un%20hijo%20con%20su%20madre%20tras%2045%20a%C3%B1os%20de%20separaci%C3%B3n&#038;url=https:\/\/radiorevelacionfm.cl\/?p=7730' aria-hidden='false' data-av_icon='\ue8fc' data-av_iconfont='entypo-fontello' title='' data-avia-related-tooltip='Compartir en LinkedIn' rel=\"noopener\"><span class='avia_hidden_link_text'>Compartir en LinkedIn<\/span><\/a><\/li><li class='av-share-link av-social-link-mail' ><a  aria-label=\"Compartir por correo\" href='mailto:?subject=Carabineros%20de%20Chile%20Chico%20logr%C3%B3%20reunir%20a%20un%20hijo%20con%20su%20madre%20tras%2045%20a%C3%B1os%20de%20separaci%C3%B3n&#038;body=https:\/\/radiorevelacionfm.cl\/?p=7730' aria-hidden='false' data-av_icon='\ue805' data-av_iconfont='entypo-fontello' title='' data-avia-related-tooltip='Compartir por correo'><span class='avia_hidden_link_text'>Compartir por correo<\/span><\/a><\/li><\/ul><\/div><\/div>\n<div  style='height:50px' class='hr hr-invisible   avia-builder-el-8  el_after_av_social_share  el_before_av_comments_list '><span class='hr-inner ' ><span class='hr-inner-style'><\/span><\/span><\/div>\n<div  class='av-buildercomment  av-blog-meta-html-info-disabled av-blog-meta-tag-disabled  '><\/div>\n","protected":false},"excerpt":{"rendered":"","protected":false},"author":1,"featured_media":7735,"comment_status":"open","ping_status":"open","sticky":false,"template":"","format":"standard","meta":{"footnotes":""},"categories":[36],"tags":[],"class_list":["post-7730","post","type-post","status-publish","format-standard","has-post-thumbnail","hentry","category-policial"],"jetpack_featured_media_url":"https:\/\/radiorevelacionfm.cl\/wp-content\/uploads\/2021\/08\/C-CH0-1-1.jpg","_links":{"self":[{"href":"https:\/\/radiorevelacionfm.cl\/index.php?rest_route=\/wp\/v2\/posts\/7730","targetHints":{"allow":["GET"]}}],"collection":[{"href":"https:\/\/radiorevelacionfm.cl\/index.php?rest_route=\/wp\/v2\/posts"}],"about":[{"href":"https:\/\/radiorevelacionfm.cl\/index.php?rest_route=\/wp\/v2\/types\/post"}],"author":[{"embeddable":true,"href":"https:\/\/radiorevelacionfm.cl\/index.php?rest_route=\/wp\/v2\/users\/1"}],"replies":[{"embeddable":true,"href":"https:\/\/radiorevelacionfm.cl\/index.php?rest_route=%2Fwp%2Fv2%2Fcomments&post=7730"}],"version-history":[{"count":4,"href":"https:\/\/radiorevelacionfm.cl\/index.php?rest_route=\/wp\/v2\/posts\/7730\/revisions"}],"predecessor-version":[{"id":7737,"href":"https:\/\/radiorevelacionfm.cl\/index.php?rest_route=\/wp\/v2\/posts\/7730\/revisions\/7737"}],"wp:featuredmedia":[{"embeddable":true,"href":"https:\/\/radiorevelacionfm.cl\/index.php?rest_route=\/wp\/v2\/media\/7735"}],"wp:attachment":[{"href":"https:\/\/radiorevelacionfm.cl\/index.php?rest_route=%2Fwp%2Fv2%2Fmedia&parent=7730"}],"wp:term":[{"taxonomy":"category","embeddable":true,"href":"https:\/\/radiorevelacionfm.cl\/index.php?rest_route=%2Fwp%2Fv2%2Fcategories&post=7730"},{"taxonomy":"post_tag","embeddable":true,"href":"https:\/\/radiorevelacionfm.cl\/index.php?rest_route=%2Fwp%2Fv2%2Ftags&post=7730"}],"curies":[{"name":"wp","href":"https:\/\/api.w.org\/{rel}","templated":true}]}}