{"id":7725,"date":"2021-08-20T17:44:46","date_gmt":"2021-08-20T20:44:46","guid":{"rendered":"https:\/\/radiorevelacionfm.cl\/?p=7725"},"modified":"2021-08-20T17:44:46","modified_gmt":"2021-08-20T20:44:46","slug":"juan-patricio-silva-juro-como-secretario-titular-de-la-corte-de-apelaciones-de-coyhaique","status":"publish","type":"post","link":"https:\/\/radiorevelacionfm.cl\/?p=7725","title":{"rendered":"Juan Patricio Silva jur\u00f3 como secretario titular de la Corte de Apelaciones de Coyhaique"},"content":{"rendered":"<div class=\"flex_column av_one_full  flex_column_div av-zero-column-padding first  avia-builder-el-0  el_before_av_one_full  avia-builder-el-first  \" style='border-radius:0px; '><div  class='avia-image-container  av-styling-    avia-builder-el-1  avia-builder-el-no-sibling  avia-align-center '  itemprop=\"image\" itemscope=\"itemscope\" itemtype=\"https:\/\/schema.org\/ImageObject\"  ><div class='avia-image-container-inner'><div class='avia-image-overlay-wrap'><img decoding=\"async\" class='wp-image-7726 avia-img-lazy-loading-not-7726 avia_image' src=\"https:\/\/radiorevelacionfm.cl\/wp-content\/uploads\/2021\/08\/magistrado-patricio-silva-1-1.jpg\" alt='' title='magistrado patricio silva (1) (1)' height=\"600\" width=\"900\"  itemprop=\"thumbnailUrl\" srcset=\"https:\/\/radiorevelacionfm.cl\/wp-content\/uploads\/2021\/08\/magistrado-patricio-silva-1-1.jpg 900w, https:\/\/radiorevelacionfm.cl\/wp-content\/uploads\/2021\/08\/magistrado-patricio-silva-1-1-300x200.jpg 300w, https:\/\/radiorevelacionfm.cl\/wp-content\/uploads\/2021\/08\/magistrado-patricio-silva-1-1-768x512.jpg 768w, https:\/\/radiorevelacionfm.cl\/wp-content\/uploads\/2021\/08\/magistrado-patricio-silva-1-1-705x470.jpg 705w, https:\/\/radiorevelacionfm.cl\/wp-content\/uploads\/2021\/08\/magistrado-patricio-silva-1-1-600x400.jpg 600w\" sizes=\"(max-width: 900px) 100vw, 900px\" \/><\/div><\/div><\/div><\/div><div class=\"flex_column av_one_full  flex_column_div av-zero-column-padding first  avia-builder-el-2  el_after_av_one_full  el_before_av_one_full  column-top-margin\" style='border-radius:0px; '><section class=\"av_textblock_section \"  itemscope=\"itemscope\" itemtype=\"https:\/\/schema.org\/BlogPosting\" itemprop=\"blogPost\" ><div class='avia_textblock  '   itemprop=\"text\" ><p style=\"text-align: center;\"><strong><span style=\"font-size: 18pt;\">Juan Patricio Silva jur\u00f3 como secretario titular de la Corte de Apelaciones de Coyhaique<\/span><\/strong><\/p>\n<div id=\"gtx-trans\" style=\"position: absolute; left: -50px; top: 4.31534px;\">\n<div class=\"gtx-trans-icon\"><\/div>\n<\/div>\n<\/div><\/section><\/div><div class=\"flex_column av_one_full  flex_column_div av-zero-column-padding first  avia-builder-el-4  el_after_av_one_full  el_before_av_hr  column-top-margin\" style='border-radius:0px; '><section class=\"av_textblock_section \"  itemscope=\"itemscope\" itemtype=\"https:\/\/schema.org\/BlogPosting\" itemprop=\"blogPost\" ><div class='avia_textblock  '   itemprop=\"text\" ><p style=\"font-weight: 400; text-align: justify;\">A trav\u00e9s de una ceremonia virtual, la presidenta de la Corte de Apelaciones de Coyhaique, ministra Natalia Rencoret Oliva, tom\u00f3 juramento al magistrado Juan Patricio Silva Pedreros como secretario titular de la Corte de Apelaciones de Coyhaique.<\/p>\n<p style=\"font-weight: 400; text-align: justify;\">En la instancia, el egresado de la Universidad de Concepci\u00f3n fue acompa\u00f1ado por ministros del tribunal de alzada, jueces y funcionarios de la jurisdicci\u00f3n, as\u00ed como familiares y amigos.<\/p>\n<p style=\"font-weight: 400; text-align: justify;\">\u201cNos alegramos mucho con el nombramiento de Juan Patricio. Estamos seguros de que ser\u00e1 un aporte, ya que tiene una trayectoria que lo v\u00e1lida y tiene m\u00e9ritos y habilidades de sobra para el rol de secretario titular de esta Corte de Apelaciones\u201d, sostuvo la presidenta del tribunal de alzada.<\/p>\n<p style=\"font-weight: 400; text-align: justify;\">Por su parte, durante la ceremonia, el secretario Silva indic\u00f3 que \u201cquiero agradecer a la presidenta y los ministros de la Corte de Apelaciones por haber confiado en m\u00ed y mi trabajo. Quiero agradecer tambi\u00e9n a los funcionarios de mi ex tribunal el Juzgado de Letras, Garant\u00eda y Familia de Puerto Ays\u00e9n por todos los a\u00f1os que colaboraron con este magistrado, y por cierto agradecer a mi colega el juez Rodrigo Grez con quien compart\u00ed por cuatro a\u00f1os en la jurisdicci\u00f3n\u201d.<\/p>\n<p style=\"font-weight: 400; text-align: justify;\">\u201cComo siempre agradecer a mi familia, mi se\u00f1ora y mis hijas. Dar\u00e9 lo mejor para poder corresponder a las expectativas que tiene el Poder Judicial y la Corte de Apelaciones en relaci\u00f3n con el cargo que vengo llamado a servir\u201d, dijo\u00a0 Juan Patricio Silva.<\/p>\n<p style=\"font-weight: 400; text-align: justify;\">Su ingreso al Poder Judicial fue en el a\u00f1o 2000, realizando diversas labores, entre ellas: juez del 2\u00ba Juzgado del Trabajo de Santiago, juez de Familia de Talcahuano, juez del 2\u00ba Juzgado de Menores de Concepci\u00f3n; y secretario titular y magistrado titular del Juzgado de Letras, Garant\u00eda y Familia de Puerto Cisnes.<\/p>\n<p style=\"font-weight: 400; text-align: justify;\">Los \u00faltimos 10 a\u00f1os, el secretario Silva se desempe\u00f1\u00f3 como juez titular del Juzgado de Letras, Garant\u00eda y Familia de Puerto Ays\u00e9n.<\/p>\n<\/div><\/section><\/div><div  style='height:50px' class='hr hr-invisible   avia-builder-el-6  el_after_av_one_full  el_before_av_social_share '><span class='hr-inner ' ><span class='hr-inner-style'><\/span><\/span><\/div><\/p>\n<div  class='av-social-sharing-box  avia-builder-el-7  el_after_av_hr  el_before_av_hr  '><div class='av-share-box'><h5 class='av-share-link-description av-no-toc '>Compartir esta noticia<\/h5><ul class='av-share-box-list noLightbox'><li class='av-share-link av-social-link-facebook' ><a target=\"_blank\" aria-label=\"Compartir en Facebook\" href='https:\/\/www.facebook.com\/sharer.php?u=https:\/\/radiorevelacionfm.cl\/?p=7725&#038;t=Juan%20Patricio%20Silva%20jur%C3%B3%20como%20secretario%20titular%20de%20la%20Corte%20de%20Apelaciones%20de%20Coyhaique' aria-hidden='false' data-av_icon='\ue8f3' data-av_iconfont='entypo-fontello' title='' data-avia-related-tooltip='Compartir en Facebook' rel=\"noopener\"><span class='avia_hidden_link_text'>Compartir en Facebook<\/span><\/a><\/li><li class='av-share-link av-social-link-twitter' ><a target=\"_blank\" aria-label=\"Compartir en Twitter\" href='https:\/\/twitter.com\/share?text=Juan%20Patricio%20Silva%20jur%C3%B3%20como%20secretario%20titular%20de%20la%20Corte%20de%20Apelaciones%20de%20Coyhaique&#038;url=https:\/\/radiorevelacionfm.cl\/?p=7725' aria-hidden='false' data-av_icon='\ue8f1' data-av_iconfont='entypo-fontello' title='' data-avia-related-tooltip='Compartir en Twitter' rel=\"noopener\"><span class='avia_hidden_link_text'>Compartir en Twitter<\/span><\/a><\/li><li class='av-share-link av-social-link-whatsapp' ><a target=\"_blank\" aria-label=\"Compartir en Whatsapp\" href='https:\/\/api.whatsapp.com\/send?text=https:\/\/radiorevelacionfm.cl\/?p=7725' aria-hidden='false' data-av_icon='\uf232' data-av_iconfont='entypo-fontello' title='' data-avia-related-tooltip='Compartir en Whatsapp' rel=\"noopener\"><span class='avia_hidden_link_text'>Compartir en Whatsapp<\/span><\/a><\/li><li class='av-share-link av-social-link-linkedin' ><a target=\"_blank\" aria-label=\"Compartir en LinkedIn\" href='https:\/\/linkedin.com\/shareArticle?mini=true&#038;title=Juan%20Patricio%20Silva%20jur%C3%B3%20como%20secretario%20titular%20de%20la%20Corte%20de%20Apelaciones%20de%20Coyhaique&#038;url=https:\/\/radiorevelacionfm.cl\/?p=7725' aria-hidden='false' data-av_icon='\ue8fc' data-av_iconfont='entypo-fontello' title='' data-avia-related-tooltip='Compartir en LinkedIn' rel=\"noopener\"><span class='avia_hidden_link_text'>Compartir en LinkedIn<\/span><\/a><\/li><li class='av-share-link av-social-link-mail' ><a  aria-label=\"Compartir por correo\" href='mailto:?subject=Juan%20Patricio%20Silva%20jur%C3%B3%20como%20secretario%20titular%20de%20la%20Corte%20de%20Apelaciones%20de%20Coyhaique&#038;body=https:\/\/radiorevelacionfm.cl\/?p=7725' aria-hidden='false' data-av_icon='\ue805' data-av_iconfont='entypo-fontello' title='' data-avia-related-tooltip='Compartir por correo'><span class='avia_hidden_link_text'>Compartir por correo<\/span><\/a><\/li><\/ul><\/div><\/div>\n<div  style='height:50px' class='hr hr-invisible   avia-builder-el-8  el_after_av_social_share  el_before_av_comments_list '><span class='hr-inner ' ><span class='hr-inner-style'><\/span><\/span><\/div>\n<div  class='av-buildercomment  av-blog-meta-html-info-disabled av-blog-meta-tag-disabled  '><\/div>\n","protected":false},"excerpt":{"rendered":"","protected":false},"author":1,"featured_media":7726,"comment_status":"open","ping_status":"open","sticky":false,"template":"","format":"standard","meta":{"footnotes":""},"categories":[55],"tags":[],"class_list":["post-7725","post","type-post","status-publish","format-standard","has-post-thumbnail","hentry","category-justicia"],"jetpack_featured_media_url":"https:\/\/radiorevelacionfm.cl\/wp-content\/uploads\/2021\/08\/magistrado-patricio-silva-1-1.jpg","_links":{"self":[{"href":"https:\/\/radiorevelacionfm.cl\/index.php?rest_route=\/wp\/v2\/posts\/7725","targetHints":{"allow":["GET"]}}],"collection":[{"href":"https:\/\/radiorevelacionfm.cl\/index.php?rest_route=\/wp\/v2\/posts"}],"about":[{"href":"https:\/\/radiorevelacionfm.cl\/index.php?rest_route=\/wp\/v2\/types\/post"}],"author":[{"embeddable":true,"href":"https:\/\/radiorevelacionfm.cl\/index.php?rest_route=\/wp\/v2\/users\/1"}],"replies":[{"embeddable":true,"href":"https:\/\/radiorevelacionfm.cl\/index.php?rest_route=%2Fwp%2Fv2%2Fcomments&post=7725"}],"version-history":[{"count":1,"href":"https:\/\/radiorevelacionfm.cl\/index.php?rest_route=\/wp\/v2\/posts\/7725\/revisions"}],"predecessor-version":[{"id":7727,"href":"https:\/\/radiorevelacionfm.cl\/index.php?rest_route=\/wp\/v2\/posts\/7725\/revisions\/7727"}],"wp:featuredmedia":[{"embeddable":true,"href":"https:\/\/radiorevelacionfm.cl\/index.php?rest_route=\/wp\/v2\/media\/7726"}],"wp:attachment":[{"href":"https:\/\/radiorevelacionfm.cl\/index.php?rest_route=%2Fwp%2Fv2%2Fmedia&parent=7725"}],"wp:term":[{"taxonomy":"category","embeddable":true,"href":"https:\/\/radiorevelacionfm.cl\/index.php?rest_route=%2Fwp%2Fv2%2Fcategories&post=7725"},{"taxonomy":"post_tag","embeddable":true,"href":"https:\/\/radiorevelacionfm.cl\/index.php?rest_route=%2Fwp%2Fv2%2Ftags&post=7725"}],"curies":[{"name":"wp","href":"https:\/\/api.w.org\/{rel}","templated":true}]}}