{"id":7719,"date":"2021-08-20T16:43:49","date_gmt":"2021-08-20T19:43:49","guid":{"rendered":"https:\/\/radiorevelacionfm.cl\/?p=7719"},"modified":"2021-08-20T16:43:49","modified_gmt":"2021-08-20T19:43:49","slug":"apostando-por-la-electromovilidad-se-lanzo-convocatoria-de-programa-renueva-tu-colectivo-2021","status":"publish","type":"post","link":"https:\/\/radiorevelacionfm.cl\/?p=7719","title":{"rendered":"Apostando por la electromovilidad se lanz\u00f3 convocatoria de Programa Renueva tu Colectivo 2021"},"content":{"rendered":"<div class=\"flex_column av_one_full  flex_column_div av-zero-column-padding first  avia-builder-el-0  el_before_av_one_full  avia-builder-el-first  \" style='border-radius:0px; '><div  class='avia-image-container  av-styling-    avia-builder-el-1  avia-builder-el-no-sibling  avia-align-center '  itemprop=\"image\" itemscope=\"itemscope\" itemtype=\"https:\/\/schema.org\/ImageObject\"  ><div class='avia-image-container-inner'><div class='avia-image-overlay-wrap'><img decoding=\"async\" class='wp-image-7720 avia-img-lazy-loading-not-7720 avia_image' src=\"https:\/\/radiorevelacionfm.cl\/wp-content\/uploads\/2021\/08\/DSC_4823-1.jpg\" alt='' title='DSC_4823 (1)' height=\"600\" width=\"847\"  itemprop=\"thumbnailUrl\" srcset=\"https:\/\/radiorevelacionfm.cl\/wp-content\/uploads\/2021\/08\/DSC_4823-1.jpg 847w, https:\/\/radiorevelacionfm.cl\/wp-content\/uploads\/2021\/08\/DSC_4823-1-300x213.jpg 300w, https:\/\/radiorevelacionfm.cl\/wp-content\/uploads\/2021\/08\/DSC_4823-1-768x544.jpg 768w, https:\/\/radiorevelacionfm.cl\/wp-content\/uploads\/2021\/08\/DSC_4823-1-260x185.jpg 260w, https:\/\/radiorevelacionfm.cl\/wp-content\/uploads\/2021\/08\/DSC_4823-1-845x600.jpg 845w, https:\/\/radiorevelacionfm.cl\/wp-content\/uploads\/2021\/08\/DSC_4823-1-705x499.jpg 705w, https:\/\/radiorevelacionfm.cl\/wp-content\/uploads\/2021\/08\/DSC_4823-1-600x425.jpg 600w\" sizes=\"(max-width: 847px) 100vw, 847px\" \/><\/div><\/div><\/div><\/div><div class=\"flex_column av_one_full  flex_column_div av-zero-column-padding first  avia-builder-el-2  el_after_av_one_full  el_before_av_one_full  column-top-margin\" style='border-radius:0px; '><section class=\"av_textblock_section \"  itemscope=\"itemscope\" itemtype=\"https:\/\/schema.org\/BlogPosting\" itemprop=\"blogPost\" ><div class='avia_textblock  '   itemprop=\"text\" ><p style=\"text-align: center;\"><strong><span style=\"font-size: 18pt;\">Apostando por la electromovilidad se lanz\u00f3 convocatoria de Programa Renueva tu Colectivo 2021<\/span><\/strong><\/p>\n<div id=\"gtx-trans\" style=\"position: absolute; left: -50px; top: 4.31534px;\">\n<div class=\"gtx-trans-icon\"><\/div>\n<\/div>\n<\/div><\/section><\/div><div class=\"flex_column av_one_full  flex_column_div av-zero-column-padding first  avia-builder-el-4  el_after_av_one_full  el_before_av_hr  column-top-margin\" style='border-radius:0px; '><section class=\"av_textblock_section \"  itemscope=\"itemscope\" itemtype=\"https:\/\/schema.org\/BlogPosting\" itemprop=\"blogPost\" ><div class='avia_textblock  '   itemprop=\"text\" ><p style=\"font-weight: 400; text-align: justify;\">Ya est\u00e1 vigente la convocatoria para postular al programa Renueva Tu Colectivo, iniciativa cuya finalidad es modernizar la flota de transporte p\u00fablico. A nivel pa\u00eds el Ministerio de Transportes y Telecomunicaciones, en alianza con los Gobiernos Regionales, dispone de Fondos Espejo que este a\u00f1o alcanzar\u00e1n a un monto de 60 millones de pesos, suma con la que ser\u00e1 posible renovar alrededor de 20 veh\u00edculos.<\/p>\n<p style=\"font-weight: 400; text-align: justify;\">Margarita Ossa, Delegada Presidencial Regional de Ays\u00e9n, anunci\u00f3 adem\u00e1s que en su convocatoria 2021 el programa incluye a los taxis colectivos de las l\u00edneas 6 y 21 que iniciaron un pilotaje de electromovilidad en mayo del a\u00f1o 2019. \u201cEstamos propiciando el intercambio de los veh\u00edculos hacia la electromovilidad. Es tremendamente importante porque justamente est\u00e1bamos hablando con los dirigentes de este trabajo, la asociatividad, robustecer su actividad y continuar en esta l\u00ednea porque son buenas noticias para este rubro\u201d, declar\u00f3.<\/p>\n<p style=\"font-weight: 400; text-align: justify;\">Destacando el trabajo del CORE, la Gobernadora Regional Andrea Mac\u00edas, reafirm\u00f3 el compromiso de esta entidad para apoyar este tipo de incentivos y cambiar la forma de c\u00f3mo se trabaja en la locomoci\u00f3n colectiva. \u201cLa verdad es que este programa es un tremendo aporte para nuestra regi\u00f3n. Hemos logrado poder colaborar con $450 millones para 188 nuevos colectivos desde el a\u00f1o 2014 a la fecha y la buena noticia es que estamos comenzando a evaluar la posibilidad de dar un impulso al uso de veh\u00edculos el\u00e9ctricos y que tambi\u00e9n pueda ser una futura alternativa para el recambio de colectivos\u201d.<\/p>\n<p style=\"font-weight: 400; text-align: justify;\">El seremiTT Fabi\u00e1n Rojas, inform\u00f3 que este subsidio var\u00eda seg\u00fan el rendimiento por litro, el tipo de combustible y tambi\u00e9n se entrega un monto adicional a los transportistas que decidan chatarrizar sus antiguos veh\u00edculos, que asciende a 1 mill\u00f3n 200 mil pesos. En lo que respecta a los autos el\u00e9ctricos estos recibir\u00e1n 7 millones 200 mil pesos.<\/p>\n<p style=\"font-weight: 400; text-align: justify;\">\u201cEl transporte colectivo est\u00e1 concentrado en la regi\u00f3n de Ays\u00e9n, en Coyhaique y en Puerto Ays\u00e9n. Este a\u00f1o vamos a hacer una apuesta en la electromovilidad, que es un trabajo que hemos hecho con el Gobierno Regional los \u00faltimos cuatro a\u00f1os. De hecho la Gobernadora ha formado parte de los \u00faltimos Renueva tu Colectivo donde le hemos presentado los proyectos de electromovilidad. Ese es el futuro\u201d, asegur\u00f3.<\/p>\n<p style=\"font-weight: 400; text-align: justify;\">Los dirigentes del rubro de taxis colectivos, manifestaron su agradecimiento a las autoridades por darle continuidad a este subsidio. Luis Oyarz\u00fan, Presidente de la Federaci\u00f3n de Transporte P\u00fablico Menor, explic\u00f3 que \u201cno todos tenemos la oportunidad de ahorrar para comprar una m\u00e1quina o renovarla. Entonces, es sumamente importante tener esto para dar el pie inicial para esta renovaci\u00f3n; porque el taxista vive el d\u00eda y es muy complejo poder ahorrar. Esto es una buena base para renovar el transporte p\u00fablico\u201d.<\/p>\n<p style=\"font-weight: 400; text-align: justify;\">El propietario de uno de los veh\u00edculos del piloto de taxis colectivos el\u00e9ctricos y representante del Consejo Superior de Transportes, Mauricio Vargas, tambi\u00e9n se refiri\u00f3\u00a0 a la importancia de alentar el uso de tecnolog\u00edas limpias en el transporte p\u00fablico, las cuales adem\u00e1s de ser sustentables, tambi\u00e9n son eficientes desde el punto de vista de la operaci\u00f3n.<\/p>\n<p style=\"font-weight: 400; text-align: justify;\">\u201cEs una instancia muy importante para nosotros los taxistas, yo quiero agradecer al seremi de Transportes que se ha jugado por la electromovilidad. A nosotros nos impuls\u00f3 el dirigente Carlos Ch\u00e1vez. Hoy recogimos el guante y estamos promoviendo esto. El veh\u00edculo el\u00e9ctrico cumple con todas las medidas para el transporte p\u00fablico, es eficiente, no contamina y la verdad que como est\u00e1n los precios de los combustibles es una muy buena alternativa para los taxistas. Le hago un llamado a todos para seguir fomentado esto, agradecemos lo que hacen las autoridades para poder fomentar la electromovilidad\u201d, concluy\u00f3.<\/p>\n<p style=\"font-weight: 400; text-align: justify;\">La postulaci\u00f3n al Programa Renueva tu Colectivo se extender\u00e1 hasta el 2 de septiembre, las bases y postulaci\u00f3n est\u00e1n disponibles en el sitio web\u00a0<a href=\"http:\/\/www.goreaysen.cl\/\" data-saferedirecturl=\"https:\/\/www.google.com\/url?q=http:\/\/www.goreaysen.cl&amp;source=gmail&amp;ust=1629573719785000&amp;usg=AFQjCNEZbNgDPYPFs3svHjfrjSENgBnqfw\">www.goreaysen.cl<\/a>.<\/p>\n<p style=\"font-weight: 400; text-align: justify;\">Cabe se\u00f1alar que en total, 185 autom\u00f3viles ya se han renovado mediante este programa en la regi\u00f3n y el total de recursos entregados del 2016 al 2020 alcanza a los 444 millones de pesos.<\/p>\n<\/div><\/section><\/div><div  style='height:50px' class='hr hr-invisible   avia-builder-el-6  el_after_av_one_full  el_before_av_social_share '><span class='hr-inner ' ><span class='hr-inner-style'><\/span><\/span><\/div><\/p>\n<div  class='av-social-sharing-box  avia-builder-el-7  el_after_av_hr  el_before_av_hr  '><div class='av-share-box'><h5 class='av-share-link-description av-no-toc '>Compartir esta noticia<\/h5><ul class='av-share-box-list noLightbox'><li class='av-share-link av-social-link-facebook' ><a target=\"_blank\" aria-label=\"Compartir en Facebook\" href='https:\/\/www.facebook.com\/sharer.php?u=https:\/\/radiorevelacionfm.cl\/?p=7719&#038;t=Apostando%20por%20la%20electromovilidad%20se%20lanz%C3%B3%20convocatoria%20de%20Programa%20Renueva%20tu%20Colectivo%202021' aria-hidden='false' data-av_icon='\ue8f3' data-av_iconfont='entypo-fontello' title='' data-avia-related-tooltip='Compartir en Facebook' rel=\"noopener\"><span class='avia_hidden_link_text'>Compartir en Facebook<\/span><\/a><\/li><li class='av-share-link av-social-link-twitter' ><a target=\"_blank\" aria-label=\"Compartir en Twitter\" href='https:\/\/twitter.com\/share?text=Apostando%20por%20la%20electromovilidad%20se%20lanz%C3%B3%20convocatoria%20de%20Programa%20Renueva%20tu%20Colectivo%202021&#038;url=https:\/\/radiorevelacionfm.cl\/?p=7719' aria-hidden='false' data-av_icon='\ue8f1' data-av_iconfont='entypo-fontello' title='' data-avia-related-tooltip='Compartir en Twitter' rel=\"noopener\"><span class='avia_hidden_link_text'>Compartir en Twitter<\/span><\/a><\/li><li class='av-share-link av-social-link-whatsapp' ><a target=\"_blank\" aria-label=\"Compartir en Whatsapp\" href='https:\/\/api.whatsapp.com\/send?text=https:\/\/radiorevelacionfm.cl\/?p=7719' aria-hidden='false' data-av_icon='\uf232' data-av_iconfont='entypo-fontello' title='' data-avia-related-tooltip='Compartir en Whatsapp' rel=\"noopener\"><span class='avia_hidden_link_text'>Compartir en Whatsapp<\/span><\/a><\/li><li class='av-share-link av-social-link-linkedin' ><a target=\"_blank\" aria-label=\"Compartir en LinkedIn\" href='https:\/\/linkedin.com\/shareArticle?mini=true&#038;title=Apostando%20por%20la%20electromovilidad%20se%20lanz%C3%B3%20convocatoria%20de%20Programa%20Renueva%20tu%20Colectivo%202021&#038;url=https:\/\/radiorevelacionfm.cl\/?p=7719' aria-hidden='false' data-av_icon='\ue8fc' data-av_iconfont='entypo-fontello' title='' data-avia-related-tooltip='Compartir en LinkedIn' rel=\"noopener\"><span class='avia_hidden_link_text'>Compartir en LinkedIn<\/span><\/a><\/li><li class='av-share-link av-social-link-mail' ><a  aria-label=\"Compartir por correo\" href='mailto:?subject=Apostando%20por%20la%20electromovilidad%20se%20lanz%C3%B3%20convocatoria%20de%20Programa%20Renueva%20tu%20Colectivo%202021&#038;body=https:\/\/radiorevelacionfm.cl\/?p=7719' aria-hidden='false' data-av_icon='\ue805' data-av_iconfont='entypo-fontello' title='' data-avia-related-tooltip='Compartir por correo'><span class='avia_hidden_link_text'>Compartir por correo<\/span><\/a><\/li><\/ul><\/div><\/div>\n<div  style='height:50px' class='hr hr-invisible   avia-builder-el-8  el_after_av_social_share  el_before_av_comments_list '><span class='hr-inner ' ><span class='hr-inner-style'><\/span><\/span><\/div>\n<div  class='av-buildercomment  av-blog-meta-html-info-disabled av-blog-meta-tag-disabled  '><\/div>\n","protected":false},"excerpt":{"rendered":"","protected":false},"author":1,"featured_media":7720,"comment_status":"open","ping_status":"open","sticky":false,"template":"","format":"standard","meta":{"footnotes":""},"categories":[59],"tags":[],"class_list":["post-7719","post","type-post","status-publish","format-standard","has-post-thumbnail","hentry","category-transporte"],"jetpack_featured_media_url":"https:\/\/radiorevelacionfm.cl\/wp-content\/uploads\/2021\/08\/DSC_4823-1.jpg","_links":{"self":[{"href":"https:\/\/radiorevelacionfm.cl\/index.php?rest_route=\/wp\/v2\/posts\/7719","targetHints":{"allow":["GET"]}}],"collection":[{"href":"https:\/\/radiorevelacionfm.cl\/index.php?rest_route=\/wp\/v2\/posts"}],"about":[{"href":"https:\/\/radiorevelacionfm.cl\/index.php?rest_route=\/wp\/v2\/types\/post"}],"author":[{"embeddable":true,"href":"https:\/\/radiorevelacionfm.cl\/index.php?rest_route=\/wp\/v2\/users\/1"}],"replies":[{"embeddable":true,"href":"https:\/\/radiorevelacionfm.cl\/index.php?rest_route=%2Fwp%2Fv2%2Fcomments&post=7719"}],"version-history":[{"count":1,"href":"https:\/\/radiorevelacionfm.cl\/index.php?rest_route=\/wp\/v2\/posts\/7719\/revisions"}],"predecessor-version":[{"id":7721,"href":"https:\/\/radiorevelacionfm.cl\/index.php?rest_route=\/wp\/v2\/posts\/7719\/revisions\/7721"}],"wp:featuredmedia":[{"embeddable":true,"href":"https:\/\/radiorevelacionfm.cl\/index.php?rest_route=\/wp\/v2\/media\/7720"}],"wp:attachment":[{"href":"https:\/\/radiorevelacionfm.cl\/index.php?rest_route=%2Fwp%2Fv2%2Fmedia&parent=7719"}],"wp:term":[{"taxonomy":"category","embeddable":true,"href":"https:\/\/radiorevelacionfm.cl\/index.php?rest_route=%2Fwp%2Fv2%2Fcategories&post=7719"},{"taxonomy":"post_tag","embeddable":true,"href":"https:\/\/radiorevelacionfm.cl\/index.php?rest_route=%2Fwp%2Fv2%2Ftags&post=7719"}],"curies":[{"name":"wp","href":"https:\/\/api.w.org\/{rel}","templated":true}]}}